{"id":8186,"date":"2021-05-12T01:54:54","date_gmt":"2021-05-12T01:54:54","guid":{"rendered":"https:\/\/conakrynews.org\/2021\/05\/12\/le-mali-et-la-cote-divoire-decident-de-securiser-leurs-frontieres-communes\/"},"modified":"2021-05-12T01:54:55","modified_gmt":"2021-05-12T01:54:55","slug":"le-mali-et-la-cote-divoire-decident-de-securiser-leurs-frontieres-communes","status":"publish","type":"post","link":"https:\/\/conakrynews.org\/index.php\/le-mali-et-la-cote-divoire-decident-de-securiser-leurs-frontieres-communes\/","title":{"rendered":"Le Mali et la C\u00f4te d&rsquo;Ivoire d\u00e9cident de s\u00e9curiser leurs fronti\u00e8res communes"},"content":{"rendered":"<p><\/p>\n<div>\n<p>AA\/Kan\u00e9 Illa<br \/>Le Mali et la C\u00f4te d&rsquo;Ivoire ont d\u00e9cid\u00e9, mardi, de s\u00e9curiser leurs fronti\u00e8res communes, \u00e0 travers des \u00e9changes des renseignements et des patrouilles entre les arm\u00e9es des deux pays. <\/p>\n<p>La d\u00e9cision a \u00e9t\u00e9 prise \u00e0 l&rsquo;issue d&rsquo;une rencontre tenue dans la capitale malienne par le ministre de la d\u00e9fense du Mali, le colonel Sadio Camara, et son homologue ivoirien T\u00e9n\u00e9 Birahima Ouattara. <\/p>\n<p>\u00ab\u00a0Les hautes autorit\u00e9s militaires maliennes et ivoiriennes ajustent leurs strat\u00e9gies pour des actions conjointes dans la lutte contre le terrorisme et la criminalit\u00e9 sur la fronti\u00e8re commune\u00a0\u00bb, a rapport\u00e9 la direction de l&rsquo;information et des relations publiques des Forces arm\u00e9es maliennes (FAMa) dans le compte-rendu de la rencontre entre les ministres de la d\u00e9fense malien et ivoirien.<\/p>\n<p>\u00ab\u00a0Les ministres, apr\u00e8s avoir fait les points de la situation s\u00e9curitaire et op\u00e9rationnelle de la zone frontali\u00e8re ont d\u00e9cid\u00e9, entre autres, d&rsquo;effectuer des \u00e9changes de renseignements et de proc\u00e9der \u00e0 des patrouilles conjointes ou simultan\u00e9es au niveau de la fronti\u00e8re\u00a0\u00bb, a ajout\u00e9 la m\u00eame source, pr\u00e9cisant que les deux ministres \u00ab\u00a0ont aussi insist\u00e9 sur la tenue de rencontres p\u00e9riodiques entre les commandants de zone de fronti\u00e8re\u00a0\u00bb. <\/p>\n<p>Le Mali et la C\u00f4te d&rsquo;Ivoire partagent une fronti\u00e8re commune d&rsquo;environ 532 kilom\u00e8tres. Depuis quelques ann\u00e9es, des attaques arm\u00e9es attribu\u00e9es aux groupes terroristes bas\u00e9s au Mali sont signal\u00e9es sur cette fronti\u00e8re. <\/p>\n<p>\u00c0 l&rsquo;issue de son conseil des ministres du 13 juillet 2020, le gouvernement ivoirien a annonc\u00e9 la mise en place d&rsquo;une \u00ab\u00a0zone op\u00e9rationnelle\u00a0\u00bb pr\u00e8s de sa fronti\u00e8re avec le Mali. \u00ab\u00a0Devant l&rsquo;ins\u00e9curit\u00e9 persistante aux fronti\u00e8res entre la C\u00f4te d&rsquo;Ivoire, le Mali et le Burkina Faso, du fait de la pr\u00e9sence de groupes arm\u00e9s terroristes dans ces pays voisins et suite \u00e0 l&rsquo;attaque du poste des Forces arm\u00e9es de C\u00f4te d&rsquo;Ivoire (FACI) de Kafolo, le 11 juin 2020, le conseil a autoris\u00e9 la cr\u00e9ation d&rsquo;une zone op\u00e9rationnelle dans le nord de notre pays\u00a0\u00bb, avait annonc\u00e9 le gouvernement ivoirien.<\/p>\n<p>                            <span class=\"detay-foto-editor\">&#13;<br \/>\n                                <a href=\"https:\/\/www.aa.com.tr\/fr\/p\/abonnement\/1001\" target=\"_blank\" style=\"font-size:12px; color:#444; text-decoration:none;\" rel=\"noopener\">&#13;<br \/>\n                                    Seulement une partie des d\u00e9p\u00eaches, que l&rsquo;Agence Anadolu diffuse \u00e0 ses abonn\u00e9s via le Syst\u00e8me de Diffusion interne (HAS), est diffus\u00e9e sur le site de l&rsquo;AA, de mani\u00e8re r\u00e9sum\u00e9e. <b style=\"color:#1897F7\">Contactez-nous s&rsquo;il vous pla\u00eet pour vous abonner.<\/b>&#13;<br \/>\n                                <\/a>&#13;<br \/>\n                            <\/span>\n                        <\/div>\n<p><script>\n\t  window.fbAsyncInit = function() {\n\t\tFB.init({\n\t\t  appId: '1855843514662870',\n\t\t  status : true, \/\/ check login status\n\t\t  cookie : true, \/\/ enable cookies to allow the server to access the session\n\t\t  xfbml  : true  \/\/ parse XFBML\n\t\t});\n\t  };<\/p>\n<p>\t  (function() {\n\t\tvar e = document.createElement('script');\n\t\te.src=\"https:\/\/connect.facebook.net\/tr_TR\/all.js\";\n\t\te.async = true;\n\t\tdocument.getElementById('fb-root').appendChild(e);\n\t  }());\n    <\/script><br \/>\n<br \/><a href=\"https:\/\/www.aa.com.tr\/fr\/afrique\/le-mali-et-la-c%C3%B4te-divoire-d%C3%A9cident-de-s%C3%A9curiser-leurs-fronti%C3%A8res-communes\/2238048\">Source link <\/a><\/p>\n","protected":false},"excerpt":{"rendered":"<p>AA\/Kan\u00e9 IllaLe Mali et la C\u00f4te d&rsquo;Ivoire ont d\u00e9cid\u00e9, mardi, de s\u00e9curiser leurs fronti\u00e8res communes, \u00e0 travers des \u00e9changes des renseignements et des patrouilles entre les arm\u00e9es des deux pays. La d\u00e9cision a \u00e9t\u00e9 prise \u00e0 l&rsquo;issue d&rsquo;une rencontre tenue dans la capitale malienne par le ministre de la d\u00e9fense du Mali, le colonel Sadio [&hellip;]<\/p>\n","protected":false},"author":1,"featured_media":8187,"comment_status":"closed","ping_status":"closed","sticky":false,"template":"","format":"standard","meta":{"footnotes":""},"categories":[58],"tags":[],"class_list":{"0":"post-8186","1":"post","2":"type-post","3":"status-publish","4":"format-standard","5":"has-post-thumbnail","7":"category-societe"},"_links":{"self":[{"href":"https:\/\/conakrynews.org\/index.php\/wp-json\/wp\/v2\/posts\/8186","targetHints":{"allow":["GET"]}}],"collection":[{"href":"https:\/\/conakrynews.org\/index.php\/wp-json\/wp\/v2\/posts"}],"about":[{"href":"https:\/\/conakrynews.org\/index.php\/wp-json\/wp\/v2\/types\/post"}],"author":[{"embeddable":true,"href":"https:\/\/conakrynews.org\/index.php\/wp-json\/wp\/v2\/users\/1"}],"replies":[{"embeddable":true,"href":"https:\/\/conakrynews.org\/index.php\/wp-json\/wp\/v2\/comments?post=8186"}],"version-history":[{"count":0,"href":"https:\/\/conakrynews.org\/index.php\/wp-json\/wp\/v2\/posts\/8186\/revisions"}],"wp:featuredmedia":[{"embeddable":true,"href":"https:\/\/conakrynews.org\/index.php\/wp-json\/wp\/v2\/media\/8187"}],"wp:attachment":[{"href":"https:\/\/conakrynews.org\/index.php\/wp-json\/wp\/v2\/media?parent=8186"}],"wp:term":[{"taxonomy":"category","embeddable":true,"href":"https:\/\/conakrynews.org\/index.php\/wp-json\/wp\/v2\/categories?post=8186"},{"taxonomy":"post_tag","embeddable":true,"href":"https:\/\/conakrynews.org\/index.php\/wp-json\/wp\/v2\/tags?post=8186"}],"curies":[{"name":"wp","href":"https:\/\/api.w.org\/{rel}","templated":true}]}}