{"id":8229,"date":"2021-05-13T13:19:33","date_gmt":"2021-05-13T13:19:33","guid":{"rendered":"https:\/\/conakrynews.org\/?p=8229"},"modified":"2021-05-13T13:19:33","modified_gmt":"2021-05-13T13:19:33","slug":"le-sommet-afrique-france-reporte-au-mois-doctobre-2021","status":"publish","type":"post","link":"https:\/\/conakrynews.org\/index.php\/le-sommet-afrique-france-reporte-au-mois-doctobre-2021\/","title":{"rendered":"Le sommet Afrique-France report\u00e9 au mois d\u2019octobre 2021"},"content":{"rendered":"<div class=\"td-post-header\">\n<header class=\"td-post-title\">\n<h1 class=\"entry-title\"><\/h1>\n<div class=\"td-module-meta-info\">\n<div class=\"td-post-author-name\">\n<div class=\"td-author-by\"><\/div>\n<\/div>\n<\/div>\n<\/header>\n<\/div>\n<div class=\"td-post-sharing td-post-sharing-top \">\n<div class=\"td-default-sharing\"><i class=\"td-icon-facebook\"><\/i>\u00a0<i class=\"td-icon-twitter\"><\/i>\u00a0<i class=\"td-icon-googleplus\"><\/i>\u00a0<i class=\"td-icon-pinterest\"><\/i>\u00a0<i class=\"td-icon-whatsapp\"><\/i><\/div>\n<\/div>\n<div class=\"td-post-content\">\n<div class=\"td-post-featured-image\"><a class=\"td-modal-image\" href=\"https:\/\/liberationinfo.com\/wp-content\/uploads\/2021\/05\/france-afrique.jpg\" data-caption=\"\"><img loading=\"lazy\" decoding=\"async\" class=\"entry-thumb td-animation-stack-type0-1\" title=\"france-afrique\" src=\"https:\/\/liberationinfo.com\/wp-content\/uploads\/2021\/05\/france-afrique-696x421.jpg\" alt=\"\" width=\"696\" height=\"421\" \/><\/a><\/div>\n<div class=\"jeg_navbar_mobile_wrapper\">\n<div class=\"jeg_navbar_mobile jeg_sticky_nav\">\n<div class=\"jeg_mobile_bottombar jeg_mobile_midbar jeg_container dark\">\n<div class=\"container\">\n<div class=\"jeg_nav_row\">\n<div class=\"jeg_nav_col jeg_nav_center jeg_nav_grow\">\n<div class=\"item_wrap jeg_nav_aligncenter\">\n<div class=\"jeg_nav_item jeg_mobile_logo\">\n<div class=\"site-title\"><\/div>\n<\/div>\n<\/div>\n<\/div>\n<\/div>\n<\/div>\n<\/div>\n<\/div>\n<\/div>\n<div class=\"post-wrapper\">\n<div class=\"post-wrap\">\n<div class=\"jeg_main \">\n<div class=\"jeg_container\">\n<div class=\"jeg_content jeg_singlepage\">\n<div class=\"container\">\n<div class=\"row\">\n<div class=\"jeg_main_content col-md-8\">\n<div class=\"jeg_inner_content\">\n<div class=\"entry-header\">\n<div class=\"jeg_meta_container\">\n<div class=\"jeg_post_meta jeg_post_meta_1\">\n<div class=\"meta_left\">\n<div class=\"jeg_meta_author\"><\/div>\n<\/div>\n<div class=\"meta_right\"><\/div>\n<\/div>\n<\/div>\n<\/div>\n<div class=\"jeg_featured featured_image\">\n<div class=\"thumbnail-container animate-lazy\"><\/div>\n<\/div>\n<div class=\"jeg_share_top_container\">\n<div class=\"jeg_share_button clearfix\">\n<div class=\"jeg_share_stats\"><\/div>\n<div class=\"jeg_sharelist\"><\/div>\n<\/div>\n<\/div>\n<div class=\"jeg_ad jeg_article jnews_content_top_ads \">\n<div class=\"ads-wrapper \"><\/div>\n<\/div>\n<div class=\"entry-content no-share\">\n<div class=\"jeg_share_button share-float jeg_sticky_share clearfix share-monocrhome\">\n<div class=\"jeg_share_float_container\"><\/div>\n<\/div>\n<div class=\"content-inner \">\n<p>Le sommet Afrique-France devait se tenir du 8 au 10 juillet prochain \u00e0 Montpellier dans le sud de la France. Il est finalement repouss\u00e9 au mois d\u2019octobre en raison des contraintes de d\u00e9placement li\u00e9es \u00e0 la pand\u00e9mie de Covid-19.<\/p>\n<p>La crise sanitaire avait d\u00e9j\u00e0 contraint l\u2019\u00c9lys\u00e9e \u00e0 annuler l\u2019an pass\u00e9 le sommet Afrique-France pr\u00e9vu \u00e0 Bordeaux. Cette fois, les restrictions de d\u00e9placement li\u00e9es \u00e0 l\u2019\u00e9pid\u00e9mie ont pouss\u00e9 le palais pr\u00e9sidentiel \u00e0 reporter l\u2019\u00e9v\u00e8nement. \u00ab<em>Les contraintes de d\u00e9placements fix\u00e9es au niveau international seront insuffisamment lev\u00e9es cet \u00e9t\u00e9 pour permettre la venue des centaines d\u2019invit\u00e9s du continent africain<\/em>\u00bb, \u00e9crit la mairie de Montpellier dans un communiqu\u00e9.<\/p>\n<p>La mairie qui pr\u00e9cise en outre que \u00ab<em>les jauges estim\u00e9es \u00e0 ce jour pour les manifestations publiques ne permettraient pas d\u2019associer largement les habitants de la M\u00e9tropole<\/em>\u00bb.<\/p>\n<div class=\"jeg_ad jeg_ad_article jnews_content_inline_ads \">\n<div class=\"ads-wrapper align-center \">\n<div class=\"ads_code\"><\/div>\n<\/div>\n<\/div>\n<p>Le sommet est ainsi report\u00e9 de trois mois. Il se tiendra toujours \u00e0 Montpellier, les 7,8 et 9 octobre prochains. \u00ab<em>Ces dates doivent permettre l\u2019organisation de ce Sommet important pour notre pays et notre territoire dans un format ambitieux<\/em>\u00bb, ajoute le communiqu\u00e9.<\/p>\n<div id=\"tms-ad-inread-4125694531977704\" class=\"tms-ad\">\n<div class=\"teads\">Comme pr\u00e9vu,\u00a0<a href=\"https:\/\/www.rfi.fr\/fr\/podcasts\/invit%C3%A9-afrique\/20210322-a-mbembe-e-macron-veut-red%C3%A9finir-les-fondamentaux-de-la-relation-entre-l-afrique-et-la-france\" target=\"_self\" rel=\"noopener\"><strong>Achille Mbembe<\/strong><\/a>sera bien pr\u00e9sent au rendez-vous. C\u2019est ce qu\u2019assure l\u2019\u00c9lys\u00e9e. L\u2019essayiste camerounais a d\u2019ailleurs particip\u00e9 \u00e0 une r\u00e9union pr\u00e9paratoire la semaine pass\u00e9e.<\/div>\n<\/div>\n<div><\/div>\n<div><\/div>\n<div><strong>Avec RFI<\/strong><\/div>\n<\/div>\n<\/div>\n<\/div>\n<\/div>\n<\/div>\n<\/div>\n<\/div>\n<\/div>\n<\/div>\n<\/div>\n<\/div>\n<\/div>\n","protected":false},"excerpt":{"rendered":"<p>\u00a0\u00a0\u00a0\u00a0 Le sommet Afrique-France devait se tenir du 8 au 10 juillet prochain \u00e0 Montpellier dans le sud de la France. Il est finalement repouss\u00e9 au mois d\u2019octobre en raison des contraintes de d\u00e9placement li\u00e9es \u00e0 la pand\u00e9mie de Covid-19. La crise sanitaire avait d\u00e9j\u00e0 contraint l\u2019\u00c9lys\u00e9e \u00e0 annuler l\u2019an pass\u00e9 le sommet Afrique-France pr\u00e9vu [&hellip;]<\/p>\n","protected":false},"author":2,"featured_media":8230,"comment_status":"closed","ping_status":"closed","sticky":false,"template":"","format":"standard","meta":{"footnotes":""},"categories":[57],"tags":[],"class_list":{"0":"post-8229","1":"post","2":"type-post","3":"status-publish","4":"format-standard","5":"has-post-thumbnail","7":"category-politique"},"_links":{"self":[{"href":"https:\/\/conakrynews.org\/index.php\/wp-json\/wp\/v2\/posts\/8229","targetHints":{"allow":["GET"]}}],"collection":[{"href":"https:\/\/conakrynews.org\/index.php\/wp-json\/wp\/v2\/posts"}],"about":[{"href":"https:\/\/conakrynews.org\/index.php\/wp-json\/wp\/v2\/types\/post"}],"author":[{"embeddable":true,"href":"https:\/\/conakrynews.org\/index.php\/wp-json\/wp\/v2\/users\/2"}],"replies":[{"embeddable":true,"href":"https:\/\/conakrynews.org\/index.php\/wp-json\/wp\/v2\/comments?post=8229"}],"version-history":[{"count":0,"href":"https:\/\/conakrynews.org\/index.php\/wp-json\/wp\/v2\/posts\/8229\/revisions"}],"wp:featuredmedia":[{"embeddable":true,"href":"https:\/\/conakrynews.org\/index.php\/wp-json\/wp\/v2\/media\/8230"}],"wp:attachment":[{"href":"https:\/\/conakrynews.org\/index.php\/wp-json\/wp\/v2\/media?parent=8229"}],"wp:term":[{"taxonomy":"category","embeddable":true,"href":"https:\/\/conakrynews.org\/index.php\/wp-json\/wp\/v2\/categories?post=8229"},{"taxonomy":"post_tag","embeddable":true,"href":"https:\/\/conakrynews.org\/index.php\/wp-json\/wp\/v2\/tags?post=8229"}],"curies":[{"name":"wp","href":"https:\/\/api.w.org\/{rel}","templated":true}]}}