{"id":8262,"date":"2021-05-14T17:34:12","date_gmt":"2021-05-14T17:34:12","guid":{"rendered":"https:\/\/conakrynews.org\/?p=8262"},"modified":"2021-05-14T22:28:22","modified_gmt":"2021-05-14T22:28:22","slug":"lallemagne-proroge-les-mandats-de-ses-militaires-au-mali","status":"publish","type":"post","link":"https:\/\/conakrynews.org\/index.php\/lallemagne-proroge-les-mandats-de-ses-militaires-au-mali\/","title":{"rendered":"L\u2019Allemagne proroge les mandats de ses militaires au Mali"},"content":{"rendered":"<h1 class=\"name post-title entry-title\"><img loading=\"lazy\" decoding=\"async\" class=\"alignright size-medium wp-image-8263\" src=\"https:\/\/conakrynews.org\/wp-content\/uploads\/2021\/05\/1_L_Allemagne_prorog_69436353-660x330-1-515x258.jpeg\" alt=\"\" width=\"515\" height=\"258\" srcset=\"https:\/\/conakrynews.org\/wp-content\/uploads\/2021\/05\/1_L_Allemagne_prorog_69436353-660x330-1-515x258.jpeg 515w, https:\/\/conakrynews.org\/wp-content\/uploads\/2021\/05\/1_L_Allemagne_prorog_69436353-660x330-1.jpeg 660w\" sizes=\"auto, (max-width: 515px) 100vw, 515px\" \/><\/h1>\n<p class=\"post-meta\">\n<div class=\"clear\"><\/div>\n<div class=\"entry\">\n<p class=\"teaser\">Les soldats allemands ne participent pas aux op\u00e9rations de combat. Ils fournissent des conseils et de la formation en mati\u00e8re militaire aux forces arm\u00e9es maliennes.<\/p>\n<p><span class=\"dateline\">Tunis\u00a0<span class=\"credit\">(dpa)<\/span>\u00a0\u2013\u00a0<\/span>Le Parlement allemand (Bundestag) votera, le 19 mai, une prorogation d\u2019une nouvelle ann\u00e9e, allant du 1er juin 2021 au 31 mai 2022, des mandats de l\u2019Arm\u00e9e allemande (Bundeswehr) aux missions de paix des Nations unies et de l\u2019Union europ\u00e9enne (UE) au Mali. Il s\u2019agit de la\u00a0<a class=\"externalLink\" href=\"https:\/\/minusma.unmissions.org\/\" target=\"_blank\" rel=\"noopener noreferrer\">Mission multidimensionnelle int\u00e9gr\u00e9e des Nations unies pour la stabilisation au Mali<\/a>\u00a0(MINUSMA), et de la\u00a0<a class=\"externalLink\" href=\"https:\/\/eutmmali.eu\/\" target=\"_blank\" rel=\"noopener noreferrer\">Mission de formation de l\u2019Union europ\u00e9enne au Mali<\/a>\u00a0(EUTM Mali).<\/p>\n<p>Le 21 avril, le gouvernement f\u00e9d\u00e9ral allemand (Bundesregierung) a d\u00e9cid\u00e9 de proroger les deux mandats en question, sous r\u00e9serve de l\u2019approbation du Bundestag. \u00ab La situation s\u00e9curitaire actuelle au Mali et dans d\u2019autres parties du Sahel reste pr\u00e9occupante. La menace du terrorisme et du crime organis\u00e9 ne touche pas seulement le Mali, mais pourrait d\u00e9stabiliser toute l\u2019Afrique de l\u2019Ouest. Le d\u00e9ploiement de la Bundeswehr dans le cadre de la MINUSMA et l\u2019EUTM Mali reste donc n\u00e9cessaire afin de soutenir durablement la stabilit\u00e9 et la paix dans la r\u00e9gion du Sahel \u00bb, a annonc\u00e9 le Bundesregierung, le m\u00eame jour.<\/p>\n<p>Cr\u00e9\u00e9e, le 25 avril 2013, par le Conseil de s\u00e9curit\u00e9 de l\u2019ONU, la MINUSMA est compos\u00e9e de 13289 soldats et 1920 policiers, selon le site web de la Mission. Sa \u00ab principale priorit\u00e9 strat\u00e9gique qui reste l\u2019appui \u00e0 la mise en \u0153uvre de l\u2019Accord pour la paix et la r\u00e9conciliation au Mali \u00bb, d\u2019apr\u00e8s la m\u00eame source. Actuellement, 941 Casques bleus allemands font partie de la MINUSMA. Leur nombre peut aller jusqu\u2019\u00e0 1100 au maximum.<\/p>\n<p>Il s\u2019agit de la plus importante Mission de l\u2019ONU \u00e0 laquelle l\u2019Allemagne apporte son appui en dehors du pays. D\u00e8s le d\u00e9but de ses op\u00e9rations de maintien de la paix au Mali, l\u2019Allemagne offre \u00e0 la MINUSMA surveillance et soutien en mati\u00e8re de d\u00e9tachements d\u2019h\u00e9licopt\u00e8res, du ravitaillement des a\u00e9ronefs et des v\u00e9hicules a\u00e9riens sans pilote (drones). Les militaires allemands s\u2019impliquent notamment dans les domaines de la reconnaissance au sol et dans les airs, et de la protection des points sensibles au Mali.<\/p>\n<h2><strong>\u2013 \u00c9largissement de la zone du mandat de l\u2019EUTM Mali \u2013<\/strong><\/h2>\n<p>En plus de la MINUSMA, l\u2019Allemagne a une pr\u00e9sence de 450 soldats dans le cadre de l\u2019EUTM Mali, dont elle reprendra le commandement, au mois de juillet prochain. L\u2019EUTM Mali, dont le quartier g\u00e9n\u00e9ral est \u00e0 Bamako, a \u00e9t\u00e9 \u00e9tablie en 2013, \u00e0 la demande du gouvernement malien. Elle contribue \u00e0 am\u00e9liorer les capacit\u00e9s op\u00e9rationnelles des forces arm\u00e9es maliennes, en fournissant des conseils, des actions de formation, un enseignement et un encadrement militaires. Ses t\u00e2ches qui ne comprenant pas d\u2019op\u00e9rations de combat, sont effectu\u00e9es sous le contr\u00f4le des autorit\u00e9s civiles l\u00e9gitimes du Mali.<\/p>\n<p>En 2020, l\u2019UE a prolong\u00e9, jusqu\u2019au 18 mai 2024, le mandat de l\u2019EUTM Mali et l\u2019a habilit\u00e9e de fournir une assistance militaire aux forces arm\u00e9es nationales des \u00c9tats membres du Groupe des cinq pays du Sahel (G5 Sahel) comprenant le Mali, le Niger, le Tchad, le Burkina Faso et la Mauritanie, ainsi qu\u2019\u00e0 la \u00ab Force conjointe \u00bb transfrontali\u00e8re du G5 Sahel. \u00ab L\u2019\u00e9largissement de la zone du mandat de la mission EUTM Mali et les pr\u00e9paratifs en vue du commandement allemand de la mission (\u2026) rendent n\u00e9cessaire l\u2019augmentation du plafond des effectifs, qui passe de 450 \u00e0 600 soldats allemands \u00bb, a fait savoir le gouvernement allemand.<\/p>\n<p>Ces soldats ne sont pas autoris\u00e9s \u00e0 participer aux op\u00e9rations de combat. Ils fournissent des conseils et de la formation en mati\u00e8re militaire aux forces arm\u00e9es maliennes, ainsi qu\u2019\u00e0 la Force conjointe transfrontali\u00e8re du G5 Sahel. Selon le parlement allemand, les d\u00e9penses suppl\u00e9mentaires li\u00e9es \u00e0 la prorogation du mandat des militaires allemands \u00e0 l\u2019EUTM Mali s\u2019\u00e9l\u00e8veront \u00e0 environ 117,5 millions d\u2019euros pour la p\u00e9riode du 1er juin 2021 au 31 mai 2022.<\/p>\n<p>\u00ab Prot\u00e9ger les personnes, renforcer les \u00c9tats et ainsi cr\u00e9er des perspectives de d\u00e9veloppement pour la population, tels sont les objectifs de notre engagement au Sahel \u00bb, a affirm\u00e9 r\u00e9cemment le ministre f\u00e9d\u00e9ral allemand des Affaires \u00e9trang\u00e8res, Heiko Maas.<\/p>\n<p>&nbsp;<\/p>\n<p><strong>Avec dpa-news<\/strong><\/p>\n<\/div>\n<div class=\"share-post\">\n<ul class=\"flat-social\">\n<li><\/li>\n<\/ul>\n<\/div>\n","protected":false},"excerpt":{"rendered":"<p>Les soldats allemands ne participent pas aux op\u00e9rations de combat. Ils fournissent des conseils et de la formation en mati\u00e8re militaire aux forces arm\u00e9es maliennes. Tunis\u00a0(dpa)\u00a0\u2013\u00a0Le Parlement allemand (Bundestag) votera, le 19 mai, une prorogation d\u2019une nouvelle ann\u00e9e, allant du 1er juin 2021 au 31 mai 2022, des mandats de l\u2019Arm\u00e9e allemande (Bundeswehr) aux missions [&hellip;]<\/p>\n","protected":false},"author":2,"featured_media":8263,"comment_status":"closed","ping_status":"closed","sticky":false,"template":"","format":"standard","meta":{"footnotes":""},"categories":[58],"tags":[],"class_list":{"0":"post-8262","1":"post","2":"type-post","3":"status-publish","4":"format-standard","5":"has-post-thumbnail","7":"category-societe"},"_links":{"self":[{"href":"https:\/\/conakrynews.org\/index.php\/wp-json\/wp\/v2\/posts\/8262","targetHints":{"allow":["GET"]}}],"collection":[{"href":"https:\/\/conakrynews.org\/index.php\/wp-json\/wp\/v2\/posts"}],"about":[{"href":"https:\/\/conakrynews.org\/index.php\/wp-json\/wp\/v2\/types\/post"}],"author":[{"embeddable":true,"href":"https:\/\/conakrynews.org\/index.php\/wp-json\/wp\/v2\/users\/2"}],"replies":[{"embeddable":true,"href":"https:\/\/conakrynews.org\/index.php\/wp-json\/wp\/v2\/comments?post=8262"}],"version-history":[{"count":0,"href":"https:\/\/conakrynews.org\/index.php\/wp-json\/wp\/v2\/posts\/8262\/revisions"}],"wp:featuredmedia":[{"embeddable":true,"href":"https:\/\/conakrynews.org\/index.php\/wp-json\/wp\/v2\/media\/8263"}],"wp:attachment":[{"href":"https:\/\/conakrynews.org\/index.php\/wp-json\/wp\/v2\/media?parent=8262"}],"wp:term":[{"taxonomy":"category","embeddable":true,"href":"https:\/\/conakrynews.org\/index.php\/wp-json\/wp\/v2\/categories?post=8262"},{"taxonomy":"post_tag","embeddable":true,"href":"https:\/\/conakrynews.org\/index.php\/wp-json\/wp\/v2\/tags?post=8262"}],"curies":[{"name":"wp","href":"https:\/\/api.w.org\/{rel}","templated":true}]}}