{"id":8268,"date":"2021-05-14T21:07:21","date_gmt":"2021-05-14T21:07:21","guid":{"rendered":"https:\/\/conakrynews.org\/?p=8268"},"modified":"2021-05-14T22:29:18","modified_gmt":"2021-05-14T22:29:18","slug":"erythree-le-president-guineen-alpha-conde-visite-plusieurs-projets-agricoles-et-aquatiques","status":"publish","type":"post","link":"https:\/\/conakrynews.org\/index.php\/erythree-le-president-guineen-alpha-conde-visite-plusieurs-projets-agricoles-et-aquatiques\/","title":{"rendered":"\u00c9rythr\u00e9e : Le Pr\u00e9sident guin\u00e9en, Alpha Cond\u00e9 visite plusieurs projets agricoles et aquatiques"},"content":{"rendered":"<h1 class=\"name post-title entry-title\"><img loading=\"lazy\" decoding=\"async\" class=\"alignright size-medium wp-image-8269\" src=\"https:\/\/conakrynews.org\/wp-content\/uploads\/2021\/05\/erutre-660x330-1-515x258.jpg\" alt=\"\" width=\"515\" height=\"258\" srcset=\"https:\/\/conakrynews.org\/wp-content\/uploads\/2021\/05\/erutre-660x330-1-515x258.jpg 515w, https:\/\/conakrynews.org\/wp-content\/uploads\/2021\/05\/erutre-660x330-1.jpg 660w\" sizes=\"auto, (max-width: 515px) 100vw, 515px\" \/><\/h1>\n<p class=\"post-meta\">\n<div class=\"clear\">Arriv\u00e9e jeudi, 13 mai dans la capitale \u00e9rythr\u00e9enne, le Pr\u00e9sident guin\u00e9en Alpha Cond\u00e9 a visit\u00e9 plusieurs projets agricoles et aquatiques dans la zone de Debarwa en compagnie de son homologue Isaias Afwerki.<\/div>\n<div class=\"entry\">\n<p>Les deux dirigeants ont convenu de travailler ensemble et de renforcer leur coop\u00e9ration dans les domaines de l\u2019\u00e9ducation et de la sant\u00e9.<br \/>\nAu cours de son s\u00e9jour, le Chef de l\u2019Etat guin\u00e9en a eu un entretien portant sur les questions bilat\u00e9rales entre leurs deux pays et surtout discut\u00e9 de l\u2019avenir du continent africain.<br \/>\nPour rappel, c\u2019est apr\u00e8s Kampala o\u00f9 Alpha Cond\u00e9 avait particip\u00e9 \u00e0 l\u2019investiture le 12 mai dernier du Pr\u00e9sident Yuweri Museveni, qu\u2019il s\u2019est rendu \u00e0 Asmara.<br \/>\nAux derni\u00e8res nouvelles, Alpha Cond\u00e9 aurait quitt\u00e9 Asamara ce vendredi, 14 mai 2021.<\/p>\n<p>&nbsp;<\/p>\n<p><strong>AGP<\/strong><\/p>\n<\/div>\n<h1 class=\"name post-title entry-title\"><\/h1>\n<p class=\"post-meta\">\n<div class=\"clear\"><\/div>\n<div class=\"entry\">\n<p>&nbsp;<\/p>\n<\/div>\n","protected":false},"excerpt":{"rendered":"<p>Arriv\u00e9e jeudi, 13 mai dans la capitale \u00e9rythr\u00e9enne, le Pr\u00e9sident guin\u00e9en Alpha Cond\u00e9 a visit\u00e9 plusieurs projets agricoles et aquatiques dans la zone de Debarwa en compagnie de son homologue Isaias Afwerki. Les deux dirigeants ont convenu de travailler ensemble et de renforcer leur coop\u00e9ration dans les domaines de l\u2019\u00e9ducation et de la sant\u00e9. Au [&hellip;]<\/p>\n","protected":false},"author":2,"featured_media":8269,"comment_status":"closed","ping_status":"closed","sticky":false,"template":"","format":"standard","meta":{"footnotes":""},"categories":[58],"tags":[],"class_list":{"0":"post-8268","1":"post","2":"type-post","3":"status-publish","4":"format-standard","5":"has-post-thumbnail","7":"category-societe"},"_links":{"self":[{"href":"https:\/\/conakrynews.org\/index.php\/wp-json\/wp\/v2\/posts\/8268","targetHints":{"allow":["GET"]}}],"collection":[{"href":"https:\/\/conakrynews.org\/index.php\/wp-json\/wp\/v2\/posts"}],"about":[{"href":"https:\/\/conakrynews.org\/index.php\/wp-json\/wp\/v2\/types\/post"}],"author":[{"embeddable":true,"href":"https:\/\/conakrynews.org\/index.php\/wp-json\/wp\/v2\/users\/2"}],"replies":[{"embeddable":true,"href":"https:\/\/conakrynews.org\/index.php\/wp-json\/wp\/v2\/comments?post=8268"}],"version-history":[{"count":0,"href":"https:\/\/conakrynews.org\/index.php\/wp-json\/wp\/v2\/posts\/8268\/revisions"}],"wp:featuredmedia":[{"embeddable":true,"href":"https:\/\/conakrynews.org\/index.php\/wp-json\/wp\/v2\/media\/8269"}],"wp:attachment":[{"href":"https:\/\/conakrynews.org\/index.php\/wp-json\/wp\/v2\/media?parent=8268"}],"wp:term":[{"taxonomy":"category","embeddable":true,"href":"https:\/\/conakrynews.org\/index.php\/wp-json\/wp\/v2\/categories?post=8268"},{"taxonomy":"post_tag","embeddable":true,"href":"https:\/\/conakrynews.org\/index.php\/wp-json\/wp\/v2\/tags?post=8268"}],"curies":[{"name":"wp","href":"https:\/\/api.w.org\/{rel}","templated":true}]}}