{"id":8284,"date":"2021-05-15T14:54:57","date_gmt":"2021-05-15T14:54:57","guid":{"rendered":"https:\/\/conakrynews.org\/?p=8284"},"modified":"2021-05-15T15:56:41","modified_gmt":"2021-05-15T15:56:41","slug":"guinee-lancement-des-plaques-dimmatriculations-biometriques-des-vehicules-et-engins-roulants","status":"publish","type":"post","link":"https:\/\/conakrynews.org\/index.php\/guinee-lancement-des-plaques-dimmatriculations-biometriques-des-vehicules-et-engins-roulants\/","title":{"rendered":"Guin\u00e9e: Lancement des plaques d\u2019immatriculations biom\u00e9triques des v\u00e9hicules et engins roulants"},"content":{"rendered":"<h1 class=\"name post-title entry-title\"><img loading=\"lazy\" decoding=\"async\" class=\"alignright size-medium wp-image-8285\" src=\"https:\/\/conakrynews.org\/wp-content\/uploads\/2021\/05\/FB_IMG_1621088771888-660x330-1-515x258.jpg\" alt=\"\" width=\"515\" height=\"258\" srcset=\"https:\/\/conakrynews.org\/wp-content\/uploads\/2021\/05\/FB_IMG_1621088771888-660x330-1-515x258.jpg 515w, https:\/\/conakrynews.org\/wp-content\/uploads\/2021\/05\/FB_IMG_1621088771888-660x330-1.jpg 660w\" sizes=\"auto, (max-width: 515px) 100vw, 515px\" \/><\/h1>\n<div class=\"clear\"><\/div>\n<div class=\"entry\">\n<p>Apres le lancement de la confection des cartes d\u2019identit\u00e9 biom\u00e9triques, c\u2019est au tour des plaques d\u2019immatriculation des v\u00e9hicules et engins roulants de passer en biom\u00e9trie. Ce vendredi 14 Mai 2021 au Kadad, si\u00e8ge du Service Distribution des Plaques dans la commune de Matam, les Ministres du Transport, de la S\u00e9curit\u00e9 et des Finances ont proc\u00e9d\u00e9 \u00e0 une visite des lieux. Un b\u00e2timent flambant neuf r\u00e9alis\u00e9 par le DSD, a \u00e9t\u00e9 \u00e9quip\u00e9 de nouvelles installations de mat\u00e9riels con\u00e7us pour le projet de r\u00e9immatriculation et d\u2019immatriculation des v\u00e9hicules et engins roulants.<\/p>\n<p>C\u2019est un b\u00e2timent \u00e0 deux niveaux. Le premier concerne le traitement des dossiers. Avec une salle pour la gestion du projet, la salle de saisie, la salle des op\u00e9rations et la salle d\u2019attente. La haut est r\u00e9serv\u00e9e pour les cadres du minist\u00e8re des transports, qui s\u2019occupent de la partie administrative. Repartie comme suit, les bureaux du chef de centre, la salle de r\u00e9union, la section immatriculation.<\/p>\n<p>\u00ab\u00a0Nous sommes impressionn\u00e9s par notre partenaire, avec tout ce que nous venons de voir comme r\u00e9alisaton. En plus de leur pr\u00e9paration, nous sommes pr\u00eats pour lancer la campagne d\u2019immatriculation des v\u00e9hicules sur toute l\u2019\u00e9tendue du territoire nationale le jeudi 20 mai 2021 avec mes coll\u00e8gues. Et comme ce n\u2019est pas une op\u00e9ration ind\u00e9finie, je demande \u00e0 tous les usagers d\u2019\u00eatre pr\u00eats\u00a0\u00bb a lanc\u00e9 le Ministre des Transports, Mohamed KEITA.<\/p>\n<p>\u00bb Nous venons de visiter des installations tr\u00e8s modernes et tr\u00e8s sophistiqu\u00e9es qui permettent la digitalisation des recettes. J\u2019en suis tr\u00e8s content. Parce que cela s\u00e9curise les redevances que les usagers auront \u00e0 payer au tr\u00e9sor public. Donc les installations sont aux normes des standards qu\u2019on voit dans les autres pays de l\u2019Afrique et du reste du monde. Et j\u2019esp\u00e8re que le contrat de performance que j\u2019ai sign\u00e9 le mois dernier avec le Ministre des Transports ce contrat sera absolument r\u00e9alis\u00e9\u00a0\u00bb s\u2019est quant \u00e0 lui exprim\u00e9 le ministre de l\u2019Economie et des Finances, Monsieur Mamadi CAMARA.<\/p>\n<p>Le Ministre Damantang Albert CAMARA, a lui remerci\u00e9 son confr\u00e8re des transports avant d\u2019exprimer sa satisfaction face \u00e0 cette \u0153uvre accomplie.<\/p>\n<p>\u00ab\u00a0Je remercie d\u2019abord mon coll\u00e8gue des transports d\u2019avoir associ\u00e9 le Minist\u00e8re de la S\u00e9curit\u00e9 et de la Protection civile \u00e0 ce vaste projet. La d\u00e9mat\u00e9rialisation de tous ces documents et la num\u00e9risation et l\u2019informatisation de ce service apporte d\u2019abord de l\u2019int\u00e9r\u00eat pour les usagers, \u00e0 avoir des documents plus s\u00e9curis\u00e9s et \u00e9viter un certain nombre de tracasseries. Et pour nous la police, cela facilite le travail de recherche de contrevenants, d\u2019identification d\u2019un certain nombre de personnes. Je crois que c\u2019est une v\u00e9ritable \u00e9volution dans ce secteur pour ceux qui ont fr\u00e9quent\u00e9 le Kadak, ce qui existait ici avant, c\u2019est vraiment une tr\u00e8s grande performance \u00e0 laquelle nous venons d\u2019assister. Et je suis convaincu que \u00e7a sera pour le plus grand bien des usagers mais \u00e9galement de l\u2019Etat \u00e0 travers la s\u00e9curisation des recettes\u00a0\u00bb.<\/p>\n<p>&nbsp;<\/p>\n<p><strong>Avec MSPC<\/strong><\/p>\n<\/div>\n<div class=\"share-post\">\n<ul class=\"flat-social\">\n<li><\/li>\n<\/ul>\n<\/div>\n","protected":false},"excerpt":{"rendered":"<p>Apres le lancement de la confection des cartes d\u2019identit\u00e9 biom\u00e9triques, c\u2019est au tour des plaques d\u2019immatriculation des v\u00e9hicules et engins roulants de passer en biom\u00e9trie. Ce vendredi 14 Mai 2021 au Kadad, si\u00e8ge du Service Distribution des Plaques dans la commune de Matam, les Ministres du Transport, de la S\u00e9curit\u00e9 et des Finances ont proc\u00e9d\u00e9 [&hellip;]<\/p>\n","protected":false},"author":2,"featured_media":8285,"comment_status":"closed","ping_status":"closed","sticky":false,"template":"","format":"standard","meta":{"footnotes":""},"categories":[58],"tags":[],"class_list":{"0":"post-8284","1":"post","2":"type-post","3":"status-publish","4":"format-standard","5":"has-post-thumbnail","7":"category-societe"},"_links":{"self":[{"href":"https:\/\/conakrynews.org\/index.php\/wp-json\/wp\/v2\/posts\/8284","targetHints":{"allow":["GET"]}}],"collection":[{"href":"https:\/\/conakrynews.org\/index.php\/wp-json\/wp\/v2\/posts"}],"about":[{"href":"https:\/\/conakrynews.org\/index.php\/wp-json\/wp\/v2\/types\/post"}],"author":[{"embeddable":true,"href":"https:\/\/conakrynews.org\/index.php\/wp-json\/wp\/v2\/users\/2"}],"replies":[{"embeddable":true,"href":"https:\/\/conakrynews.org\/index.php\/wp-json\/wp\/v2\/comments?post=8284"}],"version-history":[{"count":0,"href":"https:\/\/conakrynews.org\/index.php\/wp-json\/wp\/v2\/posts\/8284\/revisions"}],"wp:featuredmedia":[{"embeddable":true,"href":"https:\/\/conakrynews.org\/index.php\/wp-json\/wp\/v2\/media\/8285"}],"wp:attachment":[{"href":"https:\/\/conakrynews.org\/index.php\/wp-json\/wp\/v2\/media?parent=8284"}],"wp:term":[{"taxonomy":"category","embeddable":true,"href":"https:\/\/conakrynews.org\/index.php\/wp-json\/wp\/v2\/categories?post=8284"},{"taxonomy":"post_tag","embeddable":true,"href":"https:\/\/conakrynews.org\/index.php\/wp-json\/wp\/v2\/tags?post=8284"}],"curies":[{"name":"wp","href":"https:\/\/api.w.org\/{rel}","templated":true}]}}