{"id":8300,"date":"2021-05-16T13:51:21","date_gmt":"2021-05-16T13:51:21","guid":{"rendered":"https:\/\/conakrynews.org\/?p=8300"},"modified":"2021-05-16T14:25:41","modified_gmt":"2021-05-16T14:25:41","slug":"heurts-entre-musulmans-a-kinshasa-30-condamnations-a-mort","status":"publish","type":"post","link":"https:\/\/conakrynews.org\/index.php\/heurts-entre-musulmans-a-kinshasa-30-condamnations-a-mort\/","title":{"rendered":"Heurts entre musulmans \u00e0 Kinshasa: 30 condamnations \u00e0 mort"},"content":{"rendered":"<h1 class=\"name post-title entry-title\"><img loading=\"lazy\" decoding=\"async\" class=\"alignright size-medium wp-image-8301\" src=\"https:\/\/conakrynews.org\/wp-content\/uploads\/2021\/05\/kinsa-660x330-1-515x258.jpg\" alt=\"\" width=\"515\" height=\"258\" srcset=\"https:\/\/conakrynews.org\/wp-content\/uploads\/2021\/05\/kinsa-660x330-1-515x258.jpg 515w, https:\/\/conakrynews.org\/wp-content\/uploads\/2021\/05\/kinsa-660x330-1.jpg 660w\" sizes=\"auto, (max-width: 515px) 100vw, 515px\" \/><\/h1>\n<div class=\"clear\"><\/div>\n<div class=\"entry\">\n<p>Trente personnes ont \u00e9t\u00e9 condamn\u00e9es \u00e0 mort en R\u00e9publique d\u00e9mocratique du Congo (RDC) pour leur participation aux violences contre la police ayant marqu\u00e9 jeudi la fin du ramadan \u00e0 Kinshasa, la capitale, a-t-on appris de sources judiciaires.<\/p>\n<p>Le verdict a \u00e9t\u00e9 prononc\u00e9 au petit matin samedi dans le proc\u00e8s en flagrance tenu depuis vendredi \u00e0 Kinshasa, selon un enregistrement dont l\u2019AFP a eu copie. Un avocat des parties civiles, Me Chief Tshipamba, a confirm\u00e9 \u00e0 l\u2019AFP ces trente condamnations \u00e0 la peine capitale.<\/p>\n<p>R\u00e9guli\u00e8rement prononc\u00e9e, notamment dans les affaires impliquant les groupes arm\u00e9s dans l\u2019est du pays, la peine de mort n\u2019est plus appliqu\u00e9e en RDC depuis un moratoire d\u00e9cid\u00e9 en 2003, et syst\u00e9matiquement commu\u00e9e en condamnation \u00e0 la perp\u00e9tuit\u00e9.<\/p>\n<p>Jeudi, de violents heurts avaient \u00e9clat\u00e9 entre fid\u00e8les musulmans se disputant l\u2019acc\u00e8s au stade des Martyrs, le grand stade de la capitale congolaise, pour y organiser la pri\u00e8re officielle de cl\u00f4ture du ramadan. Les protestataires s\u2019en \u00e9taient pris en particulier \u00e0 la police pr\u00e9sente sur les lieux pour encadrer la c\u00e9r\u00e9monie.<\/p>\n<p>Un premier bilan officiel faisait \u00e9tat d\u2019un policier tu\u00e9, dont les images ont largement circul\u00e9 sur les r\u00e9seaux sociaux. Une polici\u00e8re est entre la vie et la mort, affirment d\u00e9sormais les autorit\u00e9s, tant que 46 autres policiers ont \u00e9t\u00e9 bless\u00e9s, dont huit sont dans un \u00e9tat critique. Une dizaine de v\u00e9hicules de la police ont \u00e9t\u00e9 endommag\u00e9s, dont l\u2019un compl\u00e8tement incendi\u00e9.<\/p>\n<p>Trente-huit personnes ont \u00e9t\u00e9 interpell\u00e9es sur les lieux des violences et jug\u00e9es en comparution imm\u00e9diate \u00e0 partir du lendemain au Tribunal de grande instance de la commune de la Gombe, dans le centre de Kinshasa. Retransmise toute la journ\u00e9e en direct \u00e0 la t\u00e9l\u00e9vision publique, l\u2019audience a dur\u00e9 jusqu\u2019au petit matin samedi.<\/p>\n<p>&nbsp;<\/p>\n<p><strong>Avec VOA<\/strong><\/p>\n<\/div>\n","protected":false},"excerpt":{"rendered":"<p>Trente personnes ont \u00e9t\u00e9 condamn\u00e9es \u00e0 mort en R\u00e9publique d\u00e9mocratique du Congo (RDC) pour leur participation aux violences contre la police ayant marqu\u00e9 jeudi la fin du ramadan \u00e0 Kinshasa, la capitale, a-t-on appris de sources judiciaires. Le verdict a \u00e9t\u00e9 prononc\u00e9 au petit matin samedi dans le proc\u00e8s en flagrance tenu depuis vendredi \u00e0 [&hellip;]<\/p>\n","protected":false},"author":2,"featured_media":8301,"comment_status":"closed","ping_status":"closed","sticky":false,"template":"","format":"standard","meta":{"footnotes":""},"categories":[58],"tags":[],"class_list":{"0":"post-8300","1":"post","2":"type-post","3":"status-publish","4":"format-standard","5":"has-post-thumbnail","7":"category-societe"},"_links":{"self":[{"href":"https:\/\/conakrynews.org\/index.php\/wp-json\/wp\/v2\/posts\/8300","targetHints":{"allow":["GET"]}}],"collection":[{"href":"https:\/\/conakrynews.org\/index.php\/wp-json\/wp\/v2\/posts"}],"about":[{"href":"https:\/\/conakrynews.org\/index.php\/wp-json\/wp\/v2\/types\/post"}],"author":[{"embeddable":true,"href":"https:\/\/conakrynews.org\/index.php\/wp-json\/wp\/v2\/users\/2"}],"replies":[{"embeddable":true,"href":"https:\/\/conakrynews.org\/index.php\/wp-json\/wp\/v2\/comments?post=8300"}],"version-history":[{"count":0,"href":"https:\/\/conakrynews.org\/index.php\/wp-json\/wp\/v2\/posts\/8300\/revisions"}],"wp:featuredmedia":[{"embeddable":true,"href":"https:\/\/conakrynews.org\/index.php\/wp-json\/wp\/v2\/media\/8301"}],"wp:attachment":[{"href":"https:\/\/conakrynews.org\/index.php\/wp-json\/wp\/v2\/media?parent=8300"}],"wp:term":[{"taxonomy":"category","embeddable":true,"href":"https:\/\/conakrynews.org\/index.php\/wp-json\/wp\/v2\/categories?post=8300"},{"taxonomy":"post_tag","embeddable":true,"href":"https:\/\/conakrynews.org\/index.php\/wp-json\/wp\/v2\/tags?post=8300"}],"curies":[{"name":"wp","href":"https:\/\/api.w.org\/{rel}","templated":true}]}}