{"id":8364,"date":"2021-05-19T08:08:19","date_gmt":"2021-05-19T08:08:19","guid":{"rendered":"https:\/\/conakrynews.org\/?p=8364"},"modified":"2021-05-19T13:18:55","modified_gmt":"2021-05-19T13:18:55","slug":"guinee-forestiere-un-premier-cas-de-fievre-lassa-enregistre-dans-la-prefecture-de-yomou","status":"publish","type":"post","link":"https:\/\/conakrynews.org\/index.php\/guinee-forestiere-un-premier-cas-de-fievre-lassa-enregistre-dans-la-prefecture-de-yomou\/","title":{"rendered":"Guin\u00e9e foresti\u00e8re: Un premier cas de fi\u00e8vre LASSA enregistr\u00e9 dans la pr\u00e9fecture de Yomou"},"content":{"rendered":"<h1 class=\"name post-title entry-title\"><img loading=\"lazy\" decoding=\"async\" class=\"alignright size-medium wp-image-8365\" src=\"https:\/\/conakrynews.org\/wp-content\/uploads\/2021\/05\/ebola1-660x330-1-515x258.jpg\" alt=\"\" width=\"515\" height=\"258\" srcset=\"https:\/\/conakrynews.org\/wp-content\/uploads\/2021\/05\/ebola1-660x330-1-515x258.jpg 515w, https:\/\/conakrynews.org\/wp-content\/uploads\/2021\/05\/ebola1-660x330-1.jpg 660w\" sizes=\"auto, (max-width: 515px) 100vw, 515px\" \/><\/h1>\n<div class=\"clear\"><\/div>\n<div class=\"entry\">\n<p>A travers un communiqu\u00e9 publi\u00e9 lundi, 17 mai 2021 \u00e0 Conakry, le Minist\u00e8re de la Sant\u00e9 a annonc\u00e9 la pr\u00e9sence d\u2019un premier cas de fi\u00e8vre LASSA en R\u00e9publique de Guin\u00e9e.<br \/>\nCe premier cas de fi\u00e8vre LASSA a \u00e9t\u00e9 enregistr\u00e9 dans la pr\u00e9fecture de Yomou apr\u00e8s une double confirmation des laboratoires de N\u2019Z\u00e9r\u00e9kor\u00e9 et des fi\u00e8vres h\u00e9morragique de Conakry selon le dit communiqu\u00e9.<br \/>\nLe Minist\u00e8re de la Sant\u00e9 et partenaires sont \u00e0 pied d\u2019\u0153uvre pour limiter la propagation de maladie.<\/p>\n<p><b>Source:guineequotidien.com<\/b><\/p>\n<\/div>\n<div class=\"share-post\">\n<ul class=\"flat-social\">\n<li><\/li>\n<\/ul>\n<\/div>\n","protected":false},"excerpt":{"rendered":"<p>A travers un communiqu\u00e9 publi\u00e9 lundi, 17 mai 2021 \u00e0 Conakry, le Minist\u00e8re de la Sant\u00e9 a annonc\u00e9 la pr\u00e9sence d\u2019un premier cas de fi\u00e8vre LASSA en R\u00e9publique de Guin\u00e9e. Ce premier cas de fi\u00e8vre LASSA a \u00e9t\u00e9 enregistr\u00e9 dans la pr\u00e9fecture de Yomou apr\u00e8s une double confirmation des laboratoires de N\u2019Z\u00e9r\u00e9kor\u00e9 et des fi\u00e8vres [&hellip;]<\/p>\n","protected":false},"author":2,"featured_media":8365,"comment_status":"closed","ping_status":"closed","sticky":false,"template":"","format":"standard","meta":{"footnotes":""},"categories":[59],"tags":[],"class_list":{"0":"post-8364","1":"post","2":"type-post","3":"status-publish","4":"format-standard","5":"has-post-thumbnail","7":"category-sante"},"_links":{"self":[{"href":"https:\/\/conakrynews.org\/index.php\/wp-json\/wp\/v2\/posts\/8364","targetHints":{"allow":["GET"]}}],"collection":[{"href":"https:\/\/conakrynews.org\/index.php\/wp-json\/wp\/v2\/posts"}],"about":[{"href":"https:\/\/conakrynews.org\/index.php\/wp-json\/wp\/v2\/types\/post"}],"author":[{"embeddable":true,"href":"https:\/\/conakrynews.org\/index.php\/wp-json\/wp\/v2\/users\/2"}],"replies":[{"embeddable":true,"href":"https:\/\/conakrynews.org\/index.php\/wp-json\/wp\/v2\/comments?post=8364"}],"version-history":[{"count":0,"href":"https:\/\/conakrynews.org\/index.php\/wp-json\/wp\/v2\/posts\/8364\/revisions"}],"wp:featuredmedia":[{"embeddable":true,"href":"https:\/\/conakrynews.org\/index.php\/wp-json\/wp\/v2\/media\/8365"}],"wp:attachment":[{"href":"https:\/\/conakrynews.org\/index.php\/wp-json\/wp\/v2\/media?parent=8364"}],"wp:term":[{"taxonomy":"category","embeddable":true,"href":"https:\/\/conakrynews.org\/index.php\/wp-json\/wp\/v2\/categories?post=8364"},{"taxonomy":"post_tag","embeddable":true,"href":"https:\/\/conakrynews.org\/index.php\/wp-json\/wp\/v2\/tags?post=8364"}],"curies":[{"name":"wp","href":"https:\/\/api.w.org\/{rel}","templated":true}]}}