{"id":8369,"date":"2021-05-19T12:13:42","date_gmt":"2021-05-19T12:13:42","guid":{"rendered":"https:\/\/conakrynews.org\/?p=8369"},"modified":"2021-05-19T13:18:53","modified_gmt":"2021-05-19T13:18:53","slug":"new-deal-dts-dettes-et-vaccins-ce-quil-faut-retenir-du-sommet-sur-le-financement-des-economies-africaines","status":"publish","type":"post","link":"https:\/\/conakrynews.org\/index.php\/new-deal-dts-dettes-et-vaccins-ce-quil-faut-retenir-du-sommet-sur-le-financement-des-economies-africaines\/","title":{"rendered":"New Deal \u00bb, DTS, dettes et vaccins\u2026 Ce qu\u2019il faut retenir du sommet sur le financement des \u00e9conomies africaines"},"content":{"rendered":"<ol>\n<li class=\"name post-title entry-title\">New Deal \u00bb, DTS, dettes et vaccins\u2026 Ce qu\u2019il faut retenir du sommet sur le financement des \u00e9conomies africaines<br \/>\n<hr \/>\n<\/li>\n<\/ol>\n<div class=\"clear\"><img loading=\"lazy\" decoding=\"async\" class=\"alignright size-medium wp-image-8370\" src=\"https:\/\/conakrynews.org\/wp-content\/uploads\/2021\/05\/sommet-france-Afrique-515x258.jpg\" alt=\"\" width=\"515\" height=\"258\" srcset=\"https:\/\/conakrynews.org\/wp-content\/uploads\/2021\/05\/sommet-france-Afrique-515x258.jpg 515w, https:\/\/conakrynews.org\/wp-content\/uploads\/2021\/05\/sommet-france-Afrique.jpg 592w\" sizes=\"auto, (max-width: 515px) 100vw, 515px\" \/><\/div>\n<div class=\"entry\">\n<p class=\"lead\">Le sommet se donnait pour objectif de trouver les moyens de relancer l\u2019\u00e9conomie africaine. Emmanuel Macron, qui recevait 21 chefs d\u2019\u00c9tat et de gouvernement du continent, assure que les discussions ont permis le \u00ab lancement d\u2019une dynamique profonde \u00bb.<\/p>\n<p>\u00c0 l\u2019ouverture de\u00a0<a href=\"https:\/\/www.jeuneafrique.com\/1173922\/politique\/sommet-sur-les-economies-africaines-de-ouattara-a-tshisekedi-macron-reunit-les-dirigeants-du-continent-a-paris\/\">ce sommet sur le financement des \u00e9conomies africaines<\/a>, ce 18 mai, \u00e0 Paris, Emmanuel Macron avait martel\u00e9 deux mots : \u00ab\u00a0urgence\u00a0\u00bb et \u00ab\u00a0ambition\u00a0\u00bb pour le continent. Quelques heures plus tard, lorsqu\u2019est venu le moment de dresser le bilan devant la tour Eiffel, le constat est mi-figue, mi-raisin.<\/p>\n<p>Aux cot\u00e9s de leur homologue fran\u00e7ais,\u00a0<a href=\"https:\/\/www.jeuneafrique.com\/1170854\/politique\/ouattara-tshisekedi-kagame-quels-chefs-detat-assisteront-au-sommet-sur-les-economies-africaines-de-paris\/\">21 chefs d\u2019\u00c9tat et de gouvernement africains avaient fait le d\u00e9placement<\/a>\u00a0pour ce sommet, ainsi que plusieurs responsables d\u2019organisations continentales (Union africaine, BAD\u2026) et internationales (Union europ\u00e9enne, FMI\u2026). Objectif : r\u00e9pondre au choc \u00e9conomique sans pr\u00e9c\u00e9dent que repr\u00e9sente la pand\u00e9mie de Covid-19 et mettre en place un vaste plan de relance pour le continent, une sorte de \u00ab\u00a0New Deal\u00a0\u00bb africain comme l\u2019ont qualifi\u00e9 les participants.<\/p>\n<h2>En qu\u00eate du \u00ab New Deal \u00bb<\/h2>\n<p>\u00ab\u00a0Ce moment peut \u00eatre une chance \u00e0 saisir pour enfin r\u00e9pondre \u00e0 d\u2019immenses d\u00e9fis que nous ne voulions pas au fond totalement relever les ann\u00e9es pr\u00e9c\u00e9dentes, a estim\u00e9 Emmanuel Macron lors de la conf\u00e9rence de presse finale. L\u2019objectif de ce sommet \u00e9tait double : apporter des r\u00e9ponses de court terme et lancer une dynamique qui puisse v\u00e9ritablement cr\u00e9er ce New Deal \u00e9conomique et strat\u00e9gique avec le continent africain. Je crois que sur ces deux volets nous avons r\u00e9ussi \u00e0 avancer. Certes, on ne change pas en un jour et en un sommet la vie du continent africain ni les relations entre l\u2019Afrique et le reste du monde, mais je crois que nos discussions ont montr\u00e9 une prise de conscience collective, un changement d\u2019\u00e9tat d\u2019esprit et le lancement d\u2019une dynamique profonde.\u00a0\u00bb<\/p>\n<p>\u00c0 l\u2019heure o\u00f9 la plupart des pays riches ont d\u00e9j\u00e0 adopt\u00e9 des plans de financement massifs \u00e0 coups de centaine de milliards d\u2019euros, beaucoup craignent un d\u00e9crochage des \u00e9conomies africaines \u2013 et toutes les cons\u00e9quences sociales et migratoires qui s\u2019en suivent \u2013 si rien n\u2019est fait pour les aider \u00e0 surmonter la crise actuelle.<\/p>\n<p>Touch\u00e9e de plein fouet sur le plan \u00e9conomique et social par\u00a0<a href=\"https:\/\/www.jeuneafrique.com\/910230\/societe\/coronavirus-en-afrique-une-carte-pour-suivre-au-jour-le-jour-lavancee-de-lepidemie\/\">la pand\u00e9mie de Covid-19<\/a>, l\u2019Afrique a connu une re\u0301cession en 2020 apr\u00e8s un quart de si\u00e8cle de croissance continue. Selon le Fonds mone\u0301taire international (FMI), jusqu\u2019a\u0300 285 milliards de dollars de financements supple\u0301mentaires sur la pe\u0301riode 2021-2025 seraient ne\u0301cessaires aux pays africains pour renforcer leur re\u0301ponse a\u0300 la pande\u0301mie.<\/p>\n<h3>Une \u00ab goutte d\u2019eau \u00bb<\/h3>\n<p>Pour relever cet immense d\u00e9fi financier, un outil a \u00e9t\u00e9 au c\u0153ur des d\u00e9bats au Grand Palais \u00e9ph\u00e9m\u00e8re, install\u00e9 sur le Champ de Mars :\u00a0<a href=\"https:\/\/www.jeuneafrique.com\/1084300\/economie\/18-milliards-de-dollars-pour-lafrique-les-dts-remede-miracle-a-la-crise\/\">les droits de tirages sp\u00e9ciaux (DTS) du FMI<\/a>, qui permettent de fournir des devises aux pays qui en ont besoin sans cr\u00e9er de dette suppl\u00e9mentaire.<\/p>\n<p>Le principe d\u2019une \u00e9mission globale de 650 milliards de dollars de DTS par le FMI \u2013 act\u00e9 avant ce sommet, notamment gr\u00e2ce \u00e0 l\u2019aval des \u00c9tats-Unis, en mars dernier \u2013 a \u00e9t\u00e9 confirm\u00e9. Mais sur ces 650 milliards, seuls 33 milliards sont destin\u00e9s aux pays africains \u2013 lesquels pourraient \u00eatre mis \u00e0 leur disposition d\u00e8s le mois de septembre. Pourquoi un montant si faible, une \u00ab\u00a0goutte d\u2019eau\u00a0\u00bb comme l\u2019a estim\u00e9 Macky Sall ? Car les DTS sont r\u00e9partis en fonction des quotes-parts de chaque pays au sein du FMI. Leur part la plus importante va donc aux pays les plus riches.<\/p>\n<div class=\"page\" title=\"Page 2\">\n<div class=\"layoutArea\">\n<div class=\"column\">\n<p>\u00ab\u00a0C\u2019est trop peu et encore insuffisant\u00a0\u00bb, a reconnu Emmanuel Macron en cl\u00f4ture du sommet. D\u2019o\u00f9 la volont\u00e9 affich\u00e9e de parvenir, dans les mois \u00e0 venir, \u00e0 un objectif de 100 milliards de dollars de DTS pour l\u2019Afrique. Comment y parvenir ? Gr\u00e2ce aux r\u00e9allocations de DTS aux pays du continent par les pays les plus riches. \u00ab\u00a0La France y est pr\u00eate, le Portugal aussi, a indiqu\u00e9 le pr\u00e9sident fran\u00e7ais. Il faut maintenant convaincre les autres de faire le m\u00eame effort, notamment les \u00c9tats-Unis.\u00a0\u00bb Aucun montant pr\u00e9cis ni calendrier sur ces r\u00e9allocations de DTS n\u2019ont toutefois \u00e9t\u00e9 communiqu\u00e9s.<\/p>\n<h4>Dettes et vaccins<\/h4>\n<\/div>\n<\/div>\n<\/div>\n<div class=\"page\" title=\"Page 8\">\n<div class=\"layoutArea\">\n<div class=\"column\">\n<p>Autre sujet largement abord\u00e9 durant ce sommet de Paris : la consolidation du moratoire sur les int\u00e9r\u00eats et le principal de la\u00a0<a href=\"https:\/\/www.jeuneafrique.com\/1001378\/economie\/qui-detient-la-dette-africaine\/\">dette d\u00e9tenue par les pays du G20 en 2020 et 2021<\/a>. La consolidation d\u2019un nouveau cadre commun pour la restructuration des dettes a aussi \u00e9t\u00e9 r\u00e9affirm\u00e9 par les participants. Trois pays sont d\u00e9j\u00e0 concern\u00e9s par ce nouveau cadre : le Tchad, la Zambie et l\u2019\u00c9thiopie. Les travaux sur la dette tchadienne sont attendus pour la fin du premier semestre 2021. \u00ab\u00a0C\u2019est un \u00e9l\u00e9ment test pour la cr\u00e9dibilit\u00e9 de ce cadre commun qui va permettre une nouvelle restructuration des dettes avec, pour la premi\u00e8re fois, tous les cr\u00e9anciers autour de la table (Europe, \u00c9tats-Unis, Chine\u2026)\u00a0\u00bb, a d\u00e9clar\u00e9 Emmanuel Macron.<\/p>\n<p>Enfin, la question des vaccins a \u00e9t\u00e9 au centre des discussions. Selon le FMI, seuls 2,9% de la population totale du continent est vaccin\u00e9e contre le Covid-19. L\u2019un des taux les plus faible du monde, qui s\u2019explique d\u2019abord par l\u2019absence de s\u00e9rums disponibles. Une situation qui n\u2019est \u00ab\u00a0pas soutenable\u00a0\u00bb, \u00ab\u00a0injuste\u00a0\u00bb, et \u00ab\u00a0inefficace\u00a0\u00bb, ont estim\u00e9 les participants. \u00ab\u00a0Tant que le virus continue \u00e0 circuler quelque part sur la plan\u00e8te, la plan\u00e8te ne sera pas en s\u00e9curit\u00e9\u00a0\u00bb, a r\u00e9sum\u00e9 Macky Sall, qui a notamment point\u00e9 le risque de voir de nouveaux mutants \u00e9merger sur le continent.<\/p>\n<p>Pour tenter d\u2019inverser la tendance et de r\u00e9pondre \u00e0 l\u2019urgence sanitaire, il a \u00e9t\u00e9 d\u00e9cid\u00e9 de \u00ab\u00a0pousser\u00a0\u00bb l\u2019ambition de\u00a0<a href=\"https:\/\/www.jeuneafrique.com\/1116149\/societe\/vaccins-anti-covid-combien-de-doses-recevront-les-pays-africains\/\">l\u2019initiative Covax de 20% \u00e0 40% d\u2019Africains vaccin\u00e9s d\u2019ici fin 2021<\/a>. Reste au FMI \u00e0 mobiliser 50 milliards de dollars pour parvenir \u00e0 ce doublement de la couverture vaccinale sur le continent.<\/p>\n<p>\u00c0 plus long terme, l\u2019ambition est aussi d\u2019aider les pays africains \u00e0\u00a0<a href=\"https:\/\/www.jeuneafrique.com\/1172240\/societe\/vaccins-contre-le-covid-19-rabat-alger-et-tunis-dans-la-course-a-la-production\/\">produire \u00ab\u00a0massivement\u00a0\u00bb des vaccins dans les prochains mois<\/a>, notamment gr\u00e2ce \u00e0 la mise en place des\u00a0<a href=\"https:\/\/www.jeuneafrique.com\/1108117\/societe\/infographie-vaccins-anti-covid-ou-en-est-lafrique\/\">partenariats de d\u00e9veloppement industriels, \u00e0 des transferts de technologie<\/a>\u00a0et \u00e0 la lev\u00e9e des contraintes en mati\u00e8re de propri\u00e9t\u00e9 intellectuelles.<\/p>\n<\/div>\n<p><strong>Lire la suite avec JA<\/strong><\/p>\n<\/div>\n<\/div>\n<\/div>\n","protected":false},"excerpt":{"rendered":"<p>New Deal \u00bb, DTS, dettes et vaccins\u2026 Ce qu\u2019il faut retenir du sommet sur le financement des \u00e9conomies africaines Le sommet se donnait pour objectif de trouver les moyens de relancer l\u2019\u00e9conomie africaine. Emmanuel Macron, qui recevait 21 chefs d\u2019\u00c9tat et de gouvernement du continent, assure que les discussions ont permis le \u00ab lancement d\u2019une [&hellip;]<\/p>\n","protected":false},"author":2,"featured_media":8370,"comment_status":"closed","ping_status":"closed","sticky":false,"template":"","format":"standard","meta":{"footnotes":""},"categories":[58],"tags":[],"class_list":{"0":"post-8369","1":"post","2":"type-post","3":"status-publish","4":"format-standard","5":"has-post-thumbnail","7":"category-societe"},"_links":{"self":[{"href":"https:\/\/conakrynews.org\/index.php\/wp-json\/wp\/v2\/posts\/8369","targetHints":{"allow":["GET"]}}],"collection":[{"href":"https:\/\/conakrynews.org\/index.php\/wp-json\/wp\/v2\/posts"}],"about":[{"href":"https:\/\/conakrynews.org\/index.php\/wp-json\/wp\/v2\/types\/post"}],"author":[{"embeddable":true,"href":"https:\/\/conakrynews.org\/index.php\/wp-json\/wp\/v2\/users\/2"}],"replies":[{"embeddable":true,"href":"https:\/\/conakrynews.org\/index.php\/wp-json\/wp\/v2\/comments?post=8369"}],"version-history":[{"count":0,"href":"https:\/\/conakrynews.org\/index.php\/wp-json\/wp\/v2\/posts\/8369\/revisions"}],"wp:featuredmedia":[{"embeddable":true,"href":"https:\/\/conakrynews.org\/index.php\/wp-json\/wp\/v2\/media\/8370"}],"wp:attachment":[{"href":"https:\/\/conakrynews.org\/index.php\/wp-json\/wp\/v2\/media?parent=8369"}],"wp:term":[{"taxonomy":"category","embeddable":true,"href":"https:\/\/conakrynews.org\/index.php\/wp-json\/wp\/v2\/categories?post=8369"},{"taxonomy":"post_tag","embeddable":true,"href":"https:\/\/conakrynews.org\/index.php\/wp-json\/wp\/v2\/tags?post=8369"}],"curies":[{"name":"wp","href":"https:\/\/api.w.org\/{rel}","templated":true}]}}