{"id":8378,"date":"2021-05-19T14:12:57","date_gmt":"2021-05-19T14:12:57","guid":{"rendered":"https:\/\/conakrynews.org\/?p=8378"},"modified":"2021-05-19T16:36:46","modified_gmt":"2021-05-19T16:36:46","slug":"un-journaliste-camerounais-condamne-a-23-mois-de-prison-apres-2-ans-en-detention","status":"publish","type":"post","link":"https:\/\/conakrynews.org\/index.php\/un-journaliste-camerounais-condamne-a-23-mois-de-prison-apres-2-ans-en-detention\/","title":{"rendered":"Un journaliste camerounais condamn\u00e9 \u00e0 23 mois de prison apr\u00e8s 2 ans en d\u00e9tention"},"content":{"rendered":"<h1 class=\"name post-title entry-title\"><img loading=\"lazy\" decoding=\"async\" class=\"alignright size-medium wp-image-8379\" src=\"https:\/\/conakrynews.org\/wp-content\/uploads\/2021\/05\/paul-660x330-1-515x258.jpg\" alt=\"\" width=\"515\" height=\"258\" srcset=\"https:\/\/conakrynews.org\/wp-content\/uploads\/2021\/05\/paul-660x330-1-515x258.jpg 515w, https:\/\/conakrynews.org\/wp-content\/uploads\/2021\/05\/paul-660x330-1.jpg 660w\" sizes=\"auto, (max-width: 515px) 100vw, 515px\" \/><\/h1>\n<div class=\"clear\"><\/div>\n<div class=\"entry\">\n<div class=\"intro\">\n<p>Il \u00e9tait accus\u00e9 de diffamation par Calixthe Beyala, une \u00e9crivaine fran\u00e7aise d\u2019origine camerounaise. Paul Tchouta aura d\u00e9j\u00e0 pass\u00e9 plus de 24 mois de d\u00e9tention pr\u00e9ventive.<\/p>\n<\/div>\n<p>Apr\u00e8s 27 renvois, le verdict est finalement tomb\u00e9 ce mardi: le lanceur d\u2019alerte et blogueur camerounais Paul Tchouta, arr\u00eat\u00e9 en mai 2019, \u00e9cope de 23 mois de prison, 2 millions de francs CFA de dommages et int\u00e9r\u00eats et 160.000 FCFA d\u2019amendes.<\/p>\n<p><em>\u00a0\u00bbOn va tout simplement appliquer le principe de la non r\u00e9troactivit\u00e9 de la loi. Cette derni\u00e8re n\u2019a d\u2019effets que pour l\u2019avenir\u00a0\u00bb<\/em>, a d\u00e9clar\u00e9 Me. Emmanuel Simh, son avocat. Concr\u00e8tement, il devrait \u00eatre rel\u00e2ch\u00e9 pour avoir pass\u00e9 plus de temps derri\u00e8re les barreaux que la dur\u00e9e impos\u00e9e par sa sentence.<\/p>\n<p><strong>L\u2019opinion publique divis\u00e9e<\/strong><\/p>\n<p>Cette d\u00e9cision \u00e9tait tr\u00e8s attendue par les associations de d\u00e9fense de droits humains, l\u2019opinion publique, les acteurs de la soci\u00e9t\u00e9 civile et la presse bien que divis\u00e9s sur le sujet.<\/p>\n<p>D\u00e9non\u00e7ant une\u00a0<em>\u00ab\u00a0condamnation inique\u00a0\u00bb\u00a0<\/em>et un \u00ab\u00a0<em>verdict de la honte\u00a0\u00bb<\/em>, l\u2019ONG Mandela Center International recommande \u00e0 l\u2019avocat de Paul Tchouta de faire appel.\u00a0<em>\u00ab\u00a0Mandela Center International exprime son indignation totale\u00a0\u00bb<\/em>, lit-on dans un communiqu\u00e9.<\/p>\n<p>Contact\u00e9 par VOA Afrique, Calixthe Beyala reste droite dans ses bottes : \u00ab\u00a0Le verdict est le m\u00eame que celui de Baongla, fils du chef de l\u2019Etat Paul Biya ; les deux hommes ont commis les m\u00eames actes et ont eu la m\u00eame peine\u00a0\u00bb, ass\u00e8ne-t-elle.<\/p>\n<p><em>\u00ab\u00a0Paul Tchouta sera libre le 19 mai, \u00e0 l\u2019heure o\u00f9 je fais ce post, je suis devant devant le tribunal et ses 160.000 Fcfa d\u2019amende ont d\u00e9j\u00e0 \u00e9t\u00e9 pay\u00e9s\u00a0\u00bb<\/em>, jubile sur le r\u00e9seau social Facebook Serge Aim\u00e9 Bikoi, r\u00e9dacteur en chef du journal en ligne Panorama Papers, et proche de Paul Tchouta.<\/p>\n<p>Le dernier rapport de Reporters Sans Fronti\u00e8res avait vivement critiqu\u00e9 l\u2019\u00e9tat de la libert\u00e9 d\u2019expression au Cameroun. Le pays \u00e9tait class\u00e9 parmi les mauvais \u00e9l\u00e8ves.<\/p>\n<p>A l\u2019origine, Paul Chouta \u00e9tait accus\u00e9 d\u2019avoir diffus\u00e9 sur les r\u00e9seaux sociaux une vid\u00e9o de Mme Beyala en train de s\u2019en prendre verbalement \u00e0 un homme \u00e0 Douala.<\/p>\n<p><em>\u00ab\u00a0L\u2019on est plus proche d\u2019une affaire kafka\u00efenne que d\u2019une proc\u00e9dure judiciaire dans un Etat de droit\u00a0\u00bb<\/em>, avait d\u00e9clar\u00e9 l\u2019an dernier Cyrille Rolande Bechon, directrice ex\u00e9cutive de Nouveaux droits de l\u2019homme.<\/p>\n<p>&nbsp;<\/p>\n<p>Avec VOA<\/p>\n<\/div>\n","protected":false},"excerpt":{"rendered":"<p>Il \u00e9tait accus\u00e9 de diffamation par Calixthe Beyala, une \u00e9crivaine fran\u00e7aise d\u2019origine camerounaise. Paul Tchouta aura d\u00e9j\u00e0 pass\u00e9 plus de 24 mois de d\u00e9tention pr\u00e9ventive. Apr\u00e8s 27 renvois, le verdict est finalement tomb\u00e9 ce mardi: le lanceur d\u2019alerte et blogueur camerounais Paul Tchouta, arr\u00eat\u00e9 en mai 2019, \u00e9cope de 23 mois de prison, 2 millions [&hellip;]<\/p>\n","protected":false},"author":2,"featured_media":8379,"comment_status":"closed","ping_status":"closed","sticky":false,"template":"","format":"standard","meta":{"footnotes":""},"categories":[58],"tags":[],"class_list":{"0":"post-8378","1":"post","2":"type-post","3":"status-publish","4":"format-standard","5":"has-post-thumbnail","7":"category-societe"},"_links":{"self":[{"href":"https:\/\/conakrynews.org\/index.php\/wp-json\/wp\/v2\/posts\/8378","targetHints":{"allow":["GET"]}}],"collection":[{"href":"https:\/\/conakrynews.org\/index.php\/wp-json\/wp\/v2\/posts"}],"about":[{"href":"https:\/\/conakrynews.org\/index.php\/wp-json\/wp\/v2\/types\/post"}],"author":[{"embeddable":true,"href":"https:\/\/conakrynews.org\/index.php\/wp-json\/wp\/v2\/users\/2"}],"replies":[{"embeddable":true,"href":"https:\/\/conakrynews.org\/index.php\/wp-json\/wp\/v2\/comments?post=8378"}],"version-history":[{"count":0,"href":"https:\/\/conakrynews.org\/index.php\/wp-json\/wp\/v2\/posts\/8378\/revisions"}],"wp:featuredmedia":[{"embeddable":true,"href":"https:\/\/conakrynews.org\/index.php\/wp-json\/wp\/v2\/media\/8379"}],"wp:attachment":[{"href":"https:\/\/conakrynews.org\/index.php\/wp-json\/wp\/v2\/media?parent=8378"}],"wp:term":[{"taxonomy":"category","embeddable":true,"href":"https:\/\/conakrynews.org\/index.php\/wp-json\/wp\/v2\/categories?post=8378"},{"taxonomy":"post_tag","embeddable":true,"href":"https:\/\/conakrynews.org\/index.php\/wp-json\/wp\/v2\/tags?post=8378"}],"curies":[{"name":"wp","href":"https:\/\/api.w.org\/{rel}","templated":true}]}}