{"id":8419,"date":"2021-05-21T11:00:06","date_gmt":"2021-05-21T11:00:06","guid":{"rendered":"https:\/\/conakrynews.org\/?p=8419"},"modified":"2021-05-21T11:46:49","modified_gmt":"2021-05-21T11:46:49","slug":"ceuta-lespagne-accuse-le-maroc-dagression-et-de-chantage","status":"publish","type":"post","link":"https:\/\/conakrynews.org\/index.php\/ceuta-lespagne-accuse-le-maroc-dagression-et-de-chantage\/","title":{"rendered":"Ceuta: l\u2019Espagne accuse le Maroc d\u2019\u00abagression\u00bb et de \u00abchantage\u00bb"},"content":{"rendered":"<h1 class=\"name post-title entry-title\"><\/h1>\n<div class=\"clear\"><\/div>\n<div class=\"entry\">\n<p>Le gouvernement espagnol a encore hauss\u00e9 le ton, jeudi 20 mai, contre le Maroc, accus\u00e9 d\u2019\u00ab\u00a0agression\u00a0\u00bb\u00a0et de \u00ab\u00a0chantage\u00a0\u00bb\u00a0par Margarita Robles, la ministre de la D\u00e9fense espagnole, apr\u00e8s l\u2019arriv\u00e9e de plus de 8\u00a0000 migrants depuis le 17 mai dans l\u2019enclave espagnole de Ceuta.<\/p>\n<p>L\u2019afflux de ces migrants en provenance du Maroc voisin \u00ab<em>\u00a0est une agression \u00e0 l\u2019\u00e9gard des fronti\u00e8res espagnoles, mais aussi des fronti\u00e8res de l\u2019Union europ\u00e9enne\u00a0<\/em>\u00bb, a d\u00e9nonc\u00e9 la ministre de la D\u00e9fense espagnole, Margarita Robles, sur la radio publique, en d\u00e9non\u00e7ant un \u00ab<em>\u00a0chantage<\/em>\u00a0\u00bb\u00a0de Rabat qu\u2019elle a accus\u00e9 d\u2019\u00ab\u00a0<em>utiliser des mineurs\u00a0<\/em>\u00bb. \u00ab\u00a0<em>Nous ne parlons pas de jeunes de 16, 17 ans<\/em>\u00a0\u00bb, le Maroc a laiss\u00e9 passer des \u00ab\u00a0<em>enfants de 7 ou 8 ans, d\u2019apr\u00e8s ce que nous ont rapport\u00e9 les ONG<\/em>\u00a0[\u2026]\u00a0<em>en faisant fi du droit international\u00a0<\/em>\u00bb, a vilipend\u00e9 la ministre. L\u2019image d\u2019un b\u00e9b\u00e9 sauv\u00e9 de la noyade par un agent de la garde civile espagnole a notamment fait le tour du monde, suscitant l\u2019effroi sur les r\u00e9seaux sociaux.<\/p>\n<h3>\u00ab\u00a0<em>Manque de respect<\/em>\u00a0\u00bb<\/h3>\n<p>\u00c0 travers ces d\u00e9clarations de la ministre de la D\u00e9fense, le gouvernement espagnol hausse encore le ton contre le Maroc, dont il avait convoqu\u00e9 l\u2019ambassadrice en Espagne, mardi 18 mai, pour exprimer son \u00ab\u00a0<em>m\u00e9contentement\u00a0<\/em>\u00bb. Le Premier ministre Pedro Sanchez avait, lui, accus\u00e9 mercredi Rabat \u00ab<em>\u00a0de manque de respect\u00a0<\/em>\u00bb. Depuis lundi, une mar\u00e9e humaine de plus de 8\u00a0000 candidats \u00e0 l\u2019exil, en tr\u00e8s grande majorit\u00e9 des Marocains, a rejoint sans entrave le petit port espagnol \u00e0 la faveur d\u2019un rel\u00e2chement des contr\u00f4les frontaliers de la part du Maroc. Parmi eux, un nombre impressionnant de jeunes partis seuls ou d\u2019enfants en bas \u00e2ge, emmen\u00e9s par leur famille.<\/p>\n<h3>Vague migratoire in\u00e9dite<\/h3>\n<p>Cette vague migratoire in\u00e9dite a pour toile de fond la crise diplomatique majeure entre Madrid et Rabat, qui ne d\u00e9col\u00e8re pas depuis l\u2019arriv\u00e9e le mois dernier en Espagne, pour y \u00eatre soign\u00e9, du chef des ind\u00e9pendantistes sahraouis du Front Polisario, ennemi jur\u00e9 du Maroc. Plusieurs ONG espagnoles et marocaines ont d\u00e9nonc\u00e9 le fait que ces mineurs se retrouvent victimes de la brouille entre les deux pays et s\u2019inqui\u00e8tent de les voir expuls\u00e9s vers le Maroc.<\/p>\n<p>Sur les plus de 8\u00a0000 migrants, 5\u00a0600 ont d\u00e9j\u00e0 \u00e9t\u00e9 expuls\u00e9s vers le Maroc, selon des chiffres donn\u00e9s le 19 mai par les autorit\u00e9s espagnoles. Durcissant le ton \u00e9galement contre Rabat, Bruxelles a assur\u00e9 mercredi, par la voix du vice-pr\u00e9sident de la Commission europ\u00e9enne, Margaritis Schinas, que \u00ab<em>\u00a0personne ne peut intimider ou faire chanter l\u2019Union europ\u00e9enne<\/em>\u00a0[\u2026]\u00a0<em>sur le th\u00e8me migratoire<\/em>\u00a0\u00bb.<\/p>\n<div id=\"tms-ad-inread-0013767485656932532\" class=\"tms-ad\" data-tms-ad-type=\"inread\" data-tms-ad-provider=\"invibes\" data-tms-ad-status=\"loaded\">\n<div id=\"divVideoStepAdBottom\" class=\"divVideoStep\"><\/div>\n<\/div>\n<p><strong>(<em>Avec\u00a0<\/em>AFP)<\/strong><\/p>\n<\/div>\n","protected":false},"excerpt":{"rendered":"<p>Le gouvernement espagnol a encore hauss\u00e9 le ton, jeudi 20 mai, contre le Maroc, accus\u00e9 d\u2019\u00ab\u00a0agression\u00a0\u00bb\u00a0et de \u00ab\u00a0chantage\u00a0\u00bb\u00a0par Margarita Robles, la ministre de la D\u00e9fense espagnole, apr\u00e8s l\u2019arriv\u00e9e de plus de 8\u00a0000 migrants depuis le 17 mai dans l\u2019enclave espagnole de Ceuta. L\u2019afflux de ces migrants en provenance du Maroc voisin \u00ab\u00a0est une agression \u00e0 [&hellip;]<\/p>\n","protected":false},"author":2,"featured_media":8420,"comment_status":"closed","ping_status":"closed","sticky":false,"template":"","format":"standard","meta":{"footnotes":""},"categories":[57],"tags":[],"class_list":{"0":"post-8419","1":"post","2":"type-post","3":"status-publish","4":"format-standard","5":"has-post-thumbnail","7":"category-politique"},"_links":{"self":[{"href":"https:\/\/conakrynews.org\/index.php\/wp-json\/wp\/v2\/posts\/8419","targetHints":{"allow":["GET"]}}],"collection":[{"href":"https:\/\/conakrynews.org\/index.php\/wp-json\/wp\/v2\/posts"}],"about":[{"href":"https:\/\/conakrynews.org\/index.php\/wp-json\/wp\/v2\/types\/post"}],"author":[{"embeddable":true,"href":"https:\/\/conakrynews.org\/index.php\/wp-json\/wp\/v2\/users\/2"}],"replies":[{"embeddable":true,"href":"https:\/\/conakrynews.org\/index.php\/wp-json\/wp\/v2\/comments?post=8419"}],"version-history":[{"count":0,"href":"https:\/\/conakrynews.org\/index.php\/wp-json\/wp\/v2\/posts\/8419\/revisions"}],"wp:featuredmedia":[{"embeddable":true,"href":"https:\/\/conakrynews.org\/index.php\/wp-json\/wp\/v2\/media\/8420"}],"wp:attachment":[{"href":"https:\/\/conakrynews.org\/index.php\/wp-json\/wp\/v2\/media?parent=8419"}],"wp:term":[{"taxonomy":"category","embeddable":true,"href":"https:\/\/conakrynews.org\/index.php\/wp-json\/wp\/v2\/categories?post=8419"},{"taxonomy":"post_tag","embeddable":true,"href":"https:\/\/conakrynews.org\/index.php\/wp-json\/wp\/v2\/tags?post=8419"}],"curies":[{"name":"wp","href":"https:\/\/api.w.org\/{rel}","templated":true}]}}