{"id":8422,"date":"2021-05-21T11:10:01","date_gmt":"2021-05-21T11:10:01","guid":{"rendered":"https:\/\/conakrynews.org\/?p=8422"},"modified":"2021-05-21T11:46:06","modified_gmt":"2021-05-21T11:46:06","slug":"guinee-comment-tibou-kamara-est-devenu-lun-des-hommes-cles-du-dispositif-dalpha-conde","status":"publish","type":"post","link":"https:\/\/conakrynews.org\/index.php\/guinee-comment-tibou-kamara-est-devenu-lun-des-hommes-cles-du-dispositif-dalpha-conde\/","title":{"rendered":"Guin\u00e9e : comment Tibou Kamara est devenu l\u2019un des hommes cl\u00e9s du dispositif d\u2019Alpha Cond\u00e9"},"content":{"rendered":"<h1 class=\"name post-title entry-title\"><img loading=\"lazy\" decoding=\"async\" class=\"alignright size-medium wp-image-8423\" src=\"https:\/\/conakrynews.org\/wp-content\/uploads\/2021\/05\/tibou_camara-515x258.jpg\" alt=\"\" width=\"515\" height=\"258\" srcset=\"https:\/\/conakrynews.org\/wp-content\/uploads\/2021\/05\/tibou_camara-515x258.jpg 515w, https:\/\/conakrynews.org\/wp-content\/uploads\/2021\/05\/tibou_camara.jpg 592w\" sizes=\"auto, (max-width: 515px) 100vw, 515px\" \/><\/h1>\n<div class=\"clear\"><\/div>\n<div class=\"entry\">\n<p class=\"lead\">Nomm\u00e9 porte-parole du gouvernement le 29 avril, Tibou Kamara prend une place encore plus centrale au sein de l\u2019ex\u00e9cutif, alors qu\u2019Alpha Cond\u00e9 entame son troisi\u00e8me mandat. \u00c0 seulement 48 ans, ce jeune ministre poss\u00e8de d\u00e9j\u00e0 une longue exp\u00e9rience des diff\u00e9rents pouvoirs qui se sont succ\u00e9d\u00e9 \u00e0 la t\u00eate du pays.<\/p>\n<p>Il y a une d\u00e9cennie, on le disait d\u00e9j\u00e0 \u00ab\u00a0indispensable\u00a0\u00bb. \u00c0\u00a0 l\u2019or\u00e9e de la cinquantaine, Tibou Kamara a imprim\u00e9 sa marque sur un quart de si\u00e8cle de la vie politique guin\u00e9enne. De Cont\u00e9 \u00e0 Cond\u00e9 en passant m\u00eame par Moussa Dadis Camara, il aura servi tous les hommes qui ont tenu les r\u00eanes du pouvoir \u00e0 Conakry. Indispensable Kamara. Insaisissable, aussi, tant son parcours, ses prises de positions et ses changements d\u2019alliance peuvent surprendre.<\/p>\n<p>Dernier galons gagn\u00e9s en date : ceux de porte-parole du gouvernement, une fonction qu\u2019il cumule avec celles de ministre d\u2019\u00c9tat conseiller personnel du chef de l\u2019\u00c9tat et avec ses responsabilit\u00e9s en tant que ministre de l\u2019Industrie et des PME. \u00c0 peine install\u00e9, Tibou Kamara a voulu imprimer sa marque. Il l\u2019assure : d\u00e9sormais,\u00a0<a href=\"https:\/\/www.jeuneafrique.com\/1151501\/politique\/guinee-alpha-conde-peut-il-vraiment-gouverner-autrement\/\">chaque conseil des ministres sera imm\u00e9diatement suivi d\u2019un point presse<\/a>. \u00ab La responsabilit\u00e9 publique s\u2019accompagne de l\u2019obligation de rendre compte, mart\u00e8le le jeune ministre. Mon r\u00f4le n\u2019est pas seulement de d\u00e9fendre le gouvernement, mais de savoir quelles sont les attentes de l\u2019opinion, ses inqui\u00e9tudes, et d\u2019y apporter la meilleure r\u00e9ponse possible. \u00bb Le leitmotiv colle parfaitement au slogan sous le signe duquel Alpha Cond\u00e9 \u00e0 voulu placer le d\u00e9but de son troisi\u00e8me mandat, promettant de \u00ab\u00a0gouverner autrement\u00a0\u00bb.<\/p>\n<p>Le porte-parole nomm\u00e9 le 29 avril s\u2019est pli\u00e9 \u00e0 l\u2019exercice le 6 mai dernier, \u00e0 l\u2019issue du premier conseil des ministres depuis sa nomination. Il a alors livr\u00e9 un long compte-rendu d\u00e9taill\u00e9 et tr\u00e8s formel des points abord\u00e9s : du Covid-19 aux discussions sur le fonctionnement des juridictions de commerce. Il s\u2019est aussi pli\u00e9 \u00e0 l\u2019exercice des questions d\u2019actualit\u00e9, abordant les manifestations en Haute-Guin\u00e9e contre l\u2019interdiction par les autorit\u00e9s religieuses des pri\u00e8res nocturnes des dix derniers jours du ramadan, la d\u00e9tention des opposants politiques ou encore la gr\u00e8ve des huissiers de justice. Un exercice n\u00e9cessaire, mais qui rel\u00e8ve parfois d\u2019une gageure, insiste le ministre, qui assure vouloir \u00ab prot\u00e9ger la population de la d\u00e9sinformation due, parfois, \u00e0 la sous-information \u00bb.<\/p>\n<p>&nbsp;<\/p>\n<h3>Lire la suite avec JA<\/h3>\n<\/div>\n","protected":false},"excerpt":{"rendered":"<p>Nomm\u00e9 porte-parole du gouvernement le 29 avril, Tibou Kamara prend une place encore plus centrale au sein de l\u2019ex\u00e9cutif, alors qu\u2019Alpha Cond\u00e9 entame son troisi\u00e8me mandat. \u00c0 seulement 48 ans, ce jeune ministre poss\u00e8de d\u00e9j\u00e0 une longue exp\u00e9rience des diff\u00e9rents pouvoirs qui se sont succ\u00e9d\u00e9 \u00e0 la t\u00eate du pays. Il y a une d\u00e9cennie, [&hellip;]<\/p>\n","protected":false},"author":2,"featured_media":8423,"comment_status":"closed","ping_status":"closed","sticky":false,"template":"","format":"standard","meta":{"footnotes":""},"categories":[57],"tags":[],"class_list":{"0":"post-8422","1":"post","2":"type-post","3":"status-publish","4":"format-standard","5":"has-post-thumbnail","7":"category-politique"},"_links":{"self":[{"href":"https:\/\/conakrynews.org\/index.php\/wp-json\/wp\/v2\/posts\/8422","targetHints":{"allow":["GET"]}}],"collection":[{"href":"https:\/\/conakrynews.org\/index.php\/wp-json\/wp\/v2\/posts"}],"about":[{"href":"https:\/\/conakrynews.org\/index.php\/wp-json\/wp\/v2\/types\/post"}],"author":[{"embeddable":true,"href":"https:\/\/conakrynews.org\/index.php\/wp-json\/wp\/v2\/users\/2"}],"replies":[{"embeddable":true,"href":"https:\/\/conakrynews.org\/index.php\/wp-json\/wp\/v2\/comments?post=8422"}],"version-history":[{"count":0,"href":"https:\/\/conakrynews.org\/index.php\/wp-json\/wp\/v2\/posts\/8422\/revisions"}],"wp:featuredmedia":[{"embeddable":true,"href":"https:\/\/conakrynews.org\/index.php\/wp-json\/wp\/v2\/media\/8423"}],"wp:attachment":[{"href":"https:\/\/conakrynews.org\/index.php\/wp-json\/wp\/v2\/media?parent=8422"}],"wp:term":[{"taxonomy":"category","embeddable":true,"href":"https:\/\/conakrynews.org\/index.php\/wp-json\/wp\/v2\/categories?post=8422"},{"taxonomy":"post_tag","embeddable":true,"href":"https:\/\/conakrynews.org\/index.php\/wp-json\/wp\/v2\/tags?post=8422"}],"curies":[{"name":"wp","href":"https:\/\/api.w.org\/{rel}","templated":true}]}}