{"id":8430,"date":"2021-05-22T10:37:47","date_gmt":"2021-05-22T10:37:47","guid":{"rendered":"https:\/\/conakrynews.org\/?p=8430"},"modified":"2021-05-22T11:47:39","modified_gmt":"2021-05-22T11:47:39","slug":"le-cessez-le-feu-israelo-palestinien-entre-en-vigueur","status":"publish","type":"post","link":"https:\/\/conakrynews.org\/index.php\/le-cessez-le-feu-israelo-palestinien-entre-en-vigueur\/","title":{"rendered":"Le cessez-le-feu isra\u00e9lo-palestinien entre en vigueur"},"content":{"rendered":"<h1 class=\"name post-title entry-title\"><img loading=\"lazy\" decoding=\"async\" class=\"alignright size-medium wp-image-8434\" src=\"https:\/\/conakrynews.org\/wp-content\/uploads\/2021\/05\/gaza1-660x330-1-515x258.jpg\" alt=\"\" width=\"515\" height=\"258\" srcset=\"https:\/\/conakrynews.org\/wp-content\/uploads\/2021\/05\/gaza1-660x330-1-515x258.jpg 515w, https:\/\/conakrynews.org\/wp-content\/uploads\/2021\/05\/gaza1-660x330-1.jpg 660w\" sizes=\"auto, (max-width: 515px) 100vw, 515px\" \/><\/h1>\n<div class=\"clear\"><\/div>\n<div class=\"entry\">\n<div class=\"bbc-19j92fr e57qer20\" dir=\"ltr\">\n<p class=\"bbc-ph03xj e1cc2ql70\" dir=\"ltr\"><b>Un cessez-le-feu entre Isra\u00ebl et le groupe militant palestinien Hamas dans la bande de Gaza est entr\u00e9 en vigueur.<\/b><\/p>\n<\/div>\n<div class=\"bbc-19j92fr e57qer20\" dir=\"ltr\">\n<p class=\"bbc-ph03xj e1cc2ql70\" dir=\"ltr\">Il d\u00e9bute t\u00f4t vendredi, mettant fin \u00e0 11 jours de combats au cours desquels plus de 240 personnes ont \u00e9t\u00e9 tu\u00e9es, la plupart \u00e0 Gaza.<\/p>\n<\/div>\n<div class=\"bbc-19j92fr e57qer20\" dir=\"ltr\">\n<p class=\"bbc-ph03xj e1cc2ql70\" dir=\"ltr\">Les Palestiniens ont afflu\u00e9 dans les rues de Gaza peu apr\u00e8s le d\u00e9but de la tr\u00eave, tandis qu\u2019un responsable du Hamas a pr\u00e9venu que ses mains \u00e9taient \u00ab\u00a0sur la g\u00e2chette\u00a0\u00bb.<\/p>\n<\/div>\n<div class=\"bbc-19j92fr e57qer20\" dir=\"ltr\">\n<p class=\"bbc-ph03xj e1cc2ql70\" dir=\"ltr\">Isra\u00ebl et le Hamas ont tous deux revendiqu\u00e9 la victoire dans le conflit.<\/p>\n<div class=\"bbc-19j92fr e57qer20\" dir=\"ltr\">\n<p class=\"bbc-ph03xj e1cc2ql70\" dir=\"ltr\">Le pr\u00e9sident am\u00e9ricain Joe Biden affirme que le cessez-le-feu offre une \u00ab\u00a0v\u00e9ritable opportunit\u00e9\u00a0\u00bb de progr\u00e8s.<\/p>\n<\/div>\n<div class=\"bbc-19j92fr e57qer20\" dir=\"ltr\">\n<p class=\"bbc-ph03xj e1cc2ql70\" dir=\"ltr\">Peu apr\u00e8s son entr\u00e9e en vigueur \u00e0 02h00 vendredi (23h00 GMT jeudi), un grand nombre de Palestiniens sont descendus dans les rues en voiture et \u00e0 pied pour f\u00eater l\u2019\u00e9v\u00e9nement. \u00c0 Gaza, les conducteurs klaxonnaient, tandis que les haut-parleurs des mosqu\u00e9es pronon\u00e7aient \u00ab\u00a0la victoire de la r\u00e9sistance\u00a0\u00bb.<\/p>\n<\/div>\n<div class=\"bbc-19j92fr e57qer20\" dir=\"ltr\">\n<p class=\"bbc-ph03xj e1cc2ql70\" dir=\"ltr\">L\u2019arm\u00e9e isra\u00e9lienne annonce peu apr\u00e8s qu\u2019elle l\u00e8ve presque toutes les restrictions d\u2019urgence sur les d\u00e9placements dans tout le pays.<\/p>\n<\/div>\n<div class=\"bbc-19j92fr e57qer20\" dir=\"ltr\">\n<p class=\"bbc-ph03xj e1cc2ql70\" dir=\"ltr\">Les combats ont commenc\u00e9 le 10 mai apr\u00e8s des semaines de tensions croissantes \u00e0 J\u00e9rusalem-Est occup\u00e9e et qui ont culmin\u00e9 avec des affrontements sur un lieu saint v\u00e9n\u00e9r\u00e9 par les musulmans et les juifs. Le Hamas a commenc\u00e9 \u00e0 tirer des roquettes apr\u00e8s avoir averti Isra\u00ebl de se retirer du site, ce qui a d\u00e9clench\u00e9 des frappes a\u00e9riennes de repr\u00e9sailles.<\/p>\n<\/div>\n<div class=\"bbc-19j92fr e57qer20\" dir=\"ltr\">\n<p class=\"bbc-ph03xj e1cc2ql70\" dir=\"ltr\">Au moins 232 personnes, dont plus de 100 femmes et enfants, ont \u00e9t\u00e9 tu\u00e9es \u00e0 Gaza, selon le minist\u00e8re de la Sant\u00e9. Isra\u00ebl annonce qu\u2019au moins 150 militants figuraient parmi les personnes tu\u00e9es \u00e0 Gaza. Le Hamas n\u2019a pas donn\u00e9 le nombre de victimes parmi les combattants.<\/p>\n<\/div>\n<div class=\"bbc-19j92fr e57qer20\" dir=\"ltr\">\n<p class=\"bbc-ph03xj e1cc2ql70\" dir=\"ltr\">En Isra\u00ebl, 12 personnes, dont deux enfants, ont \u00e9t\u00e9 tu\u00e9es, selon son service m\u00e9dical.<\/p>\n<\/div>\n<div class=\"bbc-19j92fr e57qer20\" dir=\"ltr\">\n<p class=\"bbc-ph03xj e1cc2ql70\" dir=\"ltr\">L\u2019arm\u00e9e isra\u00e9lienne affirme que plus de 4 300 roquettes ont \u00e9t\u00e9 tir\u00e9es vers son territoire par des militants et qu\u2019elle a frapp\u00e9 plus de 1 000 cibles militantes \u00e0 Gaza.<\/p>\n<\/div>\n<div class=\"bbc-19j92fr e57qer20\" dir=\"ltr\">\n<h4 id=\"Quont-dit-les-deux-parties-\" class=\"bbc-1o7vlk5 e14hemmw0\">Qu\u2019ont dit les deux parties ?<\/h4>\n<div class=\"bbc-19j92fr e57qer20\" dir=\"ltr\">\n<p class=\"bbc-ph03xj e1cc2ql70\" dir=\"ltr\">Le cabinet politique de s\u00e9curit\u00e9 isra\u00e9lien a d\u00e9clar\u00e9 jeudi soir qu\u2019il avait \u00ab\u00a0accept\u00e9 \u00e0 l\u2019unanimit\u00e9 la recommandation\u00a0\u00bb d\u2019un cessez-le-feu.<\/p>\n<\/div>\n<div class=\"bbc-19j92fr e57qer20\" dir=\"ltr\">\n<p class=\"bbc-ph03xj e1cc2ql70\" dir=\"ltr\">\u00ab\u00a0Les dirigeants politiques ont soulign\u00e9 que la r\u00e9alit\u00e9 sur le terrain d\u00e9terminera l\u2019avenir de la campagne\u00a0\u00bb, selon le communiqu\u00e9.<\/p>\n<\/div>\n<div class=\"bbc-19j92fr e57qer20\" dir=\"ltr\">\n<p class=\"bbc-ph03xj e1cc2ql70\" dir=\"ltr\">Le ministre isra\u00e9lien de la d\u00e9fense, Benny Gantz, \u00e9crit sur Twitter que l\u2019offensive de Gaza a permis des \u00ab\u00a0gains militaires sans pr\u00e9c\u00e9dent\u00a0\u00bb.<\/p>\n<\/div>\n<div class=\"bbc-19j92fr e57qer20\" dir=\"ltr\">\n<p class=\"bbc-ph03xj e1cc2ql70\" dir=\"ltr\">Un responsable isra\u00e9lien d\u00e9clare aux ministres que le Hamas a \u00e9t\u00e9 \u00ab\u00a0dissuad\u00e9 et a subi de s\u00e9rieux coups\u00a0\u00bb, selon le site d\u2019information Ynet.<\/p>\n<\/div>\n<div class=\"bbc-19j92fr e57qer20\" dir=\"ltr\">\n<p class=\"bbc-ph03xj e1cc2ql70\" dir=\"ltr\">Un responsable du Hamas indique \u00e0 l\u2019agence de presse Associated Press que le cessez-le-feu annonc\u00e9 par Isra\u00ebl \u00e9quivalait \u00e0 une \u00ab\u00a0victoire\u00a0\u00bb pour le peuple palestinien et \u00e0 une d\u00e9faite pour le Premier ministre isra\u00e9lien Benjamin Netanyahu.<\/p>\n<div class=\"bbc-19j92fr e57qer20\" dir=\"ltr\">\n<p class=\"bbc-ph03xj e1cc2ql70\" dir=\"ltr\">Ce point de vue \u00e9tait partag\u00e9 par les personnes qui c\u00e9l\u00e9braient dans les rues de Gaza. \u00ab\u00a0C\u2019est le jour de la victoire, le jour de la libert\u00e9, et c\u2019est le plus beau jour que nous ayons v\u00e9cu\u00a0\u00bb, affirme l\u2019un d\u2019eux.<\/p>\n<\/div>\n<div class=\"bbc-19j92fr e57qer20\" dir=\"ltr\">\n<p class=\"bbc-ph03xj e1cc2ql70\" dir=\"ltr\">Mais Basem Naim, du Conseil du Hamas sur les relations internationales, d\u00e9clare \u00e0 la BBC qu\u2019il est sceptique quant \u00e0 la p\u00e9rennit\u00e9 de la tr\u00eave.<\/p>\n<\/div>\n<div class=\"bbc-19j92fr e57qer20\" dir=\"ltr\">\n<p class=\"bbc-ph03xj e1cc2ql70\" dir=\"ltr\">\u00ab\u00a0Sans justice pour les Palestiniens, sans arr\u00eat de l\u2019agression isra\u00e9lienne et des atrocit\u00e9s isra\u00e9liennes contre notre peuple \u00e0 J\u00e9rusalem, le cessez-le-feu restera fragile\u00a0\u00bb, dit-il.<\/p>\n<\/div>\n<div class=\"bbc-19j92fr e57qer20\" dir=\"ltr\">\n<p class=\"bbc-ph03xj e1cc2ql70\" dir=\"ltr\">Un membre du bureau politique du Hamas, Izzat al-Reshiq, lance un avertissement \u00e0 Isra\u00ebl.<\/p>\n<\/div>\n<div class=\"bbc-19j92fr e57qer20\" dir=\"ltr\">\n<p class=\"bbc-ph03xj e1cc2ql70\" dir=\"ltr\">\u00ab\u00a0Il est vrai que la bataille se termine aujourd\u2019hui, mais Netanyahu et le monde entier doivent savoir que nos mains sont sur la g\u00e2chette et que nous continuerons \u00e0 renforcer les capacit\u00e9s de cette r\u00e9sistance\u00a0\u00bb, dit-il \u00e0 l\u2019agence de presse Reuters.<\/p>\n<\/div>\n<div class=\"bbc-19j92fr e57qer20\" dir=\"ltr\">\n<h3 id=\"Qua-dit-Joe-Biden-\" class=\"bbc-1o7vlk5 e14hemmw0\">Qu\u2019a dit Joe Biden ?<\/h3>\n<div class=\"bbc-19j92fr e57qer20\" dir=\"ltr\">\n<p class=\"bbc-ph03xj e1cc2ql70\" dir=\"ltr\">Le pr\u00e9sident am\u00e9ricain Joe Biden a f\u00e9licit\u00e9 M. Netanyahu lors d\u2019un appel t\u00e9l\u00e9phonique apr\u00e8s l\u2019annonce de l\u2019accord de cessez-le-feu.<\/p>\n<\/div>\n<div class=\"bbc-19j92fr e57qer20\" dir=\"ltr\">\n<p class=\"bbc-ph03xj e1cc2ql70\" dir=\"ltr\">Il d\u00e9clare que les \u00c9tats-Unis, l\u2019alli\u00e9 le plus proche et le plus important d\u2019Isra\u00ebl, soutiennent pleinement le \u00ab\u00a0droit du pays \u00e0 se d\u00e9fendre contre les attaques aveugles \u00e0 la roquette du Hamas et d\u2019autres groupes terroristes bas\u00e9s \u00e0 Gaza, qui ont co\u00fbt\u00e9 la vie \u00e0 des victimes innocentes\u00a0\u00bb.<\/p>\n<\/div>\n<div class=\"bbc-19j92fr e57qer20\" dir=\"ltr\">\n<p class=\"bbc-ph03xj e1cc2ql70\" dir=\"ltr\">Il a \u00e9galement f\u00e9licit\u00e9 le pr\u00e9sident \u00e9gyptien Abdul Fattah al-Sisi pour avoir n\u00e9goci\u00e9 le cessez-le-feu, avant d\u2019\u00e9voquer le co\u00fbt humain du conflit.<\/p>\n<\/div>\n<div class=\"bbc-19j92fr e57qer20\" dir=\"ltr\">\n<p class=\"bbc-ph03xj e1cc2ql70\" dir=\"ltr\">\u00ab\u00a0J\u2019adresse mes sinc\u00e8res condol\u00e9ances \u00e0 toutes les familles, isra\u00e9liennes et palestiniennes, qui ont perdu des \u00eatres chers et mon espoir d\u2019un r\u00e9tablissement complet pour les bless\u00e9s\u00a0\u00bb, ajoute-t-il.<\/p>\n<\/div>\n<div class=\"bbc-19j92fr e57qer20\" dir=\"ltr\">\n<p class=\"bbc-ph03xj e1cc2ql70\" dir=\"ltr\">\u00ab\u00a0Les \u00c9tats-Unis restent d\u00e9termin\u00e9s \u00e0 travailler avec les Nations unies\u00a0\u00bb pour fournir une aide humanitaire \u00e0 Gaza et participer aux efforts de reconstruction dans l\u2019enclave. Il ajoute que cela se fera \u00ab\u00a0en partenariat total avec l\u2019Autorit\u00e9 palestinienne, et non avec le Hamas\u00a0\u00bb.<\/p>\n<\/div>\n<div class=\"bbc-19j92fr e57qer20\" dir=\"ltr\">\n<p class=\"bbc-ph03xj e1cc2ql70\" dir=\"ltr\">Le pr\u00e9sident \u00e9gyptien d\u00e9clare qu\u2019il a re\u00e7u un appel t\u00e9l\u00e9phonique de M. Biden avec \u00ab\u00a0une joie totale\u00a0\u00bb, ajoutant qu\u2019ils a \u00ab\u00a0\u00e9chang\u00e9 des visions autour d\u2019une formule qui permettrait d\u2019apaiser le conflit actuel entre Isra\u00ebl et Gaza\u00a0\u00bb.<\/p>\n<\/div>\n<p dir=\"ltr\"><strong>Avec BBC<\/strong><\/p>\n<\/div>\n<\/div>\n<\/div>\n<\/div>\n<\/div>\n","protected":false},"excerpt":{"rendered":"<p>Un cessez-le-feu entre Isra\u00ebl et le groupe militant palestinien Hamas dans la bande de Gaza est entr\u00e9 en vigueur. Il d\u00e9bute t\u00f4t vendredi, mettant fin \u00e0 11 jours de combats au cours desquels plus de 240 personnes ont \u00e9t\u00e9 tu\u00e9es, la plupart \u00e0 Gaza. Les Palestiniens ont afflu\u00e9 dans les rues de Gaza peu apr\u00e8s [&hellip;]<\/p>\n","protected":false},"author":2,"featured_media":8434,"comment_status":"closed","ping_status":"closed","sticky":false,"template":"","format":"standard","meta":{"footnotes":""},"categories":[58],"tags":[],"class_list":{"0":"post-8430","1":"post","2":"type-post","3":"status-publish","4":"format-standard","5":"has-post-thumbnail","7":"category-societe"},"_links":{"self":[{"href":"https:\/\/conakrynews.org\/index.php\/wp-json\/wp\/v2\/posts\/8430","targetHints":{"allow":["GET"]}}],"collection":[{"href":"https:\/\/conakrynews.org\/index.php\/wp-json\/wp\/v2\/posts"}],"about":[{"href":"https:\/\/conakrynews.org\/index.php\/wp-json\/wp\/v2\/types\/post"}],"author":[{"embeddable":true,"href":"https:\/\/conakrynews.org\/index.php\/wp-json\/wp\/v2\/users\/2"}],"replies":[{"embeddable":true,"href":"https:\/\/conakrynews.org\/index.php\/wp-json\/wp\/v2\/comments?post=8430"}],"version-history":[{"count":0,"href":"https:\/\/conakrynews.org\/index.php\/wp-json\/wp\/v2\/posts\/8430\/revisions"}],"wp:featuredmedia":[{"embeddable":true,"href":"https:\/\/conakrynews.org\/index.php\/wp-json\/wp\/v2\/media\/8434"}],"wp:attachment":[{"href":"https:\/\/conakrynews.org\/index.php\/wp-json\/wp\/v2\/media?parent=8430"}],"wp:term":[{"taxonomy":"category","embeddable":true,"href":"https:\/\/conakrynews.org\/index.php\/wp-json\/wp\/v2\/categories?post=8430"},{"taxonomy":"post_tag","embeddable":true,"href":"https:\/\/conakrynews.org\/index.php\/wp-json\/wp\/v2\/tags?post=8430"}],"curies":[{"name":"wp","href":"https:\/\/api.w.org\/{rel}","templated":true}]}}