{"id":8449,"date":"2021-05-22T13:09:40","date_gmt":"2021-05-22T13:09:40","guid":{"rendered":"https:\/\/conakrynews.org\/?p=8449"},"modified":"2021-05-22T14:10:18","modified_gmt":"2021-05-22T14:10:18","slug":"nigeria-le-chef-detat-major-de-larmee-le-general-attahiru-meurt-dans-un-accident-davion","status":"publish","type":"post","link":"https:\/\/conakrynews.org\/index.php\/nigeria-le-chef-detat-major-de-larmee-le-general-attahiru-meurt-dans-un-accident-davion\/","title":{"rendered":"Nig\u00e9ria: le chef d&rsquo;\u00e9tat-major de l&rsquo;arm\u00e9e, le g\u00e9n\u00e9ral Attahiru, meurt dans un accident d&rsquo;avion"},"content":{"rendered":"<p>Nig\u00e9ria: le chef d&rsquo;\u00e9tat-major de l&rsquo;arm\u00e9e, le g\u00e9n\u00e9ral Attahiru, meurt dans un accident d&rsquo;avion<img loading=\"lazy\" decoding=\"async\" class=\"alignright size-medium wp-image-8450\" src=\"https:\/\/conakrynews.org\/wp-content\/uploads\/2021\/05\/20210522000010_-1339778532_314882365516406514_640_324_85_webp-515x261.jpg\" alt=\"\" width=\"515\" height=\"261\" srcset=\"https:\/\/conakrynews.org\/wp-content\/uploads\/2021\/05\/20210522000010_-1339778532_314882365516406514_640_324_85_webp-515x261.jpg 515w, https:\/\/conakrynews.org\/wp-content\/uploads\/2021\/05\/20210522000010_-1339778532_314882365516406514_640_324_85_webp.jpg 640w\" sizes=\"auto, (max-width: 515px) 100vw, 515px\" \/><br \/>\nBeninwebtv21 mai 2021Sources<\/p>\n<p>Le chef d\u2019\u00e9tat-major de l\u2019arm\u00e9e nig\u00e9riane, le lieutenant-g\u00e9n\u00e9ral Attahiru, est d\u00e9c\u00e9d\u00e9 ce vendredi des suites d\u2019un accident d\u2019avion, ont annonc\u00e9 les m\u00e9dias locaux.<\/p>\n<p>Le chef d\u2019\u00e9tat-major de l\u2019arm\u00e9e nig\u00e9riane, Ibrahim Attahiru, est d\u00e9c\u00e9d\u00e9 ce vendredi dans un accident d\u2019avion, a annonc\u00e9 la presse nig\u00e9riane. Le lieutenant-g\u00e9n\u00e9ral \u00e9tait \u00e0 bord d\u2019un a\u00e9ronef militaire \u00e0 Kaduna pour un voyage officiel. Une information confirm\u00e9e par le directeur de l\u2019information de l\u2019arm\u00e9e de l\u2019air nig\u00e9riane, Edward Gabkwet, dans un communiqu\u00e9.<\/p>\n<p>\u00abUn accident d\u2019avion impliquant un avion @NigAirForce s\u2019est produit ce soir pr\u00e8s de l\u2019a\u00e9roport international de Kaduna. La cause imm\u00e9diate de l\u2019accident est toujours en cours de d\u00e9termination. Plus de d\u00e9tails \u00e0 suivre prochainement \u00bb, a not\u00e9 le porte-parole.<\/p>\n<p>L\u2019engin, avec \u00e0 son bord 12 passagers sans les membres d\u2019\u00e9quipage, s\u2019est \u00e9cras\u00e9 vers 18 heures (heure nig\u00e9riane) autour de l\u2019a\u00e9roport international de Kaduna. Selon une source, l\u2019appareil aurait explos\u00e9 et compl\u00e8tement br\u00fbl\u00e9. Aucun survivant n\u2019a \u00e9t\u00e9 r\u00e9cup\u00e9r\u00e9. A l\u2019heure o\u00f9 nous mettons sous presse cet article, des recherches sont toujours en cours pour localiser l\u2019\u00e9pave de l\u2019avion et \u00e9vacuer les restes des victimes.<\/p>\n<p>Des t\u00e9moins oculaires ont indiqu\u00e9 aux m\u00e9dias locaux que l\u2019\u00e9quipage avait perdu le contr\u00f4le de l\u2019avion en raison d\u2019un changement soudain de temps avant la pluie du soir \u00e0 Kaduna.<\/p>\n<p>Nomm\u00e9 en janvier 2021<br \/>\nIbrahim Attahiru a \u00e9t\u00e9 nomm\u00e9 en janvier dernier par le pr\u00e9sident nig\u00e9rian Muhammadu Buhari. L\u2019officier faisait partie d\u2019un groupe de quatre chefs de services promus. Les autres sont le g\u00e9n\u00e9ral Leo Irabor \u2013 chef d\u2019\u00e9tat-major de la D\u00e9fense; Le vice-amiral AZ Gambo \u2013 chef d\u2019\u00e9tat-major de la marine, et le mar\u00e9chal de l\u2019air IO Amao \u2013 chef d\u2019\u00e9tat-major de l\u2019air.<\/p>\n<p>Le quatuor a remplac\u00e9 l\u2019ancien chef de la D\u00e9fense, le g\u00e9n\u00e9ral Abayomi Olonisakin; l\u2019ancien chef de l\u2019arm\u00e9e, le lieutenant g\u00e9n\u00e9ral Tukur Buratai; l\u2019ancien chef de la marine, le vice-amiral Ibok Ekwe Ibas, et l\u2019ancien chef de l\u2019air, le mar\u00e9chal de l\u2019air Sadique Abubakar.<\/p>\n","protected":false},"excerpt":{"rendered":"<p>Nig\u00e9ria: le chef d&rsquo;\u00e9tat-major de l&rsquo;arm\u00e9e, le g\u00e9n\u00e9ral Attahiru, meurt dans un accident d&rsquo;avion Beninwebtv21 mai 2021Sources Le chef d\u2019\u00e9tat-major de l\u2019arm\u00e9e nig\u00e9riane, le lieutenant-g\u00e9n\u00e9ral Attahiru, est d\u00e9c\u00e9d\u00e9 ce vendredi des suites d\u2019un accident d\u2019avion, ont annonc\u00e9 les m\u00e9dias locaux. Le chef d\u2019\u00e9tat-major de l\u2019arm\u00e9e nig\u00e9riane, Ibrahim Attahiru, est d\u00e9c\u00e9d\u00e9 ce vendredi dans un accident [&hellip;]<\/p>\n","protected":false},"author":2,"featured_media":8450,"comment_status":"closed","ping_status":"closed","sticky":false,"template":"","format":"standard","meta":{"footnotes":""},"categories":[58],"tags":[],"class_list":{"0":"post-8449","1":"post","2":"type-post","3":"status-publish","4":"format-standard","5":"has-post-thumbnail","7":"category-societe"},"_links":{"self":[{"href":"https:\/\/conakrynews.org\/index.php\/wp-json\/wp\/v2\/posts\/8449","targetHints":{"allow":["GET"]}}],"collection":[{"href":"https:\/\/conakrynews.org\/index.php\/wp-json\/wp\/v2\/posts"}],"about":[{"href":"https:\/\/conakrynews.org\/index.php\/wp-json\/wp\/v2\/types\/post"}],"author":[{"embeddable":true,"href":"https:\/\/conakrynews.org\/index.php\/wp-json\/wp\/v2\/users\/2"}],"replies":[{"embeddable":true,"href":"https:\/\/conakrynews.org\/index.php\/wp-json\/wp\/v2\/comments?post=8449"}],"version-history":[{"count":0,"href":"https:\/\/conakrynews.org\/index.php\/wp-json\/wp\/v2\/posts\/8449\/revisions"}],"wp:featuredmedia":[{"embeddable":true,"href":"https:\/\/conakrynews.org\/index.php\/wp-json\/wp\/v2\/media\/8450"}],"wp:attachment":[{"href":"https:\/\/conakrynews.org\/index.php\/wp-json\/wp\/v2\/media?parent=8449"}],"wp:term":[{"taxonomy":"category","embeddable":true,"href":"https:\/\/conakrynews.org\/index.php\/wp-json\/wp\/v2\/categories?post=8449"},{"taxonomy":"post_tag","embeddable":true,"href":"https:\/\/conakrynews.org\/index.php\/wp-json\/wp\/v2\/tags?post=8449"}],"curies":[{"name":"wp","href":"https:\/\/api.w.org\/{rel}","templated":true}]}}