{"id":8452,"date":"2021-05-22T14:01:59","date_gmt":"2021-05-22T14:01:59","guid":{"rendered":"https:\/\/conakrynews.org\/?p=8452"},"modified":"2021-05-22T14:18:00","modified_gmt":"2021-05-22T14:18:00","slug":"le-musee-regional-de-boke-a-ete-officiellement-remis-ce-samedi-22-mai-2021-a-la-population-par-la-ministre-de-la-culture-et-du-patrimoine-historique-mme-diane-sona-konate","status":"publish","type":"post","link":"https:\/\/conakrynews.org\/index.php\/le-musee-regional-de-boke-a-ete-officiellement-remis-ce-samedi-22-mai-2021-a-la-population-par-la-ministre-de-la-culture-et-du-patrimoine-historique-mme-diane-sona-konate\/","title":{"rendered":"Bok\u00e9:Le Mus\u00e9e r\u00e9gional  a \u00e9t\u00e9 officiellement remis \u00e0 la population par la ministre  Mme Dian\u00e9 Sona Konat\u00e9"},"content":{"rendered":"<div class=\"entry-header\">\n<h1><\/h1>\n<div class=\"jeg_meta_container\">\n<div class=\"jeg_post_meta jeg_post_meta_1\">\n<div class=\"meta_left\"><\/div>\n<div class=\"meta_right\"><\/div>\n<\/div>\n<\/div>\n<\/div>\n<div class=\"jeg_featured featured_image\">\n<div class=\"thumbnail-container animate-lazy\"><img loading=\"lazy\" decoding=\"async\" class=\"attachment-jnews-750x375 size-jnews-750x375 wp-post-image jetpack-lazy-image lazyautosizes jetpack-lazy-image--handled lazyloaded\" src=\"https:\/\/i1.wp.com\/www.guineemining.info\/wp-content\/uploads\/2021\/05\/IMG-20210522-WA0017.jpg?resize=750%2C375&amp;ssl=1\" alt=\"Le Mus\u00e9e r\u00e9gional de Bok\u00e9 a \u00e9t\u00e9 officiellement remis ce samedi 22 mai 2021, \u00e0 la population par la ministre de la Culture et du Patrimoine Historique, Mme Dian\u00e9 Sona Konat\u00e9.\" width=\"750\" height=\"375\" data-src=\"https:\/\/i1.wp.com\/www.guineemining.info\/wp-content\/uploads\/2021\/05\/IMG-20210522-WA0017.jpg?resize=750%2C375&amp;ssl=1\" data-srcset=\"https:\/\/i1.wp.com\/www.guineemining.info\/wp-content\/uploads\/2021\/05\/IMG-20210522-WA0017.jpg?resize=360%2C180&amp;ssl=1 360w, https:\/\/i1.wp.com\/www.guineemining.info\/wp-content\/uploads\/2021\/05\/IMG-20210522-WA0017.jpg?resize=750%2C375&amp;ssl=1 750w\" data-sizes=\"auto\" data-expand=\"700\" data-lazy-loaded=\"1\" \/><\/div>\n<\/div>\n<div class=\"jeg_share_top_container\">\n<div class=\"jeg_share_button clearfix\">\n<div class=\"jeg_share_stats\">\n<div class=\"jeg_share_count\">\n<div class=\"counts\"><\/div>\n<\/div>\n<\/div>\n<div class=\"jeg_sharelist\"><\/div>\n<\/div>\n<\/div>\n<div class=\"jeg_ad jeg_article jnews_content_top_ads \">\n<div class=\"ads-wrapper \"><\/div>\n<\/div>\n<div class=\"entry-content no-share\">\n<div class=\"jeg_share_button share-float jeg_sticky_share clearfix share-monocrhome\">\n<div class=\"jeg_share_float_container\"><\/div>\n<\/div>\n<div class=\"content-inner \">\n<p>Recevant l\u2019\u00e9difice historique, m\u00e9moire collective des communaut\u00e9s de Bok\u00e9, le maire de la commune urbaine de Bok\u00e9 de Bok\u00e9, honorable Mamadouba Tawel Camara a remerci\u00e9 le pr\u00e9sident de la R\u00e9publique, Pr Alpha Cond\u00e9 qui a laiss\u00e9 des traces ind\u00e9l\u00e9biles dans la pr\u00e9fecture de Bok\u00e9 en termes de d\u00e9veloppement durable et harmonieux de la cit\u00e9 mini\u00e8re de Bok\u00e9.<\/p>\n<p>Pour le porte-parole de l\u2019union pour le d\u00e9veloppement de Kakand\u00e9 (UDK), El Hadj Abdoulaye Diassy a exprim\u00e9 la gratitude des membres de l\u2019UDK envers le g\u00e9n\u00e9ral Dian\u00e9 attach\u00e9 aux valeurs sociales et culturelles de Kakand\u00e9.<br \/>\nSelon lui, ce travail gigantesque est le fruit des relations ombilicales liant g\u00e9n\u00e9ral Dian\u00e9 \u00e0 la population de Bok\u00e9, sa ville maternelle.<br \/>\nDe son c\u00f4t\u00e9, le Chef d\u2019\u00c9tat Major de l\u2019Arm\u00e9e de Terre, g\u00e9n\u00e9ral de Brigade, Mohamed Dian\u00e9, ce mus\u00e9e est le Premier Poste de l\u2019administration coloniale.<br \/>\nIl a invit\u00e9 les 14 communaut\u00e9s de Kakand\u00e9 \u00e0 \u0153uvrer pour pr\u00e9server les acquis de cette r\u00e9novation et \u00e9quipement, 3\u00e8me du genre.<br \/>\nA l\u2019entendre, le Chef d\u2019\u00c9tat Major de l\u2019Arm\u00e9e de Terre affiche sa volont\u00e9 de contribuer \u00e0 la formation professionnelle des agents du Service charg\u00e9 de l\u2019enregistrement de la tenue des archives au sein du Mus\u00e9e.<br \/>\nPour sa part, le repr\u00e9sentant du d\u00e9put\u00e9 uninominal de Bok\u00e9, N\u2019Fa Seybou Diakit\u00e9 plaide pour l\u2019affichage des photos de grandes figures fans les diff\u00e9rentes salles d\u2019exposition des \u0153uvres d\u2019art.<br \/>\nPour lui, ces personnalit\u00e9s ont marqu\u00e9 l\u2019histoire de Bok\u00e9 par de nombreux sacrifices.<br \/>\nOuvrant le mus\u00e9e de Bok\u00e9, la ministre de la Culture et du Patrimoine Historique, Mme Dian\u00e9, Sona Konat\u00e9 a adress\u00e9 ses vives f\u00e9licitations au g\u00e9n\u00e9ral Dian\u00e9 pour ce travail gigantesque.<br \/>\nElle a, par ailleurs demand\u00e9 aux autorit\u00e9s Elle a, par ailleurs demand\u00e9 aux autorit\u00e9s et la population de prendre soin de cet \u00e9difice historique dans l\u2019int\u00e9r\u00eat sup\u00e9rieur des g\u00e9n\u00e9rations futures.<br \/>\nEnfin, la ministre de la Culture et du Patrimoine Historique a r\u00e9it\u00e9r\u00e9 son engagement d\u2019oeuvrer pour la restauration des pi\u00e8ces et valeuts touristiques.<br \/>\nLa c\u00e9r\u00e9monie a pris fin par la remise des cadeaux, satisfecit et une visite guid\u00e9e des sites touristiques du Mus\u00e9e r\u00e9gional de Bok\u00e9, m\u00e9moire collective des 14 communaut\u00e9s de Kakand\u00e9.<br \/>\nMamadouba Camara<\/p>\n<\/div>\n<\/div>\n","protected":false},"excerpt":{"rendered":"<p>Recevant l\u2019\u00e9difice historique, m\u00e9moire collective des communaut\u00e9s de Bok\u00e9, le maire de la commune urbaine de Bok\u00e9 de Bok\u00e9, honorable Mamadouba Tawel Camara a remerci\u00e9 le pr\u00e9sident de la R\u00e9publique, Pr Alpha Cond\u00e9 qui a laiss\u00e9 des traces ind\u00e9l\u00e9biles dans la pr\u00e9fecture de Bok\u00e9 en termes de d\u00e9veloppement durable et harmonieux de la cit\u00e9 mini\u00e8re [&hellip;]<\/p>\n","protected":false},"author":2,"featured_media":8454,"comment_status":"closed","ping_status":"closed","sticky":false,"template":"","format":"standard","meta":{"footnotes":""},"categories":[62],"tags":[],"class_list":{"0":"post-8452","1":"post","2":"type-post","3":"status-publish","4":"format-standard","5":"has-post-thumbnail","7":"category-culture"},"_links":{"self":[{"href":"https:\/\/conakrynews.org\/index.php\/wp-json\/wp\/v2\/posts\/8452","targetHints":{"allow":["GET"]}}],"collection":[{"href":"https:\/\/conakrynews.org\/index.php\/wp-json\/wp\/v2\/posts"}],"about":[{"href":"https:\/\/conakrynews.org\/index.php\/wp-json\/wp\/v2\/types\/post"}],"author":[{"embeddable":true,"href":"https:\/\/conakrynews.org\/index.php\/wp-json\/wp\/v2\/users\/2"}],"replies":[{"embeddable":true,"href":"https:\/\/conakrynews.org\/index.php\/wp-json\/wp\/v2\/comments?post=8452"}],"version-history":[{"count":0,"href":"https:\/\/conakrynews.org\/index.php\/wp-json\/wp\/v2\/posts\/8452\/revisions"}],"wp:featuredmedia":[{"embeddable":true,"href":"https:\/\/conakrynews.org\/index.php\/wp-json\/wp\/v2\/media\/8454"}],"wp:attachment":[{"href":"https:\/\/conakrynews.org\/index.php\/wp-json\/wp\/v2\/media?parent=8452"}],"wp:term":[{"taxonomy":"category","embeddable":true,"href":"https:\/\/conakrynews.org\/index.php\/wp-json\/wp\/v2\/categories?post=8452"},{"taxonomy":"post_tag","embeddable":true,"href":"https:\/\/conakrynews.org\/index.php\/wp-json\/wp\/v2\/tags?post=8452"}],"curies":[{"name":"wp","href":"https:\/\/api.w.org\/{rel}","templated":true}]}}