{"id":8469,"date":"2021-05-23T19:48:36","date_gmt":"2021-05-23T19:48:36","guid":{"rendered":"https:\/\/conakrynews.org\/?p=8469"},"modified":"2021-05-23T20:13:18","modified_gmt":"2021-05-23T20:13:18","slug":"plus-dune-dizaine-de-morts-dans-laccident-dun-telepherique-en-italie","status":"publish","type":"post","link":"https:\/\/conakrynews.org\/index.php\/plus-dune-dizaine-de-morts-dans-laccident-dun-telepherique-en-italie\/","title":{"rendered":"Plus d\u2019une dizaine de morts dans l\u2019accident d\u2019un t\u00e9l\u00e9ph\u00e9rique en Italie"},"content":{"rendered":"<h1 class=\"name post-title entry-title\"><\/h1>\n<div class=\"clear\"><\/div>\n<div class=\"entry\">\n<p>Au moins 13 personnes sont mortes et trois autres ont \u00e9t\u00e9 gri\u00e8vement bless\u00e9es dimanche en Italie suite \u00e0 l\u2019accident d\u2019un t\u00e9l\u00e9ph\u00e9rique, a-t-on appris de source officielle.<\/p>\n<p>Selon les autorit\u00e9s locales et les secouristes, le t\u00e9l\u00e9ph\u00e9rique transporte chaque jour les touristes et les habitants de la ville du lac Majeur, \u00e0 pr\u00e8s de 1 400 m\u00e8tres d\u2019altitude, au sommet de la montagne Mottarone, le tout en 20 minutes.<\/p>\n<p>L\u2019accident s\u2019est produit alors que le t\u00e9l\u00e9ph\u00e9rique se d\u00e9pla\u00e7ait vers le haut de la montagne. La cabine a chut\u00e9 d\u2019une vingtaine de m\u00e8tres et a d\u00e9val\u00e9 plusieurs fois les pentes abruptes avant d\u2019\u00eatre stopp\u00e9e par des arbres, a relat\u00e9 Marcella Severino, maire de Stresa.<\/p>\n<p>\u00ab\u00a0Nous sommes d\u00e9vast\u00e9s, dans la douleur\u00a0\u00bb, a-t-elle d\u00e9clar\u00e9 \u00e0 la cha\u00eene de t\u00e9l\u00e9vision nationale RAI.<\/p>\n<p>Des randonneurs ont entendu un fort sifflement juste avant l\u2019accident, a ajout\u00e9 Mme Severino, pr\u00e9cisant qu\u2019il s\u2019agirait de la rupture d\u2019un des c\u00e2bles.<\/p>\n<p>Un appel a \u00e9t\u00e9 re\u00e7u juste apr\u00e8s midi (heure locale), a indiqu\u00e9 le service italien de secours alpin, ajoutant que le t\u00e9l\u00e9ph\u00e9rique \u00e9tait \u00e9cras\u00e9 dans les bois et que deux enfants avaient \u00e9t\u00e9 transport\u00e9s par h\u00e9licopt\u00e8re vers un h\u00f4pital p\u00e9diatrique de la ville voisine de Turin.<\/p>\n<p>Mme Severino a d\u00e9clar\u00e9 \u00e0 la cha\u00eene de t\u00e9l\u00e9vision SKY que certaines des victimes avaient \u00e9t\u00e9 retrouv\u00e9es pi\u00e9g\u00e9es \u00e0 l\u2019int\u00e9rieur du v\u00e9hicule, tandis que d\u2019autres avaient \u00e9t\u00e9 projet\u00e9es dans les bois. Une autre personne bless\u00e9e, un adulte, a \u00e9galement \u00e9t\u00e9 transport\u00e9e \u00e0 l\u2019h\u00f4pital par h\u00e9licopt\u00e8re, a-t-elle ajout\u00e9.<\/p>\n<p>Les enqu\u00eateurs ont commenc\u00e9 \u00e0 identifier les victimes, parmi lesquelles figurent des ressortissants \u00e9trangers, a-t-elle dit, sans donner plus de d\u00e9tails.<\/p>\n<p>Luca Cari, porte-parole des pompiers, a d\u00e9clar\u00e9 qu\u2019on ne savait toujours pas combien de personnes se trouvaient dans le t\u00e9l\u00e9ph\u00e9rique. \u200b<em>\u00ab\u00a0Nos \u00e9quipes sont toujours en train de sortir des corps\u00a0\u00bb,<\/em>\u00a0a-t-il ajout\u00e9.<\/p>\n<p><strong>40 passagers au maximum<\/strong><\/p>\n<p>La remont\u00e9e m\u00e9canique Stresa-Mottarone n\u2019avait rouvert que r\u00e9cemment, suite \u00e0 la lev\u00e9e progressive des restrictions li\u00e9es au coronavirus.<\/p>\n<p>Le sommet du Mottarone est tr\u00e8s pris\u00e9 des touristes en raison de la vue panoramique qu\u2019il offre sur le lac Majeur et ses \u00eeles pittoresques, ainsi que sur les Alpes environnantes.<\/p>\n<p>Le service de t\u00e9l\u00e9ph\u00e9rique a \u00e9t\u00e9 inaugur\u00e9 en ao\u00fbt 1970, apr\u00e8s pr\u00e8s de trois ans de travaux visant \u00e0 remplacer un chemin de fer \u00e0 cr\u00e9maill\u00e8re, indique son site web.<\/p>\n<p>Le syst\u00e8me de t\u00e9l\u00e9ph\u00e9rique double est divis\u00e9 en deux sections, un peu plus de deux kilom\u00e8tres entre Stresa et Alpino et trois autres kilom\u00e8tres entre Alpino et Mottarone. Il est compos\u00e9 de deux wagons \u2013 en sens altern\u00e9 \u2013 chacun pouvant transporter jusqu\u2019\u00e0 40 passagers.<\/p>\n<p>Le Premier ministre italien Mario Draghi a pr\u00e9sent\u00e9 ses condol\u00e9ances aux familles des victimes.<\/p>\n<p>&nbsp;<\/p>\n<p><strong>Avec BBC<\/strong><\/p>\n<\/div>\n<div class=\"share-post\">\n<ul class=\"flat-social\">\n<li><\/li>\n<\/ul>\n<\/div>\n","protected":false},"excerpt":{"rendered":"<p>Au moins 13 personnes sont mortes et trois autres ont \u00e9t\u00e9 gri\u00e8vement bless\u00e9es dimanche en Italie suite \u00e0 l\u2019accident d\u2019un t\u00e9l\u00e9ph\u00e9rique, a-t-on appris de source officielle. Selon les autorit\u00e9s locales et les secouristes, le t\u00e9l\u00e9ph\u00e9rique transporte chaque jour les touristes et les habitants de la ville du lac Majeur, \u00e0 pr\u00e8s de 1 400 m\u00e8tres [&hellip;]<\/p>\n","protected":false},"author":2,"featured_media":8470,"comment_status":"closed","ping_status":"closed","sticky":false,"template":"","format":"standard","meta":{"footnotes":""},"categories":[58],"tags":[],"class_list":{"0":"post-8469","1":"post","2":"type-post","3":"status-publish","4":"format-standard","5":"has-post-thumbnail","7":"category-societe"},"_links":{"self":[{"href":"https:\/\/conakrynews.org\/index.php\/wp-json\/wp\/v2\/posts\/8469","targetHints":{"allow":["GET"]}}],"collection":[{"href":"https:\/\/conakrynews.org\/index.php\/wp-json\/wp\/v2\/posts"}],"about":[{"href":"https:\/\/conakrynews.org\/index.php\/wp-json\/wp\/v2\/types\/post"}],"author":[{"embeddable":true,"href":"https:\/\/conakrynews.org\/index.php\/wp-json\/wp\/v2\/users\/2"}],"replies":[{"embeddable":true,"href":"https:\/\/conakrynews.org\/index.php\/wp-json\/wp\/v2\/comments?post=8469"}],"version-history":[{"count":0,"href":"https:\/\/conakrynews.org\/index.php\/wp-json\/wp\/v2\/posts\/8469\/revisions"}],"wp:featuredmedia":[{"embeddable":true,"href":"https:\/\/conakrynews.org\/index.php\/wp-json\/wp\/v2\/media\/8470"}],"wp:attachment":[{"href":"https:\/\/conakrynews.org\/index.php\/wp-json\/wp\/v2\/media?parent=8469"}],"wp:term":[{"taxonomy":"category","embeddable":true,"href":"https:\/\/conakrynews.org\/index.php\/wp-json\/wp\/v2\/categories?post=8469"},{"taxonomy":"post_tag","embeddable":true,"href":"https:\/\/conakrynews.org\/index.php\/wp-json\/wp\/v2\/tags?post=8469"}],"curies":[{"name":"wp","href":"https:\/\/api.w.org\/{rel}","templated":true}]}}