{"id":8480,"date":"2021-05-24T09:28:26","date_gmt":"2021-05-24T09:28:26","guid":{"rendered":"https:\/\/conakrynews.org\/?p=8480"},"modified":"2021-05-24T09:53:46","modified_gmt":"2021-05-24T09:53:46","slug":"lathletico-champion-quelles-consequences-pour-le-real-et-le-bacelone","status":"publish","type":"post","link":"https:\/\/conakrynews.org\/index.php\/lathletico-champion-quelles-consequences-pour-le-real-et-le-bacelone\/","title":{"rendered":"L\u2019Athletico champion, quelles cons\u00e9quences pour le R\u00e9al et le Bacelone"},"content":{"rendered":"<div class=\"td-post-header\">\n<header class=\"td-post-title\">\n<h1 class=\"entry-title\"><\/h1>\n<div class=\"td-module-meta-info\">\n<div class=\"td-post-author-name\"><\/div>\n<\/div>\n<\/header>\n<\/div>\n<div class=\"td-post-sharing td-post-sharing-top \">\n<div class=\"td-default-sharing\"><i class=\"td-icon-facebook\"><\/i>\u00a0<i class=\"td-icon-twitter\"><\/i>\u00a0<i class=\"td-icon-googleplus\"><\/i>\u00a0<i class=\"td-icon-pinterest\"><\/i>\u00a0<i class=\"td-icon-whatsapp\"><\/i><\/div>\n<\/div>\n<div class=\"td-post-content\">\n<div class=\"td-post-featured-image\"><a class=\"td-modal-image\" href=\"https:\/\/liberationinfo.com\/wp-content\/uploads\/2021\/05\/download-35.jpeg\" data-caption=\"\"><img loading=\"lazy\" decoding=\"async\" class=\"entry-thumb td-animation-stack-type0-2\" title=\"download-35\" src=\"https:\/\/liberationinfo.com\/wp-content\/uploads\/2021\/05\/download-35.jpeg\" alt=\"\" width=\"275\" height=\"183\" \/><\/a><\/div>\n<p><strong>L\u2019Atl\u00e9tico Madrid, sacr\u00e9 champion d\u2019Espagne samedi, a boulevers\u00e9 l\u2019ordre \u00e9tabli par le Real Madrid et le FC Barcelone, et ce sacre pourrait \u00eatre synonyme de grand coup de pied dans la fourmili\u00e8re pour les deux mastodontes d\u2019Espagne.<\/strong><\/p>\n<p>Tandis que l\u2019Atl\u00e9tico a mis\u00e9 depuis pr\u00e8s de dix ans sur la continuit\u00e9 de son entra\u00eeneur-totem Diego Simeone, port\u00e9 en h\u00e9ros samedi soir par ses joueurs apr\u00e8s avoir r\u00e9ussi la mue de l\u2019effectif depuis 2019, le Real Madrid et le FC Barcelone amorcent une intersaison charg\u00e9e, entre difficult\u00e9s financi\u00e8res et obligation de renouveler l\u2019effectif.<\/p>\n<p><strong>Zidane et Ramos, adieux ?<\/strong><\/p>\n<p>Au Real Madrid, deux dossiers sont prioritaires : ceux de Zin\u00e9dine Zidane et de Sergio Ramos.<\/p>\n<p>Les deux hommes incarnent la gloire pass\u00e9e du Real Madrid, notamment<strong>\u00a0le fameux tripl\u00e9 en Ligue des champions\u00a0<\/strong>(2016, 2017, 2018) qui a propuls\u00e9 Zidane parmi les meilleurs entra\u00eeneurs au monde. Mais l\u2019un comme l\u2019autre pourraient voir leur parcours au Real s\u2019arr\u00eater cet \u00e9t\u00e9.<\/p>\n<p>\u201cZizou\u201d est encore sous contrat avec\u00a0<strong>le club merengue jusqu\u2019au 30 juin 2022<\/strong>. Mais depuis plusieurs semaines, l\u2019entra\u00eeneur fran\u00e7ais multiplie les allusions \u00e0 un \u00e9ventuel d\u00e9part.<\/p>\n<p>Cet \u00e9chec dans la course au titre renforce-t-elle le souhait de d\u00e9part de Zizou ? Cette saison vierge de tout titre signifie-t-elle que Zidane a \u00e9chou\u00e9 dans son d\u00e9fi de d\u00e9buter un nouveau cycle au Real?<\/p>\n<p>Samedi soir, l\u2019int\u00e9gralit\u00e9 des six questions de la conf\u00e9rence de presse d\u2019apr\u00e8s-match ont port\u00e9 sur son avenir. Mais \u201cZZ\u201d, placide malgr\u00e9 la d\u00e9ception, a r\u00e9p\u00e9t\u00e9 qu\u2019il allait \u201cdiscuter avec le club dans les prochains jours\u201d.<\/p>\n<p>Pour le capitaine\u00a0<strong>Sergio<\/strong>\u00a0<strong>Ramos<\/strong>, c\u2019est presque la m\u00eame histoire : au club depuis 2005, l\u2019Andalou a incarn\u00e9 le Real glorieux du XXIe si\u00e8cle\u2026 mais a fini par s\u2019effacer cette saison, longtemps bless\u00e9 aux jambes.<\/p>\n<p>En fin de contrat dans un mois,\u00a0<strong>le 30 juin<\/strong>, Ramos\u00a0est en n\u00e9gociations pour une \u00e9ventuelle prolongation au Real, lui qui veut continuer \u00e0 jouer jusqu\u2019au Mondial 2026. Mais comme\u00a0<strong>Lucas<\/strong>\u00a0<strong>Vazquez\u00a0<\/strong>(en fin de contrat fin juin) ou\u00a0<strong>Rapha\u00ebl Varane\u00a0<\/strong>(annonc\u00e9 partant dans la presse), il pourrait lui aussi faire les frais de l\u2019absolu besoin de renouveau de la \u201cMaison blanche\u201d.<\/p>\n<p>&nbsp;<\/p>\n<div><img decoding=\"async\" class=\"td-animation-stack-type0-2\" src=\"https:\/\/editor.besoccer.com\/scripts\/tmp_images\/afp_fr_d81ac4c6d996f5080b10dc503b494ffec8191b9a.jpg\" alt=\"\" \/><\/div>\n<p>&nbsp;<\/p>\n<p><strong>Koeman et Messi, une \u201cfin de cycle\u201d ?<\/strong><\/p>\n<p>Au Bar\u00e7a, le mercato s\u2019annonce aussi agit\u00e9. Alors qu\u2019il a r\u00e9ussi \u00e0 hisser le club vers le haut du classement et \u00e0 le repositionner dans la course au titre,\u00a0<strong>Ronald Koeman pourrait ne pas passer l\u2019\u00e9t\u00e9<\/strong>.<\/p>\n<p>L\u2019entra\u00eeneur n\u00e9erlandais, engag\u00e9 l\u2019\u00e9t\u00e9 dernier \u00e0 la place de Quique Seti\u00e9n pour mettre un terme \u00e0 la situation catastrophique dans laquelle se trouvait le club, et<strong>\u00a0encore sous contrat jusqu\u2019au 30 juin 2022<\/strong>, a en partie gagn\u00e9 son pari.<\/p>\n<p>Koeman a assur\u00e9 vendredi vouloir honorer sa derni\u00e8re ann\u00e9e de contrat. Mais a aussi tacl\u00e9 les dirigeants, confiant ne pas avoir\u00a0<strong>\u201cressenti la confiance du club\u201d<\/strong>\u00a0et regrettant d\u2019avoir \u201c\u00e9t\u00e9 le seul \u00e0 avoir fait face pendant longtemps\u201d.<\/p>\n<p>D\u2019apr\u00e8s la presse, le nouveau pr\u00e9sident\u00a0<strong>Joan Laporta\u00a0<\/strong>souhaite en effet lui trouver un rempla\u00e7ant, et r\u00eave de faire revenir au Camp Nou\u00a0<strong>Xavi<\/strong>, actuel entra\u00eeneur d\u2019Al-Sadd au Qatar.<\/p>\n<p>Samedi, apr\u00e8s la victoire arrach\u00e9e \u00e0 Eibar sur une jolie reprise d\u2019<strong>Antoine Griezmann<\/strong>, Koeman a l\u00e2ch\u00e9 que le Bar\u00e7a n\u2019avait pas l\u2019effectif de ses ambitions, apr\u00e8s avoir d\u00e9j\u00e0 dit que l\u2019\u00e9quipe \u00e9tait en \u201cfin de cycle\u201d.<\/p>\n<p>Le club attend toujours le rapport sur l\u2019\u00e9tat de ses comptes pour entamer son mercato. Mais selon ses besoins, plus d\u2019une douzaine de joueurs pourraient rentrer dans la liste des partants d\u2019apr\u00e8s les m\u00e9dias catalans, y compris des cadres comme Sergi Roberto, Griezmann, Gerard Piqu\u00e9, Jordi Alba ou Sergio Busquets.<\/p>\n<p>Et au milieu de tout cela,<strong>\u00a0il y a Lionel Messi<\/strong>. La superstar, dispens\u00e9e du dernier match de championnat \u00e0 Eibar, a r\u00e9it\u00e9r\u00e9 son amour pour le Bar\u00e7a dans un entretien accord\u00e9 au journal argentin \u2018Ol\u00e9\u2019 paru samedi.<\/p>\n<p>En fin de contrat le 30 juin,\u00a0<strong>Messi pourrait toutefois faire tra\u00eener sa prolongation<\/strong>\u00a0jusqu\u2019\u00e0 la mi-juillet, apr\u00e8s la Copa Am\u00e9rica (11 juin \u2013 10 juillet), qu\u2019il doit disputer avec sa s\u00e9lection chez lui, en Argentine.<\/p>\n<p>&nbsp;<\/p>\n<div><img decoding=\"async\" class=\"td-animation-stack-type0-2\" src=\"https:\/\/editor.besoccer.com\/scripts\/tmp_images\/afp_fr_184487bae2e800306714c7895aa30a9c609e9d8a.jpg\" alt=\"\" \/><\/div>\n<div><\/div>\n<div>Avec Bessocer<\/div>\n<\/div>\n","protected":false},"excerpt":{"rendered":"<p>\u00a0\u00a0\u00a0\u00a0 L\u2019Atl\u00e9tico Madrid, sacr\u00e9 champion d\u2019Espagne samedi, a boulevers\u00e9 l\u2019ordre \u00e9tabli par le Real Madrid et le FC Barcelone, et ce sacre pourrait \u00eatre synonyme de grand coup de pied dans la fourmili\u00e8re pour les deux mastodontes d\u2019Espagne. Tandis que l\u2019Atl\u00e9tico a mis\u00e9 depuis pr\u00e8s de dix ans sur la continuit\u00e9 de son entra\u00eeneur-totem Diego [&hellip;]<\/p>\n","protected":false},"author":2,"featured_media":8481,"comment_status":"closed","ping_status":"closed","sticky":false,"template":"","format":"standard","meta":{"footnotes":""},"categories":[64],"tags":[],"class_list":{"0":"post-8480","1":"post","2":"type-post","3":"status-publish","4":"format-standard","5":"has-post-thumbnail","7":"category-sport"},"_links":{"self":[{"href":"https:\/\/conakrynews.org\/index.php\/wp-json\/wp\/v2\/posts\/8480","targetHints":{"allow":["GET"]}}],"collection":[{"href":"https:\/\/conakrynews.org\/index.php\/wp-json\/wp\/v2\/posts"}],"about":[{"href":"https:\/\/conakrynews.org\/index.php\/wp-json\/wp\/v2\/types\/post"}],"author":[{"embeddable":true,"href":"https:\/\/conakrynews.org\/index.php\/wp-json\/wp\/v2\/users\/2"}],"replies":[{"embeddable":true,"href":"https:\/\/conakrynews.org\/index.php\/wp-json\/wp\/v2\/comments?post=8480"}],"version-history":[{"count":0,"href":"https:\/\/conakrynews.org\/index.php\/wp-json\/wp\/v2\/posts\/8480\/revisions"}],"wp:featuredmedia":[{"embeddable":true,"href":"https:\/\/conakrynews.org\/index.php\/wp-json\/wp\/v2\/media\/8481"}],"wp:attachment":[{"href":"https:\/\/conakrynews.org\/index.php\/wp-json\/wp\/v2\/media?parent=8480"}],"wp:term":[{"taxonomy":"category","embeddable":true,"href":"https:\/\/conakrynews.org\/index.php\/wp-json\/wp\/v2\/categories?post=8480"},{"taxonomy":"post_tag","embeddable":true,"href":"https:\/\/conakrynews.org\/index.php\/wp-json\/wp\/v2\/tags?post=8480"}],"curies":[{"name":"wp","href":"https:\/\/api.w.org\/{rel}","templated":true}]}}