{"id":8499,"date":"2021-05-24T17:51:04","date_gmt":"2021-05-24T17:51:04","guid":{"rendered":"https:\/\/conakrynews.org\/?p=8499"},"modified":"2021-05-24T18:07:53","modified_gmt":"2021-05-24T18:07:53","slug":"covid-19-loms-denonce-une-scandaleuse-inegalite-dans-la-distribution-des-vaccins","status":"publish","type":"post","link":"https:\/\/conakrynews.org\/index.php\/covid-19-loms-denonce-une-scandaleuse-inegalite-dans-la-distribution-des-vaccins\/","title":{"rendered":"Covid-19 : l\u2019OMS d\u00e9nonce une \u00ab\u00a0scandaleuse in\u00e9galit\u00e9\u00a0\u00bb dans la distribution des vaccins"},"content":{"rendered":"<h1 class=\"name post-title entry-title\"><img loading=\"lazy\" decoding=\"async\" class=\"alignright size-medium wp-image-8500\" src=\"https:\/\/conakrynews.org\/wp-content\/uploads\/2021\/05\/vaccin-660x330-2-515x258.jpg\" alt=\"\" width=\"515\" height=\"258\" srcset=\"https:\/\/conakrynews.org\/wp-content\/uploads\/2021\/05\/vaccin-660x330-2-515x258.jpg 515w, https:\/\/conakrynews.org\/wp-content\/uploads\/2021\/05\/vaccin-660x330-2.jpg 660w\" sizes=\"auto, (max-width: 515px) 100vw, 515px\" \/><\/h1>\n<hr \/>\n<div class=\"clear\"><\/div>\n<div class=\"entry\">\n<p>Le drecteur g\u00e9n\u00e9ral de l\u2019OMS, Tedros Adhanom Ghebreyesus, s\u2019est alarm\u00e9 lundi de la \u00ab scandaleuse in\u00e9galit\u00e9 \u00bb dans la distribution des vaccins, lors de l\u2019ouverture de l\u2019assembl\u00e9e annuelle \u00e0 Gen\u00e8ve, en Suisse. Il a pr\u00e9dit une issue \u00ab tragique \u00bb si rien ne change entre pays les pays riches et les pays pauvres.<\/p>\n<p>L\u2019OMS tire la sonnette d\u2019alarme. La pand\u00e9mie de Covid-19 est\u00a0entretenue par une \u00ab\u00a0scandaleuse in\u00e9galit\u00e9\u00a0\u00bb dans la distribution\u00a0des vaccins, a d\u00e9clar\u00e9 lundi 24 mai le chef de l\u2019Organisation mondiale\u00a0de la sant\u00e9 (OMS) en fixant de nouveaux objectifs pour\u00a0<a href=\"https:\/\/www.france24.com\/fr\/asie-pacifique\/20210512-covid-19-l-oms-a-d%C3%A9tect%C3%A9-le-variant-indien-dans-44-pays\" target=\"_self\" rel=\"noopener noreferrer\">prot\u00e9ger\u00a0les populations des pays les plus pauvres<\/a>.<\/p>\n<p>Plus de 75 % de tous les vaccins ont \u00e9t\u00e9 administr\u00e9s dans\u00a0seulement 10 pays, a d\u00e9clar\u00e9 le directeur g\u00e9n\u00e9ral de l\u2019OMS,\u00a0Tedros\u00a0Adhanom\u00a0Ghebreyesus, lors de l\u2019ouverture de l\u2019assembl\u00e9e\u00a0annuelle des ministres de la Sant\u00e9 des 194 \u00c9tats membres\u00a0ce\u00a0l\u2019organisation \u00e0 Gen\u00e8ve, en Suisse.<\/p>\n<p><strong>\u00ab\u00a0Une situation tr\u00e8s dangereuse\u00a0\u00bb<\/strong><\/p>\n<p>\u00ab\u00a0Il n\u2019y a pas de mani\u00e8re diplomatique de le dire, un petit\u00a0groupe de pays qui fabrique et ach\u00e8te la majorit\u00e9 des vaccins\u00a0dans le monde contr\u00f4le le sort du reste du monde\u00a0\u00bb, a-t-il\u00a0dit.<\/p>\n<div id=\"tms-ad-inread-19767862148385662\" class=\"tms-ad\" data-tms-ad-type=\"inread\" data-tms-ad-provider=\"invibes\" data-tms-ad-status=\"started\">\n<div id=\"divVideoStepAdBottom\" class=\"divVideoStep\"><\/div>\n<\/div>\n<p>Aucun pays ne doit se croire \u00ab\u00a0sorti d\u2019affaire\u00a0\u00bb, quel que\u00a0soit son taux de vaccination, tant que le virus SARS-CoV-2 et\u00a0ses variants se propagent ailleurs, a-t-il dit.\u00a0\u00ab\u00a0Le monde reste dans une situation tr\u00e8s dangereuse\u00a0\u00bb, a-t-il\u00a0soulign\u00e9.<\/p>\n<p>\u00ab\u00a0\u00c0 ce jour, plus de cas ont \u00e9t\u00e9 signal\u00e9s depuis le d\u00e9but de\u00a0l\u2019ann\u00e9e que pendant toute l\u2019ann\u00e9e 2020. Si la tendance actuelle\u00a0se poursuit, le nombre de d\u00e9c\u00e8s d\u00e9passera le total de l\u2019ann\u00e9e\u00a0derni\u00e8re\u00a0dans les trois prochaines semaines. C\u2019est tr\u00e8s\u00a0tragique\u00a0\u00bb, a dit\u00a0Tedros\u00a0Adhanom\u00a0Ghebreyesus.<\/p>\n<p>Le programme\u00a0Covax, dirig\u00e9 par l\u2019OMS et l\u2019Alliance du vaccin\u00a0(Gavi), a livr\u00e9 72 millions de doses de vaccin \u00e0 125 pays et\u00a0\u00e9conomies depuis f\u00e9vrier, ce qui est \u00e0 peine suffisant pour 1 %\u00a0de leur population, a-t-il dit.<\/p>\n<p>L\u2019OMS tire la sonnette d\u2019alarme. La pand\u00e9mie de Covid-19 est\u00a0entretenue par une \u00ab\u00a0scandaleuse in\u00e9galit\u00e9\u00a0\u00bb dans la distribution\u00a0des vaccins, a d\u00e9clar\u00e9 lundi 24 mai le chef de l\u2019Organisation mondiale\u00a0de la sant\u00e9 (OMS) en fixant de nouveaux objectifs pour\u00a0<a href=\"https:\/\/www.france24.com\/fr\/asie-pacifique\/20210512-covid-19-l-oms-a-d%C3%A9tect%C3%A9-le-variant-indien-dans-44-pays\" target=\"_self\" rel=\"noopener noreferrer\">prot\u00e9ger\u00a0les populations des pays les plus pauvres<\/a>.<\/p>\n<p>Plus de 75 % de tous les vaccins ont \u00e9t\u00e9 administr\u00e9s dans\u00a0seulement 10 pays, a d\u00e9clar\u00e9 le directeur g\u00e9n\u00e9ral de l\u2019OMS,\u00a0Tedros\u00a0Adhanom\u00a0Ghebreyesus, lors de l\u2019ouverture de l\u2019assembl\u00e9e\u00a0annuelle des ministres de la Sant\u00e9 des 194 \u00c9tats membres\u00a0ce\u00a0l\u2019organisation \u00e0 Gen\u00e8ve, en Suisse.<\/p>\n<p><strong>\u00ab\u00a0Une situation tr\u00e8s dangereuse\u00a0\u00bb<\/strong><\/p>\n<p>\u00ab\u00a0Il n\u2019y a pas de mani\u00e8re diplomatique de le dire, un petit\u00a0groupe de pays qui fabrique et ach\u00e8te la majorit\u00e9 des vaccins\u00a0dans le monde contr\u00f4le le sort du reste du monde\u00a0\u00bb, a-t-il\u00a0dit.<\/p>\n<div id=\"tms-ad-inread-19767862148385662\" class=\"tms-ad\" data-tms-ad-type=\"inread\" data-tms-ad-provider=\"invibes\" data-tms-ad-status=\"started\">\n<div id=\"divVideoStepAdBottom\" class=\"divVideoStep\"><\/div>\n<\/div>\n<p>Aucun pays ne doit se croire \u00ab\u00a0sorti d\u2019affaire\u00a0\u00bb, quel que\u00a0soit son taux de vaccination, tant que le virus SARS-CoV-2 et\u00a0ses variants se propagent ailleurs, a-t-il dit.\u00a0\u00ab\u00a0Le monde reste dans une situation tr\u00e8s dangereuse\u00a0\u00bb, a-t-il\u00a0soulign\u00e9.<\/p>\n<p>\u00ab\u00a0\u00c0 ce jour, plus de cas ont \u00e9t\u00e9 signal\u00e9s depuis le d\u00e9but de\u00a0l\u2019ann\u00e9e que pendant toute l\u2019ann\u00e9e 2020. Si la tendance actuelle\u00a0se poursuit, le nombre de d\u00e9c\u00e8s d\u00e9passera le total de l\u2019ann\u00e9e\u00a0derni\u00e8re\u00a0dans les trois prochaines semaines. C\u2019est tr\u00e8s\u00a0tragique\u00a0\u00bb, a dit\u00a0Tedros\u00a0Adhanom\u00a0Ghebreyesus.<\/p>\n<p>Le programme\u00a0Covax, dirig\u00e9 par l\u2019OMS et l\u2019Alliance du vaccin\u00a0(Gavi), a livr\u00e9 72 millions de doses de vaccin \u00e0 125 pays et\u00a0\u00e9conomies depuis f\u00e9vrier, ce qui est \u00e0 peine suffisant pour 1 %\u00a0de leur population, a-t-il dit.<\/p>\n<p><strong>Flamb\u00e9e de contaminations<\/strong><\/p>\n<p>Il a \u00e9galement exhort\u00e9 les pays \u00e0 faire don de doses de\u00a0vaccin \u00e0\u00a0Covax\u00a0afin de permettre \u00e0 10 % des populations de tous\u00a0les pays d\u2019\u00eatre inocul\u00e9es d\u2019ici au mois de septembre et 30 %\u00a0d\u2019ici \u00e0 la fin de l\u2019ann\u00e9e, ce qui implique que 250 millions de\u00a0personnes suppl\u00e9mentaires devront \u00eatre vaccin\u00e9es en seulement\u00a0quatre mois.<\/p>\n<p>\u00ab\u00a0C\u2019est essentiel pour mettre un terme \u00e0 la maladie et aux\u00a0d\u00e9c\u00e8s, assurer la s\u00e9curit\u00e9 de nos travailleurs de la sant\u00e9,\u00a0rouvrir nos soci\u00e9t\u00e9s et nos \u00e9conomies\u00a0\u00bb, a-t-il dit.<\/p>\n<p>Emmanuel Macron a, pour\u00a0sa part, demand\u00e9\u00a0que l\u2019OMS soit\u00a0autoris\u00e9e \u00e0 se rendre rapidement dans les pays en proie \u00e0 une\u00a0flamb\u00e9e de contaminations susceptible de\u00a0d\u00e9g\u00e9n\u00e9rer\u00a0en pand\u00e9mie\u00a0et \u00e0 acc\u00e9der \u00e0 leurs donn\u00e9es, selon le texte de son discours\u00a0destin\u00e9 aux membres de l\u2019assembl\u00e9e annuelle de l\u2019organisation.<\/p>\n<p>Dans leurs discours, le pr\u00e9sident fran\u00e7ais et la chanceli\u00e8re\u00a0allemande, Angela Merkel, appellent tous deux \u00e0 am\u00e9liorer le\u00a0financement de l\u2019agence des Nations unies et soutiennent l\u2019id\u00e9e\u00a0d\u2019un nouveau trait\u00e9 international pour pr\u00e9venir les pand\u00e9mies.<\/p>\n<p><strong><em>Avec Reuters<\/em><\/strong><\/p>\n<\/div>\n","protected":false},"excerpt":{"rendered":"<p>Le drecteur g\u00e9n\u00e9ral de l\u2019OMS, Tedros Adhanom Ghebreyesus, s\u2019est alarm\u00e9 lundi de la \u00ab scandaleuse in\u00e9galit\u00e9 \u00bb dans la distribution des vaccins, lors de l\u2019ouverture de l\u2019assembl\u00e9e annuelle \u00e0 Gen\u00e8ve, en Suisse. Il a pr\u00e9dit une issue \u00ab tragique \u00bb si rien ne change entre pays les pays riches et les pays pauvres. L\u2019OMS tire [&hellip;]<\/p>\n","protected":false},"author":2,"featured_media":8500,"comment_status":"closed","ping_status":"closed","sticky":false,"template":"","format":"standard","meta":{"footnotes":""},"categories":[59],"tags":[],"class_list":{"0":"post-8499","1":"post","2":"type-post","3":"status-publish","4":"format-standard","5":"has-post-thumbnail","7":"category-sante"},"_links":{"self":[{"href":"https:\/\/conakrynews.org\/index.php\/wp-json\/wp\/v2\/posts\/8499","targetHints":{"allow":["GET"]}}],"collection":[{"href":"https:\/\/conakrynews.org\/index.php\/wp-json\/wp\/v2\/posts"}],"about":[{"href":"https:\/\/conakrynews.org\/index.php\/wp-json\/wp\/v2\/types\/post"}],"author":[{"embeddable":true,"href":"https:\/\/conakrynews.org\/index.php\/wp-json\/wp\/v2\/users\/2"}],"replies":[{"embeddable":true,"href":"https:\/\/conakrynews.org\/index.php\/wp-json\/wp\/v2\/comments?post=8499"}],"version-history":[{"count":0,"href":"https:\/\/conakrynews.org\/index.php\/wp-json\/wp\/v2\/posts\/8499\/revisions"}],"wp:featuredmedia":[{"embeddable":true,"href":"https:\/\/conakrynews.org\/index.php\/wp-json\/wp\/v2\/media\/8500"}],"wp:attachment":[{"href":"https:\/\/conakrynews.org\/index.php\/wp-json\/wp\/v2\/media?parent=8499"}],"wp:term":[{"taxonomy":"category","embeddable":true,"href":"https:\/\/conakrynews.org\/index.php\/wp-json\/wp\/v2\/categories?post=8499"},{"taxonomy":"post_tag","embeddable":true,"href":"https:\/\/conakrynews.org\/index.php\/wp-json\/wp\/v2\/tags?post=8499"}],"curies":[{"name":"wp","href":"https:\/\/api.w.org\/{rel}","templated":true}]}}