{"id":8505,"date":"2021-05-25T10:02:38","date_gmt":"2021-05-25T10:02:38","guid":{"rendered":"https:\/\/conakrynews.org\/?p=8505"},"modified":"2021-05-25T18:54:17","modified_gmt":"2021-05-25T18:54:17","slug":"lonu-et-les-usa-exigent-la-liberation-immediate-du-president-de-la-transition-au-mali","status":"publish","type":"post","link":"https:\/\/conakrynews.org\/index.php\/lonu-et-les-usa-exigent-la-liberation-immediate-du-president-de-la-transition-au-mali\/","title":{"rendered":"L\u2019ONU et les USA exigent \u00ab\u00a0la lib\u00e9ration imm\u00e9diate\u00a0\u00bb du pr\u00e9sident de la transition au Mali"},"content":{"rendered":"<h1 class=\"name post-title entry-title\"><img loading=\"lazy\" decoding=\"async\" class=\"alignright size-medium wp-image-8506\" src=\"https:\/\/conakrynews.org\/wp-content\/uploads\/2021\/05\/coup-detat-mali-660x330-1-515x258.jpg\" alt=\"\" width=\"515\" height=\"258\" srcset=\"https:\/\/conakrynews.org\/wp-content\/uploads\/2021\/05\/coup-detat-mali-660x330-1-515x258.jpg 515w, https:\/\/conakrynews.org\/wp-content\/uploads\/2021\/05\/coup-detat-mali-660x330-1.jpg 660w\" sizes=\"auto, (max-width: 515px) 100vw, 515px\" \/><\/h1>\n<div class=\"clear\"><\/div>\n<div class=\"entry\">\n<p>La mission des Nations unies au Mali (MINUSMA) et les \u00c9tats-Unis ont exig\u00e9 lundi dans deux d\u00e9clarations distinctes la\u00a0<em>\u00ab\u00a0la lib\u00e9ration imm\u00e9diate et inconditionnelle\u00a0\u00bb<\/em>\u00a0du pr\u00e9sident de la transition Bah Ndaw et du Premier ministre Moctar Ouane, environ deux heures apr\u00e8s que l\u2019ambassade des \u00c9tats-Unis \u00e0 Bamako a dit avoir constat\u00e9 une forte pr\u00e9sence militaire dans la capitale malienne.<\/p>\n<p>Pendant ce temps, les rumeurs d\u2019un coup d\u2019\u00c9tat vont bon train, moins d\u2019un an apr\u00e8s que le pr\u00e9sident Ibrahim Boubacar Keita a \u00e9t\u00e9 renvers\u00e9 dans un putsch militaire.<\/p>\n<p><a href=\"https:\/\/twitter.com\/hashtag\/Mali?src=hash&amp;ref_src=twsrc%5Etfw\">#Mali<\/a>\u00a0Nous suivons avec attention les \u00e9v\u00e9nements et restons engag\u00e9s en appui \u00e0 la Transition. Nous appelons au calme et exigeons la lib\u00e9ration imm\u00e9diate et inconditionnelle du Pr\u00e9sident et du Premier ministre. Ceux qui les d\u00e9tiennent devront r\u00e9pondre de leurs actes.<\/p>\n<p>Les \u00e9v\u00e9nements de lundi semblent avoir \u00e9t\u00e9 pr\u00e9cipit\u00e9s par l\u2019annonce d\u2019un nouveau gouvernement au sein duquel on compte moins de militaires que le pr\u00e9c\u00e9dent.<\/p>\n<p>Selon diverses sources, le pr\u00e9sident Ndaw et le Premier ministre Ouane auraient \u00e9t\u00e9 emmen\u00e9s contre leur gr\u00e9 au camp militaire de Kati, \u00e0 environ 15 kilom\u00e8tres dans la p\u00e9riph\u00e9rie de Bamako. C\u2019est de cette m\u00eame base qu\u2019est parti le coup d\u2019\u00c9tat d\u2019ao\u00fbt 2020 qui a renvers\u00e9 le pr\u00e9sident Ibrahim Boubacar Keita.<\/p>\n<p>Une source proche de l\u2019ex\u00e9cutif malien a confirm\u00e9 \u00e0 VOA Afrique que son patron est effectivement entre les mains des militaires mais, a ajout\u00e9 la source,\u00a0<em>\u00ab\u00a0\u00e7a va \u00eatre g\u00e9r\u00e9\u00a0\u00bb.<\/em><\/p>\n<\/div>\n","protected":false},"excerpt":{"rendered":"<p>La mission des Nations unies au Mali (MINUSMA) et les \u00c9tats-Unis ont exig\u00e9 lundi dans deux d\u00e9clarations distinctes la\u00a0\u00ab\u00a0la lib\u00e9ration imm\u00e9diate et inconditionnelle\u00a0\u00bb\u00a0du pr\u00e9sident de la transition Bah Ndaw et du Premier ministre Moctar Ouane, environ deux heures apr\u00e8s que l\u2019ambassade des \u00c9tats-Unis \u00e0 Bamako a dit avoir constat\u00e9 une forte pr\u00e9sence militaire dans la [&hellip;]<\/p>\n","protected":false},"author":2,"featured_media":8506,"comment_status":"closed","ping_status":"closed","sticky":false,"template":"","format":"standard","meta":{"footnotes":""},"categories":[57],"tags":[],"class_list":{"0":"post-8505","1":"post","2":"type-post","3":"status-publish","4":"format-standard","5":"has-post-thumbnail","7":"category-politique"},"_links":{"self":[{"href":"https:\/\/conakrynews.org\/index.php\/wp-json\/wp\/v2\/posts\/8505","targetHints":{"allow":["GET"]}}],"collection":[{"href":"https:\/\/conakrynews.org\/index.php\/wp-json\/wp\/v2\/posts"}],"about":[{"href":"https:\/\/conakrynews.org\/index.php\/wp-json\/wp\/v2\/types\/post"}],"author":[{"embeddable":true,"href":"https:\/\/conakrynews.org\/index.php\/wp-json\/wp\/v2\/users\/2"}],"replies":[{"embeddable":true,"href":"https:\/\/conakrynews.org\/index.php\/wp-json\/wp\/v2\/comments?post=8505"}],"version-history":[{"count":0,"href":"https:\/\/conakrynews.org\/index.php\/wp-json\/wp\/v2\/posts\/8505\/revisions"}],"wp:featuredmedia":[{"embeddable":true,"href":"https:\/\/conakrynews.org\/index.php\/wp-json\/wp\/v2\/media\/8506"}],"wp:attachment":[{"href":"https:\/\/conakrynews.org\/index.php\/wp-json\/wp\/v2\/media?parent=8505"}],"wp:term":[{"taxonomy":"category","embeddable":true,"href":"https:\/\/conakrynews.org\/index.php\/wp-json\/wp\/v2\/categories?post=8505"},{"taxonomy":"post_tag","embeddable":true,"href":"https:\/\/conakrynews.org\/index.php\/wp-json\/wp\/v2\/tags?post=8505"}],"curies":[{"name":"wp","href":"https:\/\/api.w.org\/{rel}","templated":true}]}}