{"id":8517,"date":"2021-05-26T08:29:37","date_gmt":"2021-05-26T08:29:37","guid":{"rendered":"https:\/\/conakrynews.org\/?p=8517"},"modified":"2021-05-26T10:55:20","modified_gmt":"2021-05-26T10:55:20","slug":"guinee-alpha-conde-ecrit-au-president-de-la-commission-europeenne","status":"publish","type":"post","link":"https:\/\/conakrynews.org\/index.php\/guinee-alpha-conde-ecrit-au-president-de-la-commission-europeenne\/","title":{"rendered":"Guin\u00e9e: Alpha Cond\u00e9 \u00e9crit au pr\u00e9sident de la Commission Europ\u00e9enne"},"content":{"rendered":"<h1 class=\"name post-title entry-title\">\u00a0<\/h1>\n<p class=\"post-meta\">\u00a0<\/p>\n<div class=\"clear\">\u00a0<\/div>\n<div class=\"entry\">\u00c0 l\u2019occasion de la c\u00e9l\u00e9bration de la journ\u00e9e de l\u2019Europe, le pr\u00e9sident de la R\u00e9publique de Guin\u00e9e, Pr Alpha Cond\u00e9\u00a0 \u00e0 travers un message lu dans la soir\u00e9e du lundi 24 mai 2021 \u00e0 la t\u00e9l\u00e9vision nationale, adress\u00e9 un message de f\u00e9licitation \u00e0 l\u2019Union europ\u00e9enne. Dans ce message, Pr Alpha Cond\u00e9 a exprim\u00e9 au pr\u00e9sident de la Commission Europ\u00e9enne \u00a0ses sinc\u00e8res et chaleureuses f\u00e9licitations \u00e0 l\u2019occasion de la journ\u00e9e de l\u2019Europe marquant la d\u00e9claration de Robert Schumann<em>.<\/em> <strong>\u00a0\u00a0<\/strong> <strong>Voici l\u2019int\u00e9gralit\u00e9 du message d\u2019Alpha Cond\u00e9<\/strong> \u00a0 \u201cExcellence monsieur le Pr\u00e9sident, il m\u2019est particuli\u00e8rement agr\u00e9able de m\u2019exprimer au nom du peuple de Guin\u00e9e et de son Gouvernement, nos sinc\u00e8res et chaleureuses f\u00e9licitations \u00e0 l\u2019occasion de la journ\u00e9e de l\u2019Europe marquant la d\u00e9claration de Robert Schumann. Je saisis cette heureuse circonstance pour vous r\u00e9affirmer ma ferme volont\u00e9 d\u2019\u0153uvrer avec votre excellence, \u00e0 la diversification et \u00e0 l\u2019approfondissement de nos relations d\u2019amiti\u00e9 et de solidarit\u00e9 qui lient l\u2019Union europ\u00e9enne et la R\u00e9publique de Guin\u00e9e. En vous exprimant mes v\u0153ux les meilleurs, je vous prie d\u2019agr\u00e9er excellence monsieur le pr\u00e9sident l\u2019assurance renouvel\u00e9e de ma haute consid\u00e9ration\u00bb \u00a0 <strong>Fanta Kamano pour guineequotidien.com<\/strong><\/div>\n","protected":false},"excerpt":{"rendered":"<p>\u00a0 \u00a0 \u00a0 \u00c0 l\u2019occasion de la c\u00e9l\u00e9bration de la journ\u00e9e de l\u2019Europe, le pr\u00e9sident de la R\u00e9publique de Guin\u00e9e, Pr Alpha Cond\u00e9\u00a0 \u00e0 travers un message lu dans la soir\u00e9e du lundi 24 mai 2021 \u00e0 la t\u00e9l\u00e9vision nationale, adress\u00e9 un message de f\u00e9licitation \u00e0 l\u2019Union europ\u00e9enne. Dans ce message, Pr Alpha Cond\u00e9 a [&hellip;]<\/p>\n","protected":false},"author":2,"featured_media":8518,"comment_status":"closed","ping_status":"closed","sticky":false,"template":"","format":"standard","meta":{"footnotes":""},"categories":[57],"tags":[],"class_list":{"0":"post-8517","1":"post","2":"type-post","3":"status-publish","4":"format-standard","5":"has-post-thumbnail","7":"category-politique"},"_links":{"self":[{"href":"https:\/\/conakrynews.org\/index.php\/wp-json\/wp\/v2\/posts\/8517","targetHints":{"allow":["GET"]}}],"collection":[{"href":"https:\/\/conakrynews.org\/index.php\/wp-json\/wp\/v2\/posts"}],"about":[{"href":"https:\/\/conakrynews.org\/index.php\/wp-json\/wp\/v2\/types\/post"}],"author":[{"embeddable":true,"href":"https:\/\/conakrynews.org\/index.php\/wp-json\/wp\/v2\/users\/2"}],"replies":[{"embeddable":true,"href":"https:\/\/conakrynews.org\/index.php\/wp-json\/wp\/v2\/comments?post=8517"}],"version-history":[{"count":0,"href":"https:\/\/conakrynews.org\/index.php\/wp-json\/wp\/v2\/posts\/8517\/revisions"}],"wp:featuredmedia":[{"embeddable":true,"href":"https:\/\/conakrynews.org\/index.php\/wp-json\/wp\/v2\/media\/8518"}],"wp:attachment":[{"href":"https:\/\/conakrynews.org\/index.php\/wp-json\/wp\/v2\/media?parent=8517"}],"wp:term":[{"taxonomy":"category","embeddable":true,"href":"https:\/\/conakrynews.org\/index.php\/wp-json\/wp\/v2\/categories?post=8517"},{"taxonomy":"post_tag","embeddable":true,"href":"https:\/\/conakrynews.org\/index.php\/wp-json\/wp\/v2\/tags?post=8517"}],"curies":[{"name":"wp","href":"https:\/\/api.w.org\/{rel}","templated":true}]}}