{"id":8539,"date":"2021-05-26T11:19:04","date_gmt":"2021-05-26T11:19:04","guid":{"rendered":"https:\/\/conakrynews.org\/?p=8539"},"modified":"2021-05-26T21:26:04","modified_gmt":"2021-05-26T21:26:04","slug":"cite-sur-une-liste-de-personnalites-a-sanctionner-par-lue-albert-damantang-reagit-je-ne-lai-pas-prise-au-serieux-parce-quil-en-faut-beaucoup-plus-pour-incrimine","status":"publish","type":"post","link":"https:\/\/conakrynews.org\/index.php\/cite-sur-une-liste-de-personnalites-a-sanctionner-par-lue-albert-damantang-reagit-je-ne-lai-pas-prise-au-serieux-parce-quil-en-faut-beaucoup-plus-pour-incrimine\/","title":{"rendered":"Cit\u00e9 sur une liste de personnalit\u00e9s \u00e0 sanctionner par l\u2019UE, Albert Damantang r\u00e9agit : \u201dJe ne l\u2019ai pas prise au s\u00e9rieux, parce qu\u2019il en faut beaucoup plus pour incriminer\u2019\u2019"},"content":{"rendered":"<div class=\"td-post-header\">\n<header class=\"td-post-title\">\n<blockquote>\n<h1 class=\"entry-title\" style=\"text-align: left;\"><\/h1>\n<\/blockquote>\n<div class=\"td-module-meta-info\">\n<div class=\"td-post-author-name\">\n<div class=\"td-author-by\"><\/div>\n<\/div>\n<\/div>\n<\/header>\n<\/div>\n<div class=\"td-post-sharing td-post-sharing-top \">\n<div class=\"td-default-sharing\"><i class=\"td-icon-facebook\"><\/i>\u00a0<i class=\"td-icon-twitter\"><\/i>\u00a0<i class=\"td-icon-googleplus\"><\/i>\u00a0<i class=\"td-icon-pinterest\"><\/i>\u00a0<i class=\"td-icon-whatsapp\"><\/i><\/div>\n<\/div>\n<div class=\"td-post-content\">\n<div class=\"td-post-featured-image\"><a class=\"td-modal-image\" href=\"https:\/\/liberationinfo.com\/wp-content\/uploads\/2021\/05\/img_1600_1.jpg\" data-caption=\"\"><img loading=\"lazy\" decoding=\"async\" class=\"entry-thumb td-animation-stack-type0-2\" title=\"img_1600_1\" src=\"https:\/\/liberationinfo.com\/wp-content\/uploads\/2021\/05\/img_1600_1.jpg\" alt=\"\" width=\"550\" height=\"400\" \/><\/a><\/div>\n<div class=\"jeg_navbar_mobile_wrapper\">\n<div class=\"jeg_navbar_mobile jeg_sticky_nav\">\n<div class=\"jeg_mobile_bottombar jeg_mobile_midbar jeg_container dark\">\n<div class=\"container\">\n<div class=\"jeg_nav_row\">\n<div class=\"jeg_nav_col jeg_nav_center jeg_nav_grow\">\n<div class=\"item_wrap jeg_nav_aligncenter\">\n<div class=\"jeg_nav_item jeg_mobile_logo\">\n<div class=\"site-title\"><\/div>\n<\/div>\n<\/div>\n<\/div>\n<\/div>\n<\/div>\n<\/div>\n<\/div>\n<div class=\"sticky_blankspace\"><\/div>\n<\/div>\n<div class=\"post-wrapper\">\n<div class=\"post-wrap\">\n<div class=\"jeg_main \">\n<div class=\"jeg_container\">\n<div class=\"jeg_content jeg_singlepage\">\n<div class=\"container\">\n<div class=\"row\">\n<div class=\"jeg_main_content col-md-8\">\n<div class=\"jeg_inner_content\">\n<div class=\"entry-content no-share\">\n<div class=\"content-inner \">\n<p><strong><b>R\u00e9cemment cit\u00e9 sur une\u00a0 liste de 25 personnalit\u00e9s par les eurod\u00e9put\u00e9s comme \u00e9tant les principaux acteurs des violences survenues en Guin\u00e9e, au lendemain de l\u2019\u00e9lection pr\u00e9sidentielle du 18 octobre 2020, Albert Damantang camara d\u00e9sapprouve la d\u00e9marche des d\u00e9put\u00e9s europ\u00e9ens.<\/b><\/strong><\/p>\n<p><strong><b>Par ailleurs, le ministre de la s\u00e9curit\u00e9 et de la protection civile trouve cette attitude des eurod\u00e9put\u00e9s aberrante \u00e0 l\u2019endroit d\u2019un pays souverain, \u201d\u00e7a n\u2019engage que ceux qui le font et \u00e7a r\u00e9pond \u00e0 une logique qui n\u2019appartient qu\u2019\u00e0 eux\u2019\u2019, a-t-il d\u00e9nonc\u00e9, dans une interview accord\u00e9e au site d\u2019informations Mosaiqueguinee.com.\u00a0<\/b><\/strong><\/p>\n<p>\u201d<em>Je ne l\u2019ai pas prise au s\u00e9rieux, parce qu\u2019il en faut beaucoup plus pour incriminer un gouvernement, il faut \u00eatre beaucoup plus s\u00e9rieux. Par contre, ce que je trouve \u00e0 la limite inqui\u00e9tant, pas pour nous mais pour le contribuable europ\u00e9en, c\u2019est de voir 32 d\u00e9put\u00e9s se faire mener au bout du nez par des int\u00e9r\u00eats partisans. Je m\u2019explique : \u00e0 la limite qu\u2019on cite le ministre de la s\u00e9curit\u00e9, \u00e7a peut s\u2019expliquer \u2013 \u00e7a n\u2019engage que ceux qui le font et \u00e7a r\u00e9pond \u00e0 une logique qui n\u2019appartient qu\u2019\u00e0 eux, je ne me prononce pas l\u00e0-dessus \u2013. Mais qu\u2019on cite des personnes qui n\u2019ont rien \u00e0 avoir avec le maintien d\u2019ordre, ni avec la s\u00e9curit\u00e9, ni avec le judiciaire, comme le Directeur de la Caisse de s\u00e9curit\u00e9 sociale, le directeur des douanes, le ministre des travaux publics, le ministre de l\u2019information, ainsi de suite, je trouve \u00e7a totalement aberrant. Mais il y a autre chose plus inqui\u00e9tant, au-del\u00e0 des int\u00e9r\u00eats politiques partisans que certains membres du FNDC ou de l\u2019opposition ont r\u00e9ussi \u00e0 faire valoir devant les eurod\u00e9put\u00e9s, certains activistes de la soci\u00e9t\u00e9 civile, pour des raisons strictement personnelles, parce qu\u2019ils en veulent personnellement \u00e0 Na\u00eft\u00e9, \u00e0 Malick Sankhon ou \u00e0 Toumani Sangar\u00e9 se sont d\u00e9brouill\u00e9s pour que leurs noms figurent sur cette liste et se sont d\u00e9brouill\u00e9s pour que des d\u00e9put\u00e9s europ\u00e9ens, qui sont cens\u00e9s avoir un minimum de recul, les suivent dans cette voie-l\u00e0. C\u2019est grave pour la d\u00e9mocratie europ\u00e9enne, \u00e7a met en lumi\u00e8re ce qu\u2019on a toujours dit : ceux qui s\u2019int\u00e9ressent aux droits de l\u2019homme en Afrique, ne sont pas s\u00e9rieux. Ils le font avec une certaine condescendance m\u00e9prisante et ce n\u2019est pas \u00e0 l\u2019honneur non plus de ceux qui sont en Guin\u00e9e. On les manipule et on les am\u00e8ne \u00e0 condamner \u00e0 tout prix, la Guin\u00e9e\u2019\u2019<\/em>,\u00a0<strong>a-t-il condamn\u00e9 le ministre de la s\u00e9curit\u00e9 et de la protection civile, Albert Damantang camara.\u00a0<\/strong><\/p>\n<p><strong>Mohamed Camara\u00a0<\/strong><\/p>\n<p>&nbsp;<\/p>\n<\/div>\n<\/div>\n<\/div>\n<\/div>\n<\/div>\n<\/div>\n<\/div>\n<\/div>\n<\/div>\n<\/div>\n<\/div>\n<\/div>\n","protected":false},"excerpt":{"rendered":"<p>\u00a0\u00a0\u00a0\u00a0 R\u00e9cemment cit\u00e9 sur une\u00a0 liste de 25 personnalit\u00e9s par les eurod\u00e9put\u00e9s comme \u00e9tant les principaux acteurs des violences survenues en Guin\u00e9e, au lendemain de l\u2019\u00e9lection pr\u00e9sidentielle du 18 octobre 2020, Albert Damantang camara d\u00e9sapprouve la d\u00e9marche des d\u00e9put\u00e9s europ\u00e9ens. Par ailleurs, le ministre de la s\u00e9curit\u00e9 et de la protection civile trouve cette attitude [&hellip;]<\/p>\n","protected":false},"author":2,"featured_media":8541,"comment_status":"closed","ping_status":"closed","sticky":false,"template":"","format":"standard","meta":{"footnotes":""},"categories":[58],"tags":[],"class_list":{"0":"post-8539","1":"post","2":"type-post","3":"status-publish","4":"format-standard","5":"has-post-thumbnail","7":"category-societe"},"_links":{"self":[{"href":"https:\/\/conakrynews.org\/index.php\/wp-json\/wp\/v2\/posts\/8539","targetHints":{"allow":["GET"]}}],"collection":[{"href":"https:\/\/conakrynews.org\/index.php\/wp-json\/wp\/v2\/posts"}],"about":[{"href":"https:\/\/conakrynews.org\/index.php\/wp-json\/wp\/v2\/types\/post"}],"author":[{"embeddable":true,"href":"https:\/\/conakrynews.org\/index.php\/wp-json\/wp\/v2\/users\/2"}],"replies":[{"embeddable":true,"href":"https:\/\/conakrynews.org\/index.php\/wp-json\/wp\/v2\/comments?post=8539"}],"version-history":[{"count":0,"href":"https:\/\/conakrynews.org\/index.php\/wp-json\/wp\/v2\/posts\/8539\/revisions"}],"wp:featuredmedia":[{"embeddable":true,"href":"https:\/\/conakrynews.org\/index.php\/wp-json\/wp\/v2\/media\/8541"}],"wp:attachment":[{"href":"https:\/\/conakrynews.org\/index.php\/wp-json\/wp\/v2\/media?parent=8539"}],"wp:term":[{"taxonomy":"category","embeddable":true,"href":"https:\/\/conakrynews.org\/index.php\/wp-json\/wp\/v2\/categories?post=8539"},{"taxonomy":"post_tag","embeddable":true,"href":"https:\/\/conakrynews.org\/index.php\/wp-json\/wp\/v2\/tags?post=8539"}],"curies":[{"name":"wp","href":"https:\/\/api.w.org\/{rel}","templated":true}]}}