{"id":8559,"date":"2021-05-27T17:24:55","date_gmt":"2021-05-27T17:24:55","guid":{"rendered":"https:\/\/conakrynews.org\/?p=8559"},"modified":"2021-05-27T18:41:10","modified_gmt":"2021-05-27T18:41:10","slug":"guinee-la-directrice-regionale-pour-lafrique-de-louest-et-du-centre-de-lunicef-est-a-conakry","status":"publish","type":"post","link":"https:\/\/conakrynews.org\/index.php\/guinee-la-directrice-regionale-pour-lafrique-de-louest-et-du-centre-de-lunicef-est-a-conakry\/","title":{"rendered":"Guin\u00e9e : La Directrice r\u00e9gionale pour l\u2019Afrique de l\u2019Ouest et du Centre de l\u2019UNICEF est \u00e0 Conakry"},"content":{"rendered":"<h1 class=\"name post-title entry-title\"><img loading=\"lazy\" decoding=\"async\" class=\"alignright size-full wp-image-8560\" src=\"https:\/\/conakrynews.org\/wp-content\/uploads\/2021\/05\/UNICEF-Madame-Marie-Pierre-Poirier.jpg\" alt=\"\" width=\"480\" height=\"320\" \/><\/h1>\n<div class=\"clear\"><\/div>\n<div class=\"entry\">\n<p>En visite de travail en Guin\u00e9e, la Directrice r\u00e9gionale pour l\u2019Afrique de l\u2019Ouest et du Centre de l\u2019UNICEF, Madame Marie-Pierre Poirier, s\u2019est entretenue ce mercredi 26 mai 2021 \u00e0 Conakry avec le ministre des affaires \u00e9trang\u00e8res et des guin\u00e9ens de l\u2019\u00e9tranger, Dr Ibrahima Kalil Kaba, a constat\u00e9 notre reporter.<\/p>\n<p>Au cours de cette rencontre, les \u00e9changes ont essentiellement \u00e9t\u00e9 consacr\u00e9s aux pr\u00e9occupations du<br \/>\nGouvernement guin\u00e9en en mati\u00e8re de la protection des enfants.<\/p>\n<p>Dans sa communication, Madame Marie-Pierre Poirier, Directrice r\u00e9gionale pour l\u2019Afrique de l\u2019Ouest et du Centre de l\u2019UNICEF a fait savoir que sa pr\u00e9sence \u00e0 Conakry est une mission d\u2019ouverture pour comprendre la vision des autorit\u00e9s sur la question, et faire de la Guin\u00e9e, un pays o\u00f9 les petites filles, les<br \/>\npetits gar\u00e7ons sont accueillis pour avoir leur plein potentiel.<\/p>\n<p>De son c\u00f4t\u00e9, le ministre Ibrahima Khalil Kaba, \u00a0est revenu sur les priorit\u00e9s de Monsieur le Pr\u00e9sident de la R\u00e9publique, S.E. Professeur Alpha COND\u00c9.<\/p>\n<p>\u00ab\u00a0Il s\u2019agit par exemple de la question de la malnutrition chronique chez les enfants, de l\u2019instauration des maternelles \u00e0 partir de 4 ans d\u00e8s 2023, de la g\u00e9n\u00e9ralisation des cantines scolaires \u00e0 tous les enfants dans les milieux ruraux, du ph\u00e9nom\u00e8ne de traite des enfants dans les zones mini\u00e8res notamment, et de la dotation du fonds national d\u2019indigences\u00a0\u00bb.<\/p>\n<p>\u00c0 noter qu\u2019au terme de la rencontre, les deux personnalit\u00e9s se sont f\u00e9licit\u00e9es de l\u2019excellente collaboration entre le Gouvernement guin\u00e9en et l\u2019UNICEF, tout en s\u2019engageant \u00e0 mettre l\u2019accent sur la question de la jeune fille et l\u2019enregistrement des naissances.<\/p>\n<p><strong>Moustapha DRAM\u00c9<\/strong><\/p>\n<\/div>\n","protected":false},"excerpt":{"rendered":"<p>En visite de travail en Guin\u00e9e, la Directrice r\u00e9gionale pour l\u2019Afrique de l\u2019Ouest et du Centre de l\u2019UNICEF, Madame Marie-Pierre Poirier, s\u2019est entretenue ce mercredi 26 mai 2021 \u00e0 Conakry avec le ministre des affaires \u00e9trang\u00e8res et des guin\u00e9ens de l\u2019\u00e9tranger, Dr Ibrahima Kalil Kaba, a constat\u00e9 notre reporter. Au cours de cette rencontre, les [&hellip;]<\/p>\n","protected":false},"author":2,"featured_media":8560,"comment_status":"closed","ping_status":"closed","sticky":false,"template":"","format":"standard","meta":{"footnotes":""},"categories":[58],"tags":[],"class_list":{"0":"post-8559","1":"post","2":"type-post","3":"status-publish","4":"format-standard","5":"has-post-thumbnail","7":"category-societe"},"_links":{"self":[{"href":"https:\/\/conakrynews.org\/index.php\/wp-json\/wp\/v2\/posts\/8559","targetHints":{"allow":["GET"]}}],"collection":[{"href":"https:\/\/conakrynews.org\/index.php\/wp-json\/wp\/v2\/posts"}],"about":[{"href":"https:\/\/conakrynews.org\/index.php\/wp-json\/wp\/v2\/types\/post"}],"author":[{"embeddable":true,"href":"https:\/\/conakrynews.org\/index.php\/wp-json\/wp\/v2\/users\/2"}],"replies":[{"embeddable":true,"href":"https:\/\/conakrynews.org\/index.php\/wp-json\/wp\/v2\/comments?post=8559"}],"version-history":[{"count":0,"href":"https:\/\/conakrynews.org\/index.php\/wp-json\/wp\/v2\/posts\/8559\/revisions"}],"wp:featuredmedia":[{"embeddable":true,"href":"https:\/\/conakrynews.org\/index.php\/wp-json\/wp\/v2\/media\/8560"}],"wp:attachment":[{"href":"https:\/\/conakrynews.org\/index.php\/wp-json\/wp\/v2\/media?parent=8559"}],"wp:term":[{"taxonomy":"category","embeddable":true,"href":"https:\/\/conakrynews.org\/index.php\/wp-json\/wp\/v2\/categories?post=8559"},{"taxonomy":"post_tag","embeddable":true,"href":"https:\/\/conakrynews.org\/index.php\/wp-json\/wp\/v2\/tags?post=8559"}],"curies":[{"name":"wp","href":"https:\/\/api.w.org\/{rel}","templated":true}]}}