{"id":8573,"date":"2021-05-27T18:09:32","date_gmt":"2021-05-27T18:09:32","guid":{"rendered":"https:\/\/conakrynews.org\/?p=8573"},"modified":"2021-05-27T18:41:42","modified_gmt":"2021-05-27T18:41:42","slug":"rwanda-a-kigali-les-mots-du-president-francais-emmanuel-macron-sont-tres-attendus","status":"publish","type":"post","link":"https:\/\/conakrynews.org\/index.php\/rwanda-a-kigali-les-mots-du-president-francais-emmanuel-macron-sont-tres-attendus\/","title":{"rendered":"Rwanda : \u00e0 Kigali, les mots du pr\u00e9sident fran\u00e7ais Emmanuel Macron sont tr\u00e8s attendus"},"content":{"rendered":"<div class=\"td-post-header\">\n<header class=\"td-post-title\">\n<h1 class=\"entry-title\"><\/h1>\n<div class=\"td-module-meta-info\">\n<div class=\"td-post-author-name\">\n<div class=\"td-author-by\"><\/div>\n<\/div>\n<\/div>\n<\/header>\n<\/div>\n<div class=\"td-post-sharing td-post-sharing-top \">\n<div class=\"td-default-sharing\"><i class=\"td-icon-facebook\"><\/i>\u00a0<i class=\"td-icon-twitter\"><\/i>\u00a0<i class=\"td-icon-googleplus\"><\/i>\u00a0<i class=\"td-icon-pinterest\"><\/i>\u00a0<i class=\"td-icon-whatsapp\"><\/i><\/div>\n<\/div>\n<div class=\"td-post-content\">\n<div class=\"td-post-featured-image\"><a class=\"td-modal-image\" href=\"https:\/\/liberationinfo.com\/wp-content\/uploads\/2021\/05\/105993288_france.jpg\" data-caption=\"\"><img loading=\"lazy\" decoding=\"async\" class=\"entry-thumb td-animation-stack-type0-2\" title=\"_105993288_france\" src=\"https:\/\/liberationinfo.com\/wp-content\/uploads\/2021\/05\/105993288_france.jpg\" alt=\"\" width=\"640\" height=\"360\" \/><\/a><\/div>\n<header id=\"masthead\" class=\"site-header header-simple style_black\">\n<div id=\"nerubian-header\">\n<div class=\"header-content bar header-fixed fixed\">\n<div class=\"container\">\n<div class=\"nerubian-header-content \">\n<div class=\"header-content-logo\">\n<div id=\"logo\" class=\"site-logo\"><\/div>\n<\/div>\n<\/div>\n<\/div>\n<\/div>\n<\/div>\n<\/header>\n<div id=\"content\" class=\"site-content\">\n<div class=\"wrap-content\">\n<div class=\"container\">\n<div class=\"row single-main-content\">\n<div class=\"main-content content-right col-sx-12 col-sm-12 col-md-9 col-lg-9\">\n<div class=\"content-inner\">\n<div class=\"box box-article\">\n<article id=\"post-155149\" class=\"post-155149 post type-post status-publish format-standard has-post-thumbnail hentry category-international\">\n<div class=\"post-image single-image\"><\/div>\n<div class=\"entry-content clearfix\">\n<div class=\"entry-content-inner padding-left\">\n<div class=\"pf-content\">\n<p>C\u2019est un d\u00e9placement historique pour Emmanuel Macron, qui se rend ce jeudi 27 mai \u00e0 Kigali. Il est\u00a0seulement le deuxi\u00e8me pr\u00e9sident fran\u00e7ais \u00e0 faire le voyage au Rwanda depuis le g\u00e9nocide des Tutsis en\u00a01994. Apr\u00e8s avoir longtemps entretenu des relations orageuses, les deux pays se sont rapproch\u00e9s ces\u00a0trois derni\u00e8res ann\u00e9es. Le programme du chef d\u2019\u00c9tat s\u2019annonce charg\u00e9 dans la capitale. Beaucoup de Rwandais esp\u00e8rent des excuses de la France apr\u00e8s les \u00e9v\u00e9nements de 1994.<\/p>\n<p><em>Avec notre envoy\u00e9 sp\u00e9cial \u00e0 Kigali,\u00a0<\/em><strong>Pierre Firtion<\/strong><\/p>\n<div class=\"code-block code-block-2\"><\/div>\n<p>Jeudi 26 mai, avant de s\u2019envoler vers le Rwanda, Emmanuel Macron a confi\u00e9 sa \u00ab conviction profonde \u00bb\u00a0\u00e0 propos de sa visite\u00a0: le pr\u00e9sident fran\u00e7ais est convaincu qu\u2019une \u00ab\u00a0<em>page nouvelle de notre histoire avec\u00a0le Rwanda et l\u2019Afrique<\/em>\u00a0\u00bb va s\u2019\u00e9crire. \u00c0 Kigali, il donnera une conf\u00e9rence de presse avec Paul Kagame,\u00a0avant un entretien et un d\u00e9jeuner entre les deux hommes.<\/p>\n<p>Mais le temps fort de cette journ\u00e9e a lieu en milieu de matin\u00e9e, avec la visite du\u00a0<strong><a href=\"https:\/\/savoirs.rfi.fr\/fr\/comprendre-enrichir\/histoire\/vingt-ans-apres-le-rwanda-se-souvient\" target=\"_blank\" rel=\"noopener\">m\u00e9morial du g\u00e9nocide\u00a0de Gisozi<\/a><\/strong>. Construit \u00e0 partir de 1999, ce m\u00e9morial a \u00e9t\u00e9 inaugur\u00e9 cinq ans plus tard. \u00c0 l\u2019ext\u00e9rieur, sous\u00a0d\u2019imposantes dalles de b\u00e9ton, sont enterr\u00e9es plus de 250 000 de personnes.<\/p>\n<p>\u00c0 l\u2019int\u00e9rieur, un mus\u00e9e retrace l\u2019histoire du g\u00e9nocide des Tutsis. De la mont\u00e9e de la haine aux\u00a0massacres, photos et vid\u00e9os racontent l\u2019horreur v\u00e9cue au printemps 1994. Quelques clich\u00e9s rappellent\u00a0aussi le soutien fran\u00e7ais apport\u00e9 au pouvoir de l\u2019\u00e9poque. Et pour le guide Serge Rwigamba, pas de\u00a0doute\u00a0: \u00ab\u00a0<em>La France a jou\u00e9 un r\u00f4le de responsabilit\u00e9.<\/em>\u00a0\u00bb<\/p>\n<p>\u00ab\u00a0Il y a besoin de mettre des mots sur le r\u00f4le exact de la France\u00a0\u00bb<\/p>\n<p>\u00c0 l\u2019issue de cette visite, Emmanuel Macron tiendra un discours tr\u00e8s attendu. Va-t-il pr\u00e9senter des\u00a0excuses, comme l\u2019ont fait par le pass\u00e9 les \u00c9tats-Unis, la Belgique, les Nations unies ou l\u2019\u00c9glise\u00a0catholique\u00a0?\u00a0La question reste pour l\u2019heure en suspens. Son entourage entretient d\u2019ailleurs savamment\u00a0le myst\u00e8re.<\/p>\n<div class=\"google-auto-placed ap_container\"><\/div>\n<p>Ce que l\u2019on sait, c\u2019est que le pr\u00e9sident devrait prononcer un discours d\u2019une vingtaine de minutes. Une\u00a0intervention pour laquelle il a, dit-on, beaucoup consult\u00e9, notamment des intellectuels africains. Son\u00a0message s\u2019adressera aux victimes du g\u00e9nocide des Tutsis et aux rescap\u00e9s. \u00ab\u00a0<em>Il y a besoin de mettre\u00a0des mots sur le r\u00f4le exact de la France dans cette p\u00e9riode allant de 90 \u00e0 94<\/em>\u00a0\u00bb, explique un conseiller du\u00a0pr\u00e9sident fran\u00e7ais.<\/p>\n<p>Ce d\u00e9sir se ressent particuli\u00e8rement au sein d\u2019Ibuka Rwanda, la principale organisation de rescap\u00e9s du g\u00e9nocide.\u00a0Egide Nkuranga, son pr\u00e9sident, confie\u00a0\u00e0\u00a0<strong>Laure Broulard<\/strong>\u00a0:\u00a0\u00ab\u00a0<em>Il pourra peut-\u00eatre demander pardon au nom de la France. (\u2026) C\u2019est tout ce qu\u2019on attend. Et le reste, \u00e7a va continuer<\/em>\u00a0\u00bb.\u00a0Le \u00ab reste \u00bb, c\u2019est la qu\u00eate de\u00a0justice\u00a0: les rescap\u00e9s veulent que la poursuite des g\u00e9nocidaires r\u00e9fugi\u00e9s en France s\u2019acc\u00e9l\u00e8re et que le rapport Duclert serve de base \u00e0 d\u2019\u00e9ventuelles plaintes contre des responsables fran\u00e7ais de l\u2019\u00e9poque.<\/p>\n<p>La commission Duclert a boulevers\u00e9 la donne<\/p>\n<p>En 2010, alors qu\u2019il \u00e9tait en visite au Rwanda, Nicolas Sarkozy avait reconnu de \u00ab\u00a0<em>graves erreurs d\u2019appr\u00e9ciation<\/em>\u00a0\u00bb de la part de la France,\u00a0\u00ab\u00a0<em>des erreurs politiques<\/em>\u00a0\u00bb et une \u00ab\u00a0<em>forme d\u2019aveuglement<\/em>\u00a0\u00bb. Freddy Mutanguha, le directeur du m\u00e9morial\u00a0de Gisozi, lui avait montr\u00e9 des images du soutien fran\u00e7ais \u00e0 l\u2019ancien r\u00e9gime de Juv\u00e9nal\u00a0Habyarimana. \u00ab\u00a0<em>Il a \u00e9cout\u00e9 mais n\u2019a\u00a0<\/em><strong><em><a href=\"https:\/\/www.rfi.fr\/fr\/contenu\/20100225-kigali-le-president-sarkozy-sincline-devant-victimes-genocide\">pas fait de commentaires<\/a><\/em><\/strong>\u00a0\u00bb, se souvient-il.<\/p>\n<p>Emmanuel Macron ira-t-il plus loin\u00a0? Tout porte \u00e0 le croire, car entretemps, la donne a chang\u00e9\u00a0: la\u00a0commission d\u2019historiens pr\u00e9sid\u00e9e par Vincent Duclert a r\u00e9cemment conclu \u00e0 des\u00a0<strong><a href=\"https:\/\/www.rfi.fr\/fr\/podcasts\/invit%C3%A9-afrique\/20210327-vincent-duclert-la-france-a-contribu%C3%A9-%C3%A0-renforcer-la-d%C3%A9rive-raciste-et-le-surarmement-du-rwanda\">responsabilit\u00e9s\u00a0lourdes et accablantes de Paris dans le g\u00e9nocide des Tutsis<\/a><\/strong>.<\/p>\n<p>Quoi que le pr\u00e9sident fran\u00e7aise dise\u00a0\u2013 ou ne dise pas\u00a0\u2013, le s\u00e9nateur Andr\u00e9 Twahirwa salue au micro de Laure Broulard un grand pas pour les deux pays\u00a0:\u00a0\u00ab\u00a0<em>Cette visite, en soi, suffirait. Elle n\u2019est pas que symbolique. \u00c0 ce niveau-l\u00e0, une visite vaut un acte politique. Je crois que c\u2019est vraiment une grande \u00e9tape. C\u2019est la fin d\u2019un processus de m\u00e9diation et le d\u00e9but d\u2019un processus de coop\u00e9ration dans tous les domaines.<\/em>\u00a0\u00bb<\/p>\n<p>Freddy Mutanguha loue \u00e9galement les grands pas accomplis par Paris et Kigali, mais esp\u00e8re quand m\u00eame que des excuses seront\u00a0formul\u00e9es ce jeudi par le pr\u00e9sident fran\u00e7ais\u00a0: \u00ab\u00a0<em>Ce serait une bonne chose.<\/em>\u00a0\u00bb Toutefois, si des excuses ne viennent pas maintenant, le directeur du m\u00e9morial esp\u00e8re qu\u2019elles seront pr\u00e9sent\u00e9es dans le futur.<\/p>\n<\/div>\n<p>Avec RFI<\/p>\n<\/div>\n<\/div>\n<\/article>\n<\/div>\n<\/div>\n<\/div>\n<\/div>\n<\/div>\n<\/div>\n<\/div>\n<\/div>\n","protected":false},"excerpt":{"rendered":"<p>\u00a0\u00a0\u00a0\u00a0 C\u2019est un d\u00e9placement historique pour Emmanuel Macron, qui se rend ce jeudi 27 mai \u00e0 Kigali. Il est\u00a0seulement le deuxi\u00e8me pr\u00e9sident fran\u00e7ais \u00e0 faire le voyage au Rwanda depuis le g\u00e9nocide des Tutsis en\u00a01994. Apr\u00e8s avoir longtemps entretenu des relations orageuses, les deux pays se sont rapproch\u00e9s ces\u00a0trois derni\u00e8res ann\u00e9es. Le programme du chef [&hellip;]<\/p>\n","protected":false},"author":2,"featured_media":8574,"comment_status":"closed","ping_status":"closed","sticky":false,"template":"","format":"standard","meta":{"footnotes":""},"categories":[57],"tags":[],"class_list":{"0":"post-8573","1":"post","2":"type-post","3":"status-publish","4":"format-standard","5":"has-post-thumbnail","7":"category-politique"},"_links":{"self":[{"href":"https:\/\/conakrynews.org\/index.php\/wp-json\/wp\/v2\/posts\/8573","targetHints":{"allow":["GET"]}}],"collection":[{"href":"https:\/\/conakrynews.org\/index.php\/wp-json\/wp\/v2\/posts"}],"about":[{"href":"https:\/\/conakrynews.org\/index.php\/wp-json\/wp\/v2\/types\/post"}],"author":[{"embeddable":true,"href":"https:\/\/conakrynews.org\/index.php\/wp-json\/wp\/v2\/users\/2"}],"replies":[{"embeddable":true,"href":"https:\/\/conakrynews.org\/index.php\/wp-json\/wp\/v2\/comments?post=8573"}],"version-history":[{"count":0,"href":"https:\/\/conakrynews.org\/index.php\/wp-json\/wp\/v2\/posts\/8573\/revisions"}],"wp:featuredmedia":[{"embeddable":true,"href":"https:\/\/conakrynews.org\/index.php\/wp-json\/wp\/v2\/media\/8574"}],"wp:attachment":[{"href":"https:\/\/conakrynews.org\/index.php\/wp-json\/wp\/v2\/media?parent=8573"}],"wp:term":[{"taxonomy":"category","embeddable":true,"href":"https:\/\/conakrynews.org\/index.php\/wp-json\/wp\/v2\/categories?post=8573"},{"taxonomy":"post_tag","embeddable":true,"href":"https:\/\/conakrynews.org\/index.php\/wp-json\/wp\/v2\/tags?post=8573"}],"curies":[{"name":"wp","href":"https:\/\/api.w.org\/{rel}","templated":true}]}}