{"id":8606,"date":"2021-05-28T14:19:45","date_gmt":"2021-05-28T14:19:45","guid":{"rendered":"https:\/\/conakrynews.org\/?p=8606"},"modified":"2021-05-28T14:39:58","modified_gmt":"2021-05-28T14:39:58","slug":"guinee-poursuite-des-operations-de-deguerpissements-a-conakry","status":"publish","type":"post","link":"https:\/\/conakrynews.org\/index.php\/guinee-poursuite-des-operations-de-deguerpissements-a-conakry\/","title":{"rendered":"Guin\u00e9e : Poursuite des op\u00e9rations de d\u00e9guerpissements \u00e0 Conakry"},"content":{"rendered":"<header class=\"entry-header clearfix\">\n<h1 class=\"entry-title\" style=\"text-align: left;\"><\/h1>\n<\/header>\n<div class=\"entry-thumbnail lazyloaded\"><img loading=\"lazy\" decoding=\"async\" class=\"attachment-content-single size-content-single wp-post-image lazyloaded\" src=\"https:\/\/i0.wp.com\/www.bcmedia.org\/wp-content\/uploads\/2021\/05\/IMG_20210522_115557_5.jpg?resize=777%2C416&amp;ssl=1\" alt=\"\" width=\"777\" height=\"416\" data-src=\"https:\/\/i0.wp.com\/www.bcmedia.org\/wp-content\/uploads\/2021\/05\/IMG_20210522_115557_5.jpg?resize=777%2C416&amp;ssl=1\" \/><\/div>\n<div class=\"advertisement lazyloaded\">\n<div id=\"media_image-3\" class=\"sb-widget post-ad widget_media_image lazyloaded\">\n<h4 class=\"widget-title\"><\/h4>\n<\/div>\n<\/div>\n<div class=\"entry-content clearfix lazyloaded\">\n<p><strong>Le gouvernorat de la ville de Conakry en tant que tutelle des collectivit\u00e9s d\u00e9concentr\u00e9es et d\u00e9centralis\u00e9es vient de reprendre l\u2019op\u00e9ration de d\u00e9guerpissement des emprises et des domaines publics sans associer les communes.<\/strong><\/p>\n<p>Cette reprise de casses apr\u00e8s plusieurs semaines d\u2019interruptions concerne les domaines maritimes ill\u00e9galement occup\u00e9s par une certaine cat\u00e9gorie des citoyens.<\/p>\n<p>Elle fait suite au compte rendu de conseil des Ministres relatifs \u00e0 la poursuite des op\u00e9rations de casses et de r\u00e9cup\u00e9rations des domaines de l\u2019Etat o\u00f9 le Chef de l\u2019Etat a rassur\u00e9 les organisateurs de sa ferme d\u00e9termination \u00e0 donner une bonne image \u00e0 la ville de Conakry et \u00e0 r\u00e9cup\u00e9rer les domaines de l\u2019Etat.<\/p>\n<p>Pour la premi\u00e8re semaine, le site destin\u00e9 jadis au traitement des Eaux us\u00e9es de la Commune de Kaloum a retenu l\u2019attention des services de s\u00e9curit\u00e9 des autorit\u00e9s de la ville de Conakry dont les forces ont permis de proc\u00e9der \u00e0 une d\u00e9molition de plusieurs \u00e9difices priv\u00e9s ill\u00e9galement construit derri\u00e8re le si\u00e9g\u00e9 du PUP (Parti de l\u2019Unit\u00e9 et de Progr\u00e8s) et ceux contigu\u00eb au centre culturel Franco Guin\u00e9en de Conakry.<\/p>\n<p>Toutes les autres constructions faites avec m\u00e9pris de lois surtout celles se trouvant sur les domaines maritimes de Conakry seront d\u00e9molies et les propri\u00e9taires se verront convoqu\u00e9s et conduits devant la justice en cas de r\u00e9cidive a-t-on appris aupr\u00e8s du cabinet du gouvernorat de la ville de Conakry qui tient ce langage du Minist\u00e8re de la ville et de l\u2019am\u00e9nagement du territoire (MVAT).<\/p>\n<p><b>Source:Bcmedia.org<\/b><\/p>\n<\/div>\n","protected":false},"excerpt":{"rendered":"<p>Le gouvernorat de la ville de Conakry en tant que tutelle des collectivit\u00e9s d\u00e9concentr\u00e9es et d\u00e9centralis\u00e9es vient de reprendre l\u2019op\u00e9ration de d\u00e9guerpissement des emprises et des domaines publics sans associer les communes. Cette reprise de casses apr\u00e8s plusieurs semaines d\u2019interruptions concerne les domaines maritimes ill\u00e9galement occup\u00e9s par une certaine cat\u00e9gorie des citoyens. Elle fait suite [&hellip;]<\/p>\n","protected":false},"author":2,"featured_media":8609,"comment_status":"closed","ping_status":"closed","sticky":false,"template":"","format":"standard","meta":{"footnotes":""},"categories":[58],"tags":[],"class_list":{"0":"post-8606","1":"post","2":"type-post","3":"status-publish","4":"format-standard","5":"has-post-thumbnail","7":"category-societe"},"_links":{"self":[{"href":"https:\/\/conakrynews.org\/index.php\/wp-json\/wp\/v2\/posts\/8606","targetHints":{"allow":["GET"]}}],"collection":[{"href":"https:\/\/conakrynews.org\/index.php\/wp-json\/wp\/v2\/posts"}],"about":[{"href":"https:\/\/conakrynews.org\/index.php\/wp-json\/wp\/v2\/types\/post"}],"author":[{"embeddable":true,"href":"https:\/\/conakrynews.org\/index.php\/wp-json\/wp\/v2\/users\/2"}],"replies":[{"embeddable":true,"href":"https:\/\/conakrynews.org\/index.php\/wp-json\/wp\/v2\/comments?post=8606"}],"version-history":[{"count":0,"href":"https:\/\/conakrynews.org\/index.php\/wp-json\/wp\/v2\/posts\/8606\/revisions"}],"wp:featuredmedia":[{"embeddable":true,"href":"https:\/\/conakrynews.org\/index.php\/wp-json\/wp\/v2\/media\/8609"}],"wp:attachment":[{"href":"https:\/\/conakrynews.org\/index.php\/wp-json\/wp\/v2\/media?parent=8606"}],"wp:term":[{"taxonomy":"category","embeddable":true,"href":"https:\/\/conakrynews.org\/index.php\/wp-json\/wp\/v2\/categories?post=8606"},{"taxonomy":"post_tag","embeddable":true,"href":"https:\/\/conakrynews.org\/index.php\/wp-json\/wp\/v2\/tags?post=8606"}],"curies":[{"name":"wp","href":"https:\/\/api.w.org\/{rel}","templated":true}]}}