{"id":8647,"date":"2021-05-29T14:01:57","date_gmt":"2021-05-29T14:01:57","guid":{"rendered":"https:\/\/conakrynews.org\/?p=8647"},"modified":"2021-05-29T14:34:28","modified_gmt":"2021-05-29T14:34:28","slug":"coup-de-force-detat-au-mali-pr-alpha-conde-attendu-a-accra-le-30-mai-prochain-pour-un-sommet-special-de-la-cedeao","status":"publish","type":"post","link":"https:\/\/conakrynews.org\/index.php\/coup-de-force-detat-au-mali-pr-alpha-conde-attendu-a-accra-le-30-mai-prochain-pour-un-sommet-special-de-la-cedeao\/","title":{"rendered":"Coup de force d\u2019Etat au Mali : Pr Alpha Cond\u00e9 attendu \u00e0 Accra le 30 mai prochain pour un sommet sp\u00e9cial de la CEDEAO"},"content":{"rendered":"<h1 class=\"name post-title entry-title\"><\/h1>\n<div class=\"clear\"><\/div>\n<div class=\"entry\">\n<p>Sauf changement de derni\u00e8re minute, mais le pr\u00e9sident guin\u00e9en, Pr Alpha Cond\u00e9 devrait se rendre le 30 mai prochain \u00e0 Accra dans la capitale du Ghana avec ses homologues chefs d\u2019Etats ouest-africains pour \u00e9changer sur la crise malienne.<\/p>\n<p>Selon les informations, cette rencontre pr\u00e9vue \u00e0 Accra est un le sommet sp\u00e9cial de la CEDEAO consacr\u00e9 \u00e0 la crise malienne afin de prendre une d\u00e9cision contre le pouvoir malien.<\/p>\n<p>\u00c0 rappeler que le pr\u00e9sident de la transition malienne et son premier ont \u00e9t\u00e9 pouss\u00e9 \u00e0 la d\u00e9mission le 25 mai 2021 par le vice-pr\u00e9sident Assimi Go\u00efta qui, g\u00e8re maintenant le pays.<\/p>\n<p><strong>\u00a0<\/strong><\/p>\n<p><strong>Karifa Zoumanigui \u00a0<\/strong><\/p>\n<\/div>\n","protected":false},"excerpt":{"rendered":"<p>Sauf changement de derni\u00e8re minute, mais le pr\u00e9sident guin\u00e9en, Pr Alpha Cond\u00e9 devrait se rendre le 30 mai prochain \u00e0 Accra dans la capitale du Ghana avec ses homologues chefs d\u2019Etats ouest-africains pour \u00e9changer sur la crise malienne. Selon les informations, cette rencontre pr\u00e9vue \u00e0 Accra est un le sommet sp\u00e9cial de la CEDEAO consacr\u00e9 [&hellip;]<\/p>\n","protected":false},"author":2,"featured_media":8648,"comment_status":"closed","ping_status":"closed","sticky":false,"template":"","format":"standard","meta":{"footnotes":""},"categories":[57],"tags":[],"class_list":{"0":"post-8647","1":"post","2":"type-post","3":"status-publish","4":"format-standard","5":"has-post-thumbnail","7":"category-politique"},"_links":{"self":[{"href":"https:\/\/conakrynews.org\/index.php\/wp-json\/wp\/v2\/posts\/8647","targetHints":{"allow":["GET"]}}],"collection":[{"href":"https:\/\/conakrynews.org\/index.php\/wp-json\/wp\/v2\/posts"}],"about":[{"href":"https:\/\/conakrynews.org\/index.php\/wp-json\/wp\/v2\/types\/post"}],"author":[{"embeddable":true,"href":"https:\/\/conakrynews.org\/index.php\/wp-json\/wp\/v2\/users\/2"}],"replies":[{"embeddable":true,"href":"https:\/\/conakrynews.org\/index.php\/wp-json\/wp\/v2\/comments?post=8647"}],"version-history":[{"count":0,"href":"https:\/\/conakrynews.org\/index.php\/wp-json\/wp\/v2\/posts\/8647\/revisions"}],"wp:featuredmedia":[{"embeddable":true,"href":"https:\/\/conakrynews.org\/index.php\/wp-json\/wp\/v2\/media\/8648"}],"wp:attachment":[{"href":"https:\/\/conakrynews.org\/index.php\/wp-json\/wp\/v2\/media?parent=8647"}],"wp:term":[{"taxonomy":"category","embeddable":true,"href":"https:\/\/conakrynews.org\/index.php\/wp-json\/wp\/v2\/categories?post=8647"},{"taxonomy":"post_tag","embeddable":true,"href":"https:\/\/conakrynews.org\/index.php\/wp-json\/wp\/v2\/tags?post=8647"}],"curies":[{"name":"wp","href":"https:\/\/api.w.org\/{rel}","templated":true}]}}