{"id":8662,"date":"2021-05-29T22:08:09","date_gmt":"2021-05-29T22:08:09","guid":{"rendered":"https:\/\/conakrynews.org\/?p=8662"},"modified":"2021-06-01T21:14:25","modified_gmt":"2021-06-01T21:14:25","slug":"le-colonel-assimi-goita-declare-president-du-mali","status":"publish","type":"post","link":"https:\/\/conakrynews.org\/index.php\/le-colonel-assimi-goita-declare-president-du-mali\/","title":{"rendered":"Le colonel Assimi Go\u00efta d\u00e9clar\u00e9 pr\u00e9sident du Mali"},"content":{"rendered":"<h1 class=\"name post-title entry-title\"><\/h1>\n<p class=\"post-meta\">\n<div class=\"entry\">\n<p>La Cour constitutionnelle malienne a d\u00e9clar\u00e9 vendredi le colonel Assimi Go\u00efta chef de l\u2019Etat et pr\u00e9sident de transition du pays.<\/p>\n<p>Dans un arr\u00eat diffus\u00e9 vendredi, la Cour constitutionnelle constate \u00ab\u00a0la vacance de la pr\u00e9sidence de transition\u00a0\u00bb en raison de la d\u00e9mission du pr\u00e9sident Bah Ndaw.<\/p>\n<p>L\u2019arr\u00eat stipule qu\u2019en cons\u00e9quence le vice-pr\u00e9sident, le colonel Go\u00efta,\u00a0<em>\u00ab\u00a0exerce les fonctions, attributs et pr\u00e9rogatives de pr\u00e9sident de la transition pour conduire le processus de transition \u00e0 son terme\u00a0\u00bb<\/em>, et qu\u2019il portera\u00a0<em>\u00ab\u00a0le titre de pr\u00e9sident de la transition, chef de l\u2019Etat\u00a0\u00bb.<\/em><\/p>\n<p>La junte avait fait arr\u00eater lundi le pr\u00e9sident Bah Ndaw et le Premier ministre Moctar Ouane, cautions civiles de la transition ouverte apr\u00e8s le putsch de 2020.<\/p>\n<p>Comme pressenti depuis quelques jours, le colonel Assimi Go\u00efta prend la t\u00eate de ce pays plong\u00e9 dans la tourmente, neuf mois apr\u00e8s avoir renvers\u00e9 avec d\u2019autres colonels le pr\u00e9sident Ibrahim Boubacar Ke\u00efta en ao\u00fbt 2020.<\/p>\n<p>L\u2019ancien commandant de bataillon des forces sp\u00e9ciales occupera ces fonctions jusqu\u2019au terme de la transition, dit l\u2019arr\u00eat de la Cour constitutionnelle.<\/p>\n<p>Les chefs d\u2019Etat ouest-africains r\u00e9unis en sommet extraordinaire se pencheront sur la situation du Mali dimanche, avec l\u2019\u00e9ventualit\u00e9 de sanctions \u00e0 la cl\u00e9.<\/p>\n<p>La France et les Etats-Unis, engag\u00e9s militairement au Sahel, ont brandi la menace de sanctions.<\/p>\n<p><strong>Le M5-RFP\u200b \u00e0 la Primature<\/strong><\/p>\n<p>Avant sa d\u00e9signation comme chef de l\u2019Etat, le colonel Go\u00efta, habituellement peu loquace, s\u2019\u00e9tait adress\u00e9 \u00e0 des repr\u00e9sentants du monde politique et de la soci\u00e9t\u00e9 civile.<\/p>\n<p>Dans un apparent effort de mobiliser des soutiens int\u00e9rieurs face aux pressions internationales, il avait dit son intention de former un gouvernement autour d\u2019un collectif.<\/p>\n<p><em>\u00ab\u00a0Nous demandons (\u2026) que le poste de Premier ministre revienne au M5-RFP\u00a0\u00bb,<\/em>\u00a0le collectif qui avait men\u00e9 en 2020 des mois de contestation achev\u00e9s par le putsch d\u2019ao\u00fbt, a-t-il dit.<\/p>\n<p><em>\u00ab\u00a0Dans les jours \u00e0 venir, le Premier ministre qui sera nomm\u00e9 aura pour mission de mener une large consultation entre les diff\u00e9rents groupements (\u2026) en vue de mettre en place un gouvernement de consensus et d\u2019inclusivit\u00e9\u00a0\u00bb<\/em>, a-t-il ajout\u00e9.<\/p>\n<p>Plusieurs responsables du M5-RFP ont accept\u00e9 la main tendue.<\/p>\n<p><em>\u00ab\u00a0Cela nous est all\u00e9 droit au coeur\u00a0\u00bb,\u00a0<\/em>a dit Choguel Kokalla Ma\u00efga, une des t\u00eates pensantes du collectif, plusieurs fois ministre depuis 2002 et de plus en plus pressenti pour diriger le gouvernement.<\/p>\n<p><strong>R\u00e9f\u00e9rence tchadienne: 2 poids, 2 mesures<\/strong><\/p>\n<p><em>\u00ab\u00a0Je le dis de fa\u00e7on officielle, le nom donn\u00e9 (pour le poste de Premier ministre) est celui de Choguel Ma\u00efga\u00a0\u00bb<\/em>, a dit \u00e0 la presse un porte-parole du mouvement, Jeamille Bittar.<\/p>\n<p>Plusieurs centaines de Maliens ont manifest\u00e9 dans l\u2019apr\u00e8s-midi \u00e0 Bamako leur soutien aux colonels et, pour nombre d\u2019entre eux, leur hostilit\u00e9 envers la France, r\u00e9clamant l\u2019engagement de la Russie.<\/p>\n<p>Diff\u00e9rentes voix s\u2019\u00e9l\u00e8vent pour noter la diff\u00e9rence de traitement entre le Mali et un autre pays sah\u00e9lien, le Tchad, o\u00f9 un Conseil militaire de transition (CMT) de 15 g\u00e9n\u00e9raux a pris le pouvoir le 20 avril apr\u00e8s la mort d\u2019Idriss D\u00e9by Itno, avec \u00e0 sa t\u00eate un des fils de l\u2019ancien pr\u00e9sident.<\/p>\n<p>L\u2019Union africaine s\u2019\u00e9tait gard\u00e9e de prendre des sanctions, contrairement au Mali.<\/p>\n<p>Le pr\u00e9sident fran\u00e7ais Emmanuel Macron, dont le pays d\u00e9ploie environ 5.000 soldats au Sahel, s\u2019\u00e9tait m\u00eame rendu aux obs\u00e8ques du mar\u00e9chal D\u00e9by.<\/p>\n<p>&nbsp;<\/p>\n<p><strong>Avec AFP<\/strong><\/p>\n<\/div>\n<div class=\"share-post\">\n<ul class=\"flat-social\">\n<li><\/li>\n<\/ul>\n<\/div>\n","protected":false},"excerpt":{"rendered":"<p>La Cour constitutionnelle malienne a d\u00e9clar\u00e9 vendredi le colonel Assimi Go\u00efta chef de l\u2019Etat et pr\u00e9sident de transition du pays. Dans un arr\u00eat diffus\u00e9 vendredi, la Cour constitutionnelle constate \u00ab\u00a0la vacance de la pr\u00e9sidence de transition\u00a0\u00bb en raison de la d\u00e9mission du pr\u00e9sident Bah Ndaw. L\u2019arr\u00eat stipule qu\u2019en cons\u00e9quence le vice-pr\u00e9sident, le colonel Go\u00efta,\u00a0\u00ab\u00a0exerce les [&hellip;]<\/p>\n","protected":false},"author":2,"featured_media":8663,"comment_status":"closed","ping_status":"closed","sticky":false,"template":"","format":"standard","meta":{"footnotes":""},"categories":[57],"tags":[],"class_list":{"0":"post-8662","1":"post","2":"type-post","3":"status-publish","4":"format-standard","5":"has-post-thumbnail","7":"category-politique"},"_links":{"self":[{"href":"https:\/\/conakrynews.org\/index.php\/wp-json\/wp\/v2\/posts\/8662","targetHints":{"allow":["GET"]}}],"collection":[{"href":"https:\/\/conakrynews.org\/index.php\/wp-json\/wp\/v2\/posts"}],"about":[{"href":"https:\/\/conakrynews.org\/index.php\/wp-json\/wp\/v2\/types\/post"}],"author":[{"embeddable":true,"href":"https:\/\/conakrynews.org\/index.php\/wp-json\/wp\/v2\/users\/2"}],"replies":[{"embeddable":true,"href":"https:\/\/conakrynews.org\/index.php\/wp-json\/wp\/v2\/comments?post=8662"}],"version-history":[{"count":0,"href":"https:\/\/conakrynews.org\/index.php\/wp-json\/wp\/v2\/posts\/8662\/revisions"}],"wp:featuredmedia":[{"embeddable":true,"href":"https:\/\/conakrynews.org\/index.php\/wp-json\/wp\/v2\/media\/8663"}],"wp:attachment":[{"href":"https:\/\/conakrynews.org\/index.php\/wp-json\/wp\/v2\/media?parent=8662"}],"wp:term":[{"taxonomy":"category","embeddable":true,"href":"https:\/\/conakrynews.org\/index.php\/wp-json\/wp\/v2\/categories?post=8662"},{"taxonomy":"post_tag","embeddable":true,"href":"https:\/\/conakrynews.org\/index.php\/wp-json\/wp\/v2\/tags?post=8662"}],"curies":[{"name":"wp","href":"https:\/\/api.w.org\/{rel}","templated":true}]}}