{"id":8671,"date":"2021-05-29T22:46:46","date_gmt":"2021-05-29T22:46:46","guid":{"rendered":"https:\/\/conakrynews.org\/?p=8671"},"modified":"2021-06-01T21:14:15","modified_gmt":"2021-06-01T21:14:15","slug":"dans-le-nord-du-mali-trois-civils-amputes-par-des-terroristes","status":"publish","type":"post","link":"https:\/\/conakrynews.org\/index.php\/dans-le-nord-du-mali-trois-civils-amputes-par-des-terroristes\/","title":{"rendered":"Dans le nord du Mali, trois civils amput\u00e9s par des terroristes"},"content":{"rendered":"<header class=\"article__header \">\n<div class=\"article__header-wrap\">\n<div class=\"article__heading\">\n<h1 class=\"article__title\"><\/h1>\n<p class=\"article__desc\">Le ch\u00e2timent, qui aurait \u00e9t\u00e9 administr\u00e9 en public \u00e0 trois pr\u00e9sum\u00e9s voleurs, le 2\u00a0mai, souligne l\u2019absence de contr\u00f4le de l\u2019Etat dans cette partie du pays.<\/p>\n<\/div>\n<p id=\"js-authors-trigger\" class=\"meta meta__publisher meta__publisher--header\"><span id=\"js-authors-list\" class=\"meta__author meta__author--header\">Par\u00a0<a class=\"article__author-link\" href=\"https:\/\/www.lemonde.fr\/signataires\/morgane-le-cam\/\">Morgane <\/a><\/span><\/p>\n<p class=\"meta meta__publisher meta__publisher--header\"><span id=\"js-authors-list\" class=\"meta__author meta__author--header\">C<a class=\"article__author-link\" href=\"https:\/\/www.lemonde.fr\/signataires\/morgane-le-cam\/\">a<\/a><\/span><strong>r ne rien manquer de l\u2019actualit\u00e9 africaine, <a href=\"https:\/\/www.lemonde.fr\/newsletters\/le-monde-afrique\/?xtor=AC-33281083-[afrique]\">inscrivez-vous \u00e0 la newsletter du \u00ab Monde Afrique \u00bb depuis ce lien<\/a>.\u00a0<\/strong>Chaque samedi \u00e0 6 heures, retrouvez une semaine d\u2019actualit\u00e9 et de d\u00e9bats trait\u00e9e par la r\u00e9daction du \u00ab Monde Afrique \u00bb.<\/p>\n<\/div>\n<\/header>\n<section class=\"article__wrapper \">\n<article class=\"article__content old__article-content-single\">\n<figure class=\"article__media\">Des soldats s\u00e9n\u00e9galais de la mission de maintien de la paix de l\u2019ONU au Mali MINUSMA (Mission multidimensionnelle int\u00e9gr\u00e9e de stabilisation des Nations unies au Mali) patrouillent dans les rues de Gao, le 24 juillet 2019.<figcaption class=\"article__legend\" aria-hidden=\"true\">Des soldats s\u00e9n\u00e9galais de la mission de maintien de la paix de l\u2019ONU au Mali MINUSMA (Mission multidimensionnelle int\u00e9gr\u00e9e de stabilisation des Nations unies au Mali) patrouillent dans les rues de Gao, le 24 juillet 2019.\u00a0<span class=\"article__credit\" aria-hidden=\"true\">SOULEYMANE AG ANARA \/ AFP<\/span><\/figcaption><\/figure>\n<p class=\"article__paragraph \">Apr\u00e8s des mois pass\u00e9s \u00e0 soigner des victimes de la guerre qui ravage le nord du Mali, Karim Tour\u00e9 (les nom et pr\u00e9nom ont \u00e9t\u00e9 chang\u00e9s) pensait avoir tout vu de l\u2019horreur.\u00a0<em>\u00ab\u00a0Mais pas \u00e7a\u00a0\u00bb<\/em>, confie-t-il, encore choqu\u00e9 de ce qu\u2019il a d\u00e9couvert, dimanche 2\u00a0mai. Ce jour-l\u00e0, deux hommes, amput\u00e9s de la main droite et du pied gauche, sont arriv\u00e9s au centre de sant\u00e9 o\u00f9 le m\u00e9decin exerce, dans la r\u00e9gion de Gao.\u00a0<em>\u00ab\u00a0Ils sont conscients, mais avec d\u2019\u00e9normes douleurs\u00a0\u00bb<\/em>, selon le soignant. Un troisi\u00e8me homme, ayant subi les m\u00eames s\u00e9vices, n\u2019a pas pu \u00eatre pris en charge.<\/p>\n<div id=\"inread-2\" class=\"dfp-slot dfp__slot dfp__inread\" data-format=\"inread\" aria-hidden=\"true\" data-google-query-id=\"CIy86Yf67_ACFSok0wod1WMEDw\">\n<div id=\"google_ads_iframe_\/128139881\/LM_lemonde\/afrique\/afrique\/article\/inread_0__container__\"><\/div>\n<\/div>\n<p class=\"article__paragraph \">Bien que la guerre au Mali dure depuis 2012 et s\u2019\u00e9tende d\u00e9sormais aux pays voisins du Sahel \u2013 en particulier le\u00a0<a href=\"https:\/\/www.lemonde.fr\/afrique\/article\/2021\/04\/28\/journalistes-tues-l-est-du-burkina-faso-une-region-gangrenee-par-les-trafiquants-et-les-groupes-terroristes_6078306_3212.html\">Burkina Faso<\/a>\u00a0et le<a href=\"https:\/\/www.lemonde.fr\/afrique\/article\/2021\/01\/03\/niger-cent-morts-dans-les-attaques-de-deux-villages-de-l-ouest_6065084_3212.html\">\u00a0Niger<\/a>\u00a0\u2013, un point de non-retour a \u00e9t\u00e9 atteint pour le docteur Tour\u00e9. C\u2019est \u00e0 Tin-Hama, une commune proche de la fronti\u00e8re du Niger, situ\u00e9e \u00e0 quelques dizaines de kilom\u00e8tres du centre de sant\u00e9, que des membres de l\u2019organisation Etat islamique dans le grand Sahara (EIGS) auraient, selon plusieurs sources, amput\u00e9 les trois hommes, devant une foule nombreuse en ce jour de march\u00e9. Pr\u00e9sent\u00e9s par les djihadistes comme des voleurs, ils auraient \u00e9t\u00e9 arr\u00eat\u00e9s le 27\u00a0mars par l\u2019EIGS, alors qu\u2019ils auraient \u00e9t\u00e9 en train de braquer les passagers d\u2019un camion.<\/p>\n<h2 class=\"article__sub-title\">Main droite, pied gauche<\/h2>\n<p class=\"article__paragraph \">L\u2019amputation crois\u00e9e (main droite, pied gauche) est une sentence d\u00e9livr\u00e9e aux pr\u00e9sum\u00e9s auteurs r\u00e9cidivistes de vol avec violences par certains partisans d\u2019une application des\u00a0<em>houdoud<\/em>, un r\u00e9gime sp\u00e9cifique de ch\u00e2timents, pr\u00e9vu par la charia, la loi islamique. En Syrie et en Irak, l\u2019organisation Etat islamique (EI) \u2013 \u00e0 laquelle l\u2019EIGS est affili\u00e9 depuis 2016 \u2013, a appliqu\u00e9 ce ch\u00e2timent \u00e0 de nombreuses reprises apr\u00e8s l\u2019instauration de son \u00ab\u00a0califat\u00a0\u00bb, autoproclam\u00e9 en\u00a02014.<\/p>\n<p class=\"article__paragraph \">Ce type de sentence a aussi \u00e9t\u00e9 appliqu\u00e9 au Mali,\u00a0<a href=\"https:\/\/www.lemonde.fr\/afrique\/article\/2013\/01\/12\/l-inexorable-decomposition-d-une-vitrine-de-la-democratie-africaine_1816069_3212.html\">au printemps 2012<\/a>. Quand les principales villes du nord du pays tombent aux mains d\u2019une coalition de groupes djihadistes, ces derniers y installent des tribunaux, des juges musulmans cens\u00e9s symboliser la gen\u00e8se d\u2019une gouvernance islamique qui sera finalement d\u00e9faite en\u00a02013 par l\u2019op\u00e9ration fran\u00e7aise \u00ab\u00a0Serval\u00a0\u00bb (devenue \u00ab\u00a0Barkhane\u00a0\u00bb en\u00a02014). Lapidations, flagellations, ex\u00e9cutions par balle et amputations\u2026 A travers sa commission d\u2019enqu\u00eate internationale pour le Mali, l\u2019ONU a document\u00e9 des dizaines de ch\u00e2timents administr\u00e9s aux civils par les diff\u00e9rents groupes terroristes contr\u00f4lant le Nord.<\/p>\n<blockquote class=\"article__catchphrase\">\n<p class=\"article__quote\">\u00ab L\u2019Etat n\u2019est pas l\u00e0, l\u2019arm\u00e9e a peur de sortir de ses bases. Ici, c\u2019est l\u2019EIGS qui fait la loi \u00bb Fahad Ag Almahmoud, secr\u00e9taire g\u00e9n\u00e9ral du Gatia, un groupe arm\u00e9 pro\u00e9tatique<\/p>\n<\/blockquote>\n<p class=\"article__paragraph \">Dans un rapport, publi\u00e9 en juin\u00a02020, la commission onusienne souligne qu\u2019au moins dix personnes suspect\u00e9es de vol par la police islamique ont \u00e9t\u00e9 amput\u00e9es, \u00e0 Gao et \u00e0 Ansongo. Des exactions attribu\u00e9es au Mouvement pour l\u2019unicit\u00e9 et le jihad en Afrique de l\u2019Ouest (Mujao), qui contr\u00f4lait alors la zone. A Gao, un des cadres, redout\u00e9, de ce groupe n\u2019\u00e9tait autre qu\u2019Adnan Abou Walid Al-Sahraoui. Aujourd\u2019hui, le Mujao n\u2019existe plus, mais Al-Sahraoui n\u2019a pas quitt\u00e9 pour autant la mouvance terroriste\u00a0: c\u2019est lui qui a fond\u00e9 l\u2019EIGS, accus\u00e9 d\u2019avoir commis les trois amputations \u00e0 Tin-Hama.<\/p>\n<section class=\"catcher catcher--inline\"><span class=\"catcher__title\">Lire aussi\u00a0<\/span><span class=\"catcher__desc\">\u00a0<a class=\"js-article-read-also\" href=\"https:\/\/www.lemonde.fr\/afrique\/article\/2020\/12\/22\/l-armee-malienne-accusee-de-crimes-de-guerre-par-une-commission-de-l-onu_6064226_3212.html\" data-premium=\"\">L\u2019arm\u00e9e malienne accus\u00e9e de \u00ab\u00a0crimes de guerre\u00a0\u00bb par une commission de l\u2019ONU<\/a><\/span><\/section>\n<p class=\"article__paragraph \"><em>\u00ab\u00a0Cet acte r\u00e9v\u00e8le une mont\u00e9e en puissance du groupe. C\u2019est un signal envoy\u00e9 par les terroristes pour montrer qu\u2019ils ne font plus seulement la guerre\u00a0: ils gouvernent la zone et sont capables d\u2019administrer une certaine justice, en comblant le vide laiss\u00e9 par l\u2019Etat depuis des ann\u00e9es. Peut-\u00eatre se consid\u00e8rent-ils dans une situation pr\u00e9califale\u00a0\u00bb<\/em>, avance une chercheuse au Sahel.<\/p>\n<h2 class=\"article__sub-title\">\u00ab\u00a0Une mani\u00e8re de se rendre populaire\u00a0\u00bb<\/h2>\n<p class=\"article__paragraph \">A Gao, comme dans le reste du nord du Mali, 17\u00a0% des administrateurs civils \u00e9taient \u00e0 leur poste au 28\u00a0f\u00e9vrier dernier, selon l\u2019ONU.\u00a0<em>\u00ab\u00a0L\u2019Etat n\u2019est pas l\u00e0, l\u2019arm\u00e9e a peur de sortir de ses bases. Ici, c\u2019est l\u2019EIGS qui fait la loi. La population aime beaucoup ce genre de sentence, car \u00e7a endigue les vols. Les appliquer est une mani\u00e8re, pour eux, de se rendre encore plus populaires aupr\u00e8s des populations, fatigu\u00e9es par le banditisme qui prosp\u00e8re, et ce malgr\u00e9 la pr\u00e9sence de\u00a0<\/em>\u201c<em>Barkhane<\/em>\u201d<em>\u00a0et de la Minusma\u00a0<\/em>[la mission des Nations unies au Mali]<em>. Tout le monde a \u00e9chou\u00e9\u00a0\u00bb<\/em>, d\u00e9nonce Fahad Ag Almahmoud, secr\u00e9taire g\u00e9n\u00e9ral du Gatia, un groupe arm\u00e9 pro\u00e9tatique.<\/p>\n<div id=\"inread-12\" class=\"dfp-slot dfp__slot dfp__inread\" data-format=\"inread\" aria-hidden=\"true\" data-google-query-id=\"CI286Yf67_ACFSok0wod1WMEDw\">\n<div id=\"google_ads_iframe_\/128139881\/LM_lemonde\/afrique\/afrique\/article\/inread_1__container__\"><\/div>\n<\/div>\n<p class=\"article__paragraph \">Entre janvier et mars, les forces militaires nationales et internationales ont \u00e9t\u00e9 la cible d\u2019une douzaine d\u2019attaques dans les r\u00e9gions de Gao et de\u00a0<a href=\"https:\/\/www.lemonde.fr\/afrique\/article\/2020\/03\/15\/dans-le-nord-est-du-mali-le-grand-sentiment-d-abandon-des-habitants-de-menaka_6033159_3212.html\">M\u00e9naka<\/a>, selon l\u2019ONU. La plus meurtri\u00e8re s\u2019est sold\u00e9e par la mort d\u2019une trentaine de soldats maliens, le 15\u00a0mars, \u00e0 Tessit, une localit\u00e9 situ\u00e9e \u00e0 60\u00a0kilom\u00e8tres au sud de Tin-Hama. Une attaque revendiqu\u00e9e par l\u2019EIGS. Le groupe a \u00e9tabli une de ses bases principales dans la for\u00eat voisine d\u2019Ansongo, qui s\u00e9pare le Mali du Niger. Comme le Burkina Faso, le Niger est aussi r\u00e9guli\u00e8rement cibl\u00e9 par ce groupe djihadiste.<\/p>\n<section class=\"catcher catcher--inline\"><span class=\"catcher__title\">Lire aussi\u00a0<\/span><span class=\"catcher__desc\">\u00a0<a class=\"js-article-read-also\" href=\"https:\/\/www.lemonde.fr\/afrique\/article\/2021\/03\/17\/mali-plus-de-30-soldats-tues-dans-une-attaque-attribuee-a-des-djihadistes_6073476_3212.html\" data-premium=\"\">Mali\u00a0: plus de 30\u00a0soldats tu\u00e9s dans une attaque attribu\u00e9e \u00e0 des djihadistes<\/a><\/span><\/section>\n<p class=\"article__paragraph \">Dans cette zone strat\u00e9gique, les hommes d\u2019Al-Sahraoui sont en concurrence directe avec le Groupe de soutien \u00e0 l\u2019islam et aux musulmans (GSIM), affili\u00e9 \u00e0 Al-Qaida. Les victoires contre ces groupes, elles, ne sont qu\u2019\u00e9ph\u00e9m\u00e8res. En novembre dernier, la ministre des arm\u00e9es fran\u00e7aise, Florence Parly, avait annonc\u00e9 la neutralisation du chef militaire du GSIM,<a href=\"https:\/\/www.lemonde.fr\/afrique\/article\/2020\/11\/13\/mali-de-la-cause-touareg-au-djihadisme-le-parcours-de-bah-ag-moussa-tue-par-barkhane_6059640_3212.html\">\u00a0Ba Ag Moussa<\/a>, lors d\u2019un raid men\u00e9 par \u00ab\u00a0Barkhane\u00a0\u00bb. Mais, selon plusieurs analystes, l\u2019EIGS aurait profit\u00e9 de ce coup port\u00e9 \u00e0 la concurrence pour gagner du terrain, tandis que le GSIM poursuit aussi ses attaques.<\/p>\n<p class=\"article__paragraph \"><em>\u00ab\u00a0Les amputations de Tin-Hama sont-elles une mani\u00e8re pour l\u2019EIGS de marquer son territoire face au GSIM\u00a0?\u00a0\u00bb,\u00a0<\/em>s\u2019interroge un responsable malien, qui craint, un rien d\u00e9sempar\u00e9, que cette \u00ab\u00a0op\u00e9ration de communication\u00a0\u00bb ne soit le d\u00e9but d\u2019une s\u00e9rie noire. Au Mali, les violences et la mort rythment le quotidien des civils depuis dix ans, au point d\u2019en devenir presque banales et sans que l\u2019Etat ni ses partenaires y trouvent de solution. Selon l\u2019ONG<a href=\"https:\/\/www.lemonde.fr\/afrique\/article\/2019\/06\/26\/au-mali-des-massacres-impunis_5481861_3212.html\">\u00a0Acled<\/a>, plus de 2\u00a0700 civils ont \u00e9t\u00e9 tu\u00e9s au Mali, entre 2017 et 2020.<\/p>\n<section class=\"author\">\n<p class=\"article__author-container\"><span class=\"author__detail\"><a class=\"article__author-link\" href=\"https:\/\/www.lemonde.fr\/signataires\/morgane-le-cam\/\"><span class=\"author__name\">Morgane Le Cam<\/span><\/a><\/span><\/p>\n<\/section>\n<\/article>\n<\/section>\n","protected":false},"excerpt":{"rendered":"<p>Le ch\u00e2timent, qui aurait \u00e9t\u00e9 administr\u00e9 en public \u00e0 trois pr\u00e9sum\u00e9s voleurs, le 2\u00a0mai, souligne l\u2019absence de contr\u00f4le de l\u2019Etat dans cette partie du pays. Par\u00a0Morgane Car ne rien manquer de l\u2019actualit\u00e9 africaine, inscrivez-vous \u00e0 la newsletter du \u00ab Monde Afrique \u00bb depuis ce lien.\u00a0Chaque samedi \u00e0 6 heures, retrouvez une semaine d\u2019actualit\u00e9 et de [&hellip;]<\/p>\n","protected":false},"author":2,"featured_media":0,"comment_status":"closed","ping_status":"closed","sticky":false,"template":"","format":"standard","meta":{"footnotes":""},"categories":[58],"tags":[],"class_list":{"0":"post-8671","1":"post","2":"type-post","3":"status-publish","4":"format-standard","6":"category-societe"},"_links":{"self":[{"href":"https:\/\/conakrynews.org\/index.php\/wp-json\/wp\/v2\/posts\/8671","targetHints":{"allow":["GET"]}}],"collection":[{"href":"https:\/\/conakrynews.org\/index.php\/wp-json\/wp\/v2\/posts"}],"about":[{"href":"https:\/\/conakrynews.org\/index.php\/wp-json\/wp\/v2\/types\/post"}],"author":[{"embeddable":true,"href":"https:\/\/conakrynews.org\/index.php\/wp-json\/wp\/v2\/users\/2"}],"replies":[{"embeddable":true,"href":"https:\/\/conakrynews.org\/index.php\/wp-json\/wp\/v2\/comments?post=8671"}],"version-history":[{"count":0,"href":"https:\/\/conakrynews.org\/index.php\/wp-json\/wp\/v2\/posts\/8671\/revisions"}],"wp:attachment":[{"href":"https:\/\/conakrynews.org\/index.php\/wp-json\/wp\/v2\/media?parent=8671"}],"wp:term":[{"taxonomy":"category","embeddable":true,"href":"https:\/\/conakrynews.org\/index.php\/wp-json\/wp\/v2\/categories?post=8671"},{"taxonomy":"post_tag","embeddable":true,"href":"https:\/\/conakrynews.org\/index.php\/wp-json\/wp\/v2\/tags?post=8671"}],"curies":[{"name":"wp","href":"https:\/\/api.w.org\/{rel}","templated":true}]}}