{"id":8691,"date":"2021-05-30T18:23:48","date_gmt":"2021-05-30T18:23:48","guid":{"rendered":"https:\/\/conakrynews.org\/?p=8691"},"modified":"2021-05-31T18:06:08","modified_gmt":"2021-05-31T18:06:08","slug":"la-commission-des-competitions-de-luefa-decide-dannuler-la-regle-du-but-a-lexterieur","status":"publish","type":"post","link":"https:\/\/conakrynews.org\/index.php\/la-commission-des-competitions-de-luefa-decide-dannuler-la-regle-du-but-a-lexterieur\/","title":{"rendered":"LA COMMISSION DES COMP\u00c9TITIONS DE L\u2019UEFA D\u00c9CIDE D\u2019ANNULER LA R\u00c8GLE DU BUT \u00c0 L\u2019EXT\u00c9RIEUR"},"content":{"rendered":"<div class=\"the_title\">\n<h1><\/h1>\n<\/div>\n<div class=\"the_content\">\n<aside class=\"mashsb-container mashsb-main mashsb-stretched\">\n<div><\/div>\n<\/aside>\n<div class=\"chapo\">La commission des comp\u00e9titions de clubs de l\u2019UEFA, r\u00e9unie ce vendredi, a d\u00e9cid\u00e9 de supprimer la r\u00e8gle du but \u00e0 l\u2019ext\u00e9rieur, en vigueur dans les comp\u00e9titions europ\u00e9ennes. Il faut encore que cette d\u00e9cision soit vot\u00e9e en comit\u00e9 ex\u00e9cutif.<\/div>\n<div id=\"sas_98_s\" class=\"bloc_center_full\">\n<div id=\"sas_98_container\" class=\"sticky_elt\">\n<div id=\"sas_98\"><a href=\"https:\/\/ww13.smartadserver.com\/click?imgid=26810425&amp;insid=10191707&amp;pgid=1325605&amp;ckid=3795025333323548867&amp;uii=310573213629844688&amp;acd=1622227752193&amp;opid=7d80d2e3-98e6-4a50-92a4-e30198549b0d&amp;opdt=1622227751401&amp;pubid=15&amp;tmstp=8418072689&amp;tgt=%24dt%3d2t%3b%24dt%3d2t%3brubrique%3dligue_des_champions%3bid%3d202105280427%3b%3bplatform%3dandroid%3b%24mv%3dsamsungt%3b%24mm%3d43481065t%3b%24mdw%3d720%3b%24mdh%3d1480%3b%24mdt%3d2t%3b%24mct%3d1t%3b%24mctQuova%3d1t%3b%24hc&amp;systgt=%24qc%3d1310873768%3b%24ql%3dUnknown%3b%24qt%3d191_1738_14992t%3b%24dma%3d0%3b%24b%3d16870%3b%24o%3d23081%3b%24sw%3d720%3b%24sh%3d1480%3b%24mdwi%3d640t%3b%24mdhi%3d1200t&amp;envtype=1&amp;imptype=0&amp;pgDomain=https%3a%2f%2frmcsport.bfmtv.com%2ffootball%2fligue-des-champions%2fla-commission-des-competitions-de-l-uefa-decide-d-annuler-la-regle-du-but-a-l-exterieur_AV-202105280427.html&amp;go=https%3a%2f%2frmcstory.bfmtv.com%2f\" target=\"_blank\" rel=\"noopener\"><img decoding=\"async\" class=\"td-animation-stack-type0-1\" src=\"https:\/\/creatives.sascdn.com\/diff\/13\/10191707\/Page_PUB_300x250_aca43bd4-ca51-47e1-9444-fc3a731086b6.jpg\" alt=\"\" \/><\/a><\/div>\n<\/div>\n<\/div>\n<p>L\u2019id\u00e9e \u00e9tait \u00e0 l\u2019ordre du jour de la commission des comp\u00e9titions de clubs de l\u2019UEFA ce vendredi: comme annonc\u00e9 par\u00a0<a href=\"https:\/\/twitter.com\/martynziegler\/status\/1398339922445180928\" target=\"_blank\" rel=\"noopener\">The Times<\/a>, il a \u00e9t\u00e9 convenu de supprimer\u00a0<a href=\"https:\/\/rmcsport.bfmtv.com\/football\/ligue-des-champions\/ligue-des-champions-une-suppression-de-la-regle-du-but-a-l-exterieur-ce-vendredi_AV-202105260512.html\" target=\"_blank\" rel=\"noopener\">la r\u00e8gle du but \u00e0 l\u2019ext\u00e9rieur<\/a>, en vigueur dans les comp\u00e9titions europ\u00e9ennes (Ligue des champions, Ligue Europa). Une d\u00e9cision qui doit encore \u00eatre soumise \u00e0 un vote du comit\u00e9 ex\u00e9cutif.<\/p>\n<p>Cela fait 56 ans que cette r\u00e8gle est appliqu\u00e9e. Introduite pour la premi\u00e8re fois en 1965, elle est utilis\u00e9e en Ligue des champions et en Ligue Europa lorsque deux \u00e9quipes sont \u00e0 \u00e9galit\u00e9 apr\u00e8s 180 minutes de jeu (confrontation aller-retour): l\u2019\u00e9quipe qui a marqu\u00e9 le plus de buts \u00e0 l\u2019ext\u00e9rieur \u00e9tant qualifi\u00e9e.<\/p>\n<div id=\"sas_76194_s\" class=\"bloc_center_full\">\n<div id=\"sas_76194_container\">\n<div id=\"sas_76194\">Vers plus de prolongations?<\/div>\n<\/div>\n<\/div>\n<p>L\u2019id\u00e9e de surpprimer\u00a0<a href=\"https:\/\/rmcsport.bfmtv.com\/football\/ligue-des-champions\/ligue-des-champions-pourquoi-la-regle-des-buts-a-l-exterieur-est-maintenue-malgre-les-delocalisations_AV-202103160202.html\" target=\"_blank\" rel=\"noopener\">la r\u00e8gle du but \u00e0 l\u2019ext\u00e9rieur<\/a>\u00a0n\u2019est pas nouvelle et avait \u00e9t\u00e9 \u00e9voqu\u00e9e plusieurs fois par l\u2019UEFA. Un mod\u00e8le hybride avait un temps \u00e9t\u00e9 envisag\u00e9, avec potentiellement la suppression de la r\u00e8gle en cas de prolongation au match retour.<\/p>\n<p>Cette saison par exemple, en Ligue des champions, le Bayern, champion en titre, a \u00e9t\u00e9 \u00e9limin\u00e9 par le PSG en quart de finale de Ligue des champions sur la base de cette r\u00e8gle (d\u00e9faite 3-2 \u00e0 domicile, victoire 1-0 \u00e0 l\u2019ext\u00e9rieur). M\u00e9caniquement, la r\u00e8gle pourrait entra\u00eener davantage de prolongations voire de s\u00e9ances tirs au but pour d\u00e9partager les \u00e9quipes<\/p>\n<\/div>\n","protected":false},"excerpt":{"rendered":"<p>La commission des comp\u00e9titions de clubs de l\u2019UEFA, r\u00e9unie ce vendredi, a d\u00e9cid\u00e9 de supprimer la r\u00e8gle du but \u00e0 l\u2019ext\u00e9rieur, en vigueur dans les comp\u00e9titions europ\u00e9ennes. Il faut encore que cette d\u00e9cision soit vot\u00e9e en comit\u00e9 ex\u00e9cutif. L\u2019id\u00e9e \u00e9tait \u00e0 l\u2019ordre du jour de la commission des comp\u00e9titions de clubs de l\u2019UEFA ce vendredi: [&hellip;]<\/p>\n","protected":false},"author":2,"featured_media":8695,"comment_status":"closed","ping_status":"closed","sticky":false,"template":"","format":"standard","meta":{"footnotes":""},"categories":[64],"tags":[],"class_list":{"0":"post-8691","1":"post","2":"type-post","3":"status-publish","4":"format-standard","5":"has-post-thumbnail","7":"category-sport"},"_links":{"self":[{"href":"https:\/\/conakrynews.org\/index.php\/wp-json\/wp\/v2\/posts\/8691","targetHints":{"allow":["GET"]}}],"collection":[{"href":"https:\/\/conakrynews.org\/index.php\/wp-json\/wp\/v2\/posts"}],"about":[{"href":"https:\/\/conakrynews.org\/index.php\/wp-json\/wp\/v2\/types\/post"}],"author":[{"embeddable":true,"href":"https:\/\/conakrynews.org\/index.php\/wp-json\/wp\/v2\/users\/2"}],"replies":[{"embeddable":true,"href":"https:\/\/conakrynews.org\/index.php\/wp-json\/wp\/v2\/comments?post=8691"}],"version-history":[{"count":0,"href":"https:\/\/conakrynews.org\/index.php\/wp-json\/wp\/v2\/posts\/8691\/revisions"}],"wp:featuredmedia":[{"embeddable":true,"href":"https:\/\/conakrynews.org\/index.php\/wp-json\/wp\/v2\/media\/8695"}],"wp:attachment":[{"href":"https:\/\/conakrynews.org\/index.php\/wp-json\/wp\/v2\/media?parent=8691"}],"wp:term":[{"taxonomy":"category","embeddable":true,"href":"https:\/\/conakrynews.org\/index.php\/wp-json\/wp\/v2\/categories?post=8691"},{"taxonomy":"post_tag","embeddable":true,"href":"https:\/\/conakrynews.org\/index.php\/wp-json\/wp\/v2\/tags?post=8691"}],"curies":[{"name":"wp","href":"https:\/\/api.w.org\/{rel}","templated":true}]}}