{"id":8699,"date":"2021-06-01T15:18:23","date_gmt":"2021-06-01T15:18:23","guid":{"rendered":"https:\/\/conakrynews.org\/2021\/06\/01\/velov-rappelle-en-urgence-les-batteries-de-ses-velos-electriques\/"},"modified":"2021-06-01T15:47:06","modified_gmt":"2021-06-01T15:47:06","slug":"velov-rappelle-en-urgence-les-batteries-de-ses-velos-electriques","status":"publish","type":"post","link":"https:\/\/conakrynews.org\/index.php\/velov-rappelle-en-urgence-les-batteries-de-ses-velos-electriques\/","title":{"rendered":"V\u00e9lo&rsquo;v rappelle en urgence les batteries de ses v\u00e9los \u00e9lectriques"},"content":{"rendered":"<div>\n<figure class=\"media \" role=\"group\"><figcaption class=\"media-caption\">\n                Les v\u00e9lo&rsquo;v \u00e9lectriques seront disponibles \u00e0 partir du 20 f\u00e9vrier.  \u2014 <em class=\"credit\">C. Girardon \/ 20 Minutes<\/em><br \/>\n            <\/figcaption><\/figure>\n<p>Les batteries \u00e9quipant les <a href=\"https:\/\/www.20minutes.fr\/lyon\/2701335-20200123-lyon-teste-velov-electriques-libre-service\">v\u00e9los \u00ab\u00a0hybrides\u00a0\u00bb en libre-service<\/a> dans la m\u00e9tropole de\u00a0&#13;<br \/>\n<a href=\"https:\/\/www.20minutes.fr\/lyon\/\">Lyon\u00a0<\/a>sont rappel\u00e9es avec effet imm\u00e9diat pour une r\u00e9vision compl\u00e8te, apr\u00e8s la d\u00e9tection d\u2019un risque de court-circuit, a annonc\u00e9 mardi l\u2019op\u00e9rateur JCDecaux.<\/p>\n<p>Mis en service en f\u00e9vrier\u00a02020, 2.500 v\u00e9los \u00ab\u00a0hybrides\u00a0\u00bb fonctionnent, au choix, \u00e0 la seule force du mollet ou avec une assistance \u00e9lectrique gr\u00e2ce \u00e0 une batterie amovible et disponible sur abonnement.<\/p>\n<p>Ces batteries, dont 2.270 sont actuellement en circulation, sont rappel\u00e9es \u00ab\u00a0afin de faire l\u2019objet d\u2019une r\u00e9vision compl\u00e8te avec mise \u00e0 jour mat\u00e9rielle et logicielle\u00a0\u00bb apr\u00e8s l\u2019identification d\u2019un \u00ab\u00a0probl\u00e8me de fabrication (\u2026) pouvant entra\u00eener un court-circuit lors du chargement de la batterie\u00a0\u00bb, pr\u00e9cise JCDecaux dans un communiqu\u00e9.<\/p>\n<h2>Trois incidents \u00e0 ce jour<\/h2>\n<p>\u00ab\u00a0A ce jour, trois incidents ont \u00e9t\u00e9 signal\u00e9s sur des batteries e-V\u00e9lo\u2019v \u00e0 la suite d\u2019un court-circuit au niveau de la carte \u00e9lectronique de la batterie. Ces incidents n\u2019ont entra\u00een\u00e9 que des dommages mat\u00e9riels l\u00e9gers\u00a0\u00bb, poursuit l\u2019op\u00e9rateur.<\/p>\n<p>Les utilisateurs, auxquels JCDecaux \u00ab\u00a0demande de ne plus utiliser ou recharger leur batterie e-V\u00e9lo\u2019v jusqu\u2019\u00e0 leur remplacement\u00a0\u00bb, sont invit\u00e9s \u00e0 contacter le service client e-V\u00e9lo\u2019v pour rapporter leur mat\u00e9riel.<\/p>\n<p>Cr\u00e9\u00e9 \u00e0\u00a0Lyon\u00a0en 2005, V\u00e9lo\u2019v \u2013 premier service de v\u00e9los en libre-service lanc\u00e9 en France \u2013 compte d\u00e9sormais 72.000 abonn\u00e9s de longue dur\u00e9e, selon l\u2019op\u00e9rateur.<\/p>\n<\/p><\/div>\n<p><a href=\"https:\/\/www.20minutes.fr\/societe\/3051767-20210601-lyon-velov-rappelle-urgence-batteries-velos-electriques#xtor=RSS-149\">Source link <\/a><\/p>\n","protected":false},"excerpt":{"rendered":"<p>Les v\u00e9lo&rsquo;v \u00e9lectriques seront disponibles \u00e0 partir du 20 f\u00e9vrier. \u2014 C. Girardon \/ 20 Minutes Les batteries \u00e9quipant les v\u00e9los \u00ab\u00a0hybrides\u00a0\u00bb en libre-service dans la m\u00e9tropole de\u00a0&#13; Lyon\u00a0sont rappel\u00e9es avec effet imm\u00e9diat pour une r\u00e9vision compl\u00e8te, apr\u00e8s la d\u00e9tection d\u2019un risque de court-circuit, a annonc\u00e9 mardi l\u2019op\u00e9rateur JCDecaux. Mis en service en f\u00e9vrier\u00a02020, 2.500 [&hellip;]<\/p>\n","protected":false},"author":1,"featured_media":8700,"comment_status":"closed","ping_status":"closed","sticky":false,"template":"","format":"standard","meta":{"footnotes":""},"categories":[58],"tags":[],"class_list":{"0":"post-8699","1":"post","2":"type-post","3":"status-publish","4":"format-standard","5":"has-post-thumbnail","7":"category-societe"},"_links":{"self":[{"href":"https:\/\/conakrynews.org\/index.php\/wp-json\/wp\/v2\/posts\/8699","targetHints":{"allow":["GET"]}}],"collection":[{"href":"https:\/\/conakrynews.org\/index.php\/wp-json\/wp\/v2\/posts"}],"about":[{"href":"https:\/\/conakrynews.org\/index.php\/wp-json\/wp\/v2\/types\/post"}],"author":[{"embeddable":true,"href":"https:\/\/conakrynews.org\/index.php\/wp-json\/wp\/v2\/users\/1"}],"replies":[{"embeddable":true,"href":"https:\/\/conakrynews.org\/index.php\/wp-json\/wp\/v2\/comments?post=8699"}],"version-history":[{"count":0,"href":"https:\/\/conakrynews.org\/index.php\/wp-json\/wp\/v2\/posts\/8699\/revisions"}],"wp:featuredmedia":[{"embeddable":true,"href":"https:\/\/conakrynews.org\/index.php\/wp-json\/wp\/v2\/media\/8700"}],"wp:attachment":[{"href":"https:\/\/conakrynews.org\/index.php\/wp-json\/wp\/v2\/media?parent=8699"}],"wp:term":[{"taxonomy":"category","embeddable":true,"href":"https:\/\/conakrynews.org\/index.php\/wp-json\/wp\/v2\/categories?post=8699"},{"taxonomy":"post_tag","embeddable":true,"href":"https:\/\/conakrynews.org\/index.php\/wp-json\/wp\/v2\/tags?post=8699"}],"curies":[{"name":"wp","href":"https:\/\/api.w.org\/{rel}","templated":true}]}}