{"id":8728,"date":"2021-06-02T09:38:56","date_gmt":"2021-06-02T09:38:56","guid":{"rendered":"https:\/\/conakrynews.org\/?p=8728"},"modified":"2021-06-02T10:39:31","modified_gmt":"2021-06-02T10:39:31","slug":"sergio-ramos-bloque-le-transfert-de-kylian-mbappe","status":"publish","type":"post","link":"https:\/\/conakrynews.org\/index.php\/sergio-ramos-bloque-le-transfert-de-kylian-mbappe\/","title":{"rendered":"SERGIO RAMOS BLOQUE LE TRANSFERT DE KYLIAN MBAPPE"},"content":{"rendered":"<div class=\"td-post-header\">\n<header class=\"td-post-title\">\n<h1 class=\"entry-title\"><\/h1>\n<div class=\"td-module-meta-info\">\n<div class=\"td-post-author-name\">\n<div class=\"td-author-by\"><\/div>\n<\/div>\n<\/div>\n<\/header>\n<\/div>\n<div class=\"td-post-sharing td-post-sharing-top \">\n<div class=\"td-default-sharing\"><i class=\"td-icon-facebook\"><\/i>\u00a0<i class=\"td-icon-twitter\"><\/i>\u00a0<i class=\"td-icon-googleplus\"><\/i>\u00a0<i class=\"td-icon-pinterest\"><\/i>\u00a0<i class=\"td-icon-whatsapp\"><\/i><\/div>\n<\/div>\n<div class=\"td-post-content\">\n<div class=\"td-post-featured-image\"><a class=\"td-modal-image\" href=\"https:\/\/liberationinfo.com\/wp-content\/uploads\/2021\/06\/real-madrid-l-appel-de-florentino-perez-sergio-ramos-qui-change-tout.jpg\" data-caption=\"\"><img loading=\"lazy\" decoding=\"async\" class=\"entry-thumb td-animation-stack-type0-2\" title=\"real-madrid-l-appel-de-florentino-perez-sergio-ramos-qui-change-tout\" src=\"https:\/\/liberationinfo.com\/wp-content\/uploads\/2021\/06\/real-madrid-l-appel-de-florentino-perez-sergio-ramos-qui-change-tout-696x392.jpg\" alt=\"\" width=\"696\" height=\"392\" \/><\/a><\/div>\n<div class=\"blog-header\">\n<h1 class=\"single-post-title\"><\/h1>\n<\/div>\n<div class=\"entry-format\">\n<div class=\"featured-image\"><\/div>\n<\/div>\n<div class=\"single-entry-summary\">\n<div class=\"single-entry-summary-post-content\">\n<article class=\"article\">\n<div id=\"content\" class=\"article__container\">\n<div class=\"article__content\">\n<p>L\u2019\u00e9t\u00e9 est tr\u00e8s chaud dans la Maison Blanche. Apr\u00e8s la lettre ouverte de Zinedine Zidane aux supporters d\u00e9voilant les contours de son d\u00e9part li\u00e9 au manque de soutien de la direction, c\u2019est le d\u00e9part du capitaine embl\u00e9matique Sergio Ramos qui fait des vagues.<\/p>\n<p>Un joueur du Real Madrid a d\u00e9clar\u00e9 au club que Sergio Ramos avait appel\u00e9 toute l\u2019effectif du Real Madrid et leur avait dit de ne pas accepter les r\u00e9ductions de salaire car l\u2019argent n\u2019irait qu\u2019\u00e0 la signature de Mbapp\u00e9, selon ElTransistor<\/p>\n<p>Le d\u00e9fenseur central et capitaine du Real Madrid\u00a0 \u00e2g\u00e9 de 35 ans est libre de tout contrat en juin prochain. Il souhaitait prolonger son contrat, mais ses dirigeants n\u2019ont toujours pas accept\u00e9 ses conditions. Le pr\u00e9sident madril\u00e8ne\u00a0 Florentino P\u00e9rez lui a demand\u00e9 de baisser son salaire de 10% et ne lui offre qu\u2019un an de contrat alors que Ramos,lui,\u00a0 en veut deux. Depuis des mois, les annonces se sont multipli\u00e9es dans la presse, mais au final, rien n\u2019a chang\u00e9. Plusieurs sources confirment qu\u2019il va partir.<\/p>\n<p>Courtis\u00e9 par le Paris Saint-Germain et Manchester City, Ramos semble avoir d\u00e9finitivement tourn\u00e9 le dos\u00a0 \u00e0 Madrid. Et Florentino Perez n\u2019est pas pr\u00eat \u00e0 le retenir.\u00a0 Selon\u00a0<em>Onda Cero<\/em>,\u00a0 la Casa Blanca estime que le joueur a d\u00e9pass\u00e9 la deadline fix\u00e9e et elle ne compterait donc plus sur lui la saison prochaine. Hier, \u00e0 l\u2019occasion de la sortie du nouveau maillot merengue, nombreux ont \u00e9t\u00e9 les observateurs \u00e0 remarquer que Ramos ne faisait d\u2019ailleurs pas partie des joueurs choisis par le Real Madrid pour la promotion de cette tunique.<\/p>\n<p>La radio espagnole confirme\u00a0 \u00e9galement que le champion du monde 2010 s\u00e8merait la zizanie entre le vestiaire merengue et Florentino P\u00e9rez. Sergio Ramos aurait demand\u00e9 \u00e0 plusieurs de ses co\u00e9quipiers de ne pas accepter les baisses salariales r\u00e9clam\u00e9es par leur pr\u00e9sident. La raison. Ramos est convaincu qu\u2019il s\u2019agit d\u2019une strat\u00e9gie de P\u00e9rez pour financer le transfert de Kylian Mbapp\u00e9, et non pour permettre au club de r\u00e9aliser des \u00e9conomies en ces temps de crise.<\/p>\n<p>\u201cJe pense que Ramos fera beaucoup de bruit en partant, son d\u00e9part sera tr\u00e8s violent, plus que celui de Zidane. Il est possible que beaucoup de choses sortent dans la presse. Il n\u00e9gocie avec le PSG mais ce n\u2019est pas gagn\u00e9 vu ce qu\u2019il demande.\u201d , twitte jrdelamorena.<\/p>\n<p>Par contre, Marcelo, Eden Hazard et m\u00eame Gareth Bale qui \u00e9taient annonc\u00e9s sur le d\u00e9part, devraient rester. Et\u00a0si Gareth Bale reste il prendra une place extra-communautaire \u00e0 cause du Brexit les clubs espagnols ne peuvent en avoir que 3 dans leurs effectifs la saison derni\u00e8re c\u2019\u00e9tait Vincius Rodrygo et Militao qui avaient ces places.<\/p>\n<\/div>\n<\/div>\n<\/article>\n<\/div>\n<\/div>\n<\/div>\n","protected":false},"excerpt":{"rendered":"<p>\u00a0\u00a0\u00a0\u00a0 L\u2019\u00e9t\u00e9 est tr\u00e8s chaud dans la Maison Blanche. Apr\u00e8s la lettre ouverte de Zinedine Zidane aux supporters d\u00e9voilant les contours de son d\u00e9part li\u00e9 au manque de soutien de la direction, c\u2019est le d\u00e9part du capitaine embl\u00e9matique Sergio Ramos qui fait des vagues. Un joueur du Real Madrid a d\u00e9clar\u00e9 au club que Sergio [&hellip;]<\/p>\n","protected":false},"author":2,"featured_media":8729,"comment_status":"closed","ping_status":"closed","sticky":false,"template":"","format":"standard","meta":{"footnotes":""},"categories":[64],"tags":[],"class_list":{"0":"post-8728","1":"post","2":"type-post","3":"status-publish","4":"format-standard","5":"has-post-thumbnail","7":"category-sport"},"_links":{"self":[{"href":"https:\/\/conakrynews.org\/index.php\/wp-json\/wp\/v2\/posts\/8728","targetHints":{"allow":["GET"]}}],"collection":[{"href":"https:\/\/conakrynews.org\/index.php\/wp-json\/wp\/v2\/posts"}],"about":[{"href":"https:\/\/conakrynews.org\/index.php\/wp-json\/wp\/v2\/types\/post"}],"author":[{"embeddable":true,"href":"https:\/\/conakrynews.org\/index.php\/wp-json\/wp\/v2\/users\/2"}],"replies":[{"embeddable":true,"href":"https:\/\/conakrynews.org\/index.php\/wp-json\/wp\/v2\/comments?post=8728"}],"version-history":[{"count":0,"href":"https:\/\/conakrynews.org\/index.php\/wp-json\/wp\/v2\/posts\/8728\/revisions"}],"wp:featuredmedia":[{"embeddable":true,"href":"https:\/\/conakrynews.org\/index.php\/wp-json\/wp\/v2\/media\/8729"}],"wp:attachment":[{"href":"https:\/\/conakrynews.org\/index.php\/wp-json\/wp\/v2\/media?parent=8728"}],"wp:term":[{"taxonomy":"category","embeddable":true,"href":"https:\/\/conakrynews.org\/index.php\/wp-json\/wp\/v2\/categories?post=8728"},{"taxonomy":"post_tag","embeddable":true,"href":"https:\/\/conakrynews.org\/index.php\/wp-json\/wp\/v2\/tags?post=8728"}],"curies":[{"name":"wp","href":"https:\/\/api.w.org\/{rel}","templated":true}]}}