{"id":8744,"date":"2021-06-02T21:41:53","date_gmt":"2021-06-02T21:41:53","guid":{"rendered":"https:\/\/conakrynews.org\/?p=8744"},"modified":"2021-06-02T21:41:53","modified_gmt":"2021-06-02T21:41:53","slug":"accident-mortel-de-tanene-huit-8-morts-et-plusieurs-blesses-graves-communique","status":"publish","type":"post","link":"https:\/\/conakrynews.org\/index.php\/accident-mortel-de-tanene-huit-8-morts-et-plusieurs-blesses-graves-communique\/","title":{"rendered":"Accident mortel de Tan\u00e8n\u00e8 : huit (8) morts et plusieurs bless\u00e9s graves (Communiqu\u00e9 )"},"content":{"rendered":"<div class=\"td-post-header\">\n<header class=\"td-post-title\">\n<h1 class=\"entry-title\"><\/h1>\n<div class=\"td-module-meta-info\">\n<div class=\"td-post-author-name\">\n<div class=\"td-author-by\"><\/div>\n<\/div>\n<\/div>\n<\/header>\n<\/div>\n<div class=\"td-post-sharing td-post-sharing-top \">\n<div class=\"td-default-sharing\"><i class=\"td-icon-facebook\"><\/i>\u00a0<i class=\"td-icon-twitter\"><\/i>\u00a0<i class=\"td-icon-googleplus\"><\/i>\u00a0<i class=\"td-icon-pinterest\"><\/i>\u00a0<i class=\"td-icon-whatsapp\"><\/i><\/div>\n<\/div>\n<div class=\"td-post-content\">\n<div class=\"td-post-featured-image\"><a class=\"td-modal-image\" href=\"https:\/\/liberationinfo.com\/wp-content\/uploads\/2021\/06\/Damantan-Camara-new.jpg\" data-caption=\"\"><img loading=\"lazy\" decoding=\"async\" class=\"entry-thumb td-animation-stack-type0-2\" title=\"Damantan-Camara-new\" src=\"https:\/\/liberationinfo.com\/wp-content\/uploads\/2021\/06\/Damantan-Camara-new-696x515.jpg\" alt=\"\" width=\"696\" height=\"515\" \/><\/a><\/div>\n<div class=\"entry-header clearfix\">\n<header class=\"entry-header-title\">\n<h1 class=\"entry-title\"><\/h1>\n<\/header>\n<\/div>\n<div class=\"row single-main-content\">\n<div class=\"main-content content-right col-sx-12 col-sm-12 col-md-9 col-lg-9\">\n<div class=\"content-inner\">\n<div class=\"code-block code-block-1\"><\/div>\n<div class=\"box box-article\">\n<article id=\"post-155765\" class=\"post-155765 post type-post status-publish format-standard has-post-thumbnail hentry category-la-une\">\n<div class=\"post-image single-image\"><\/div>\n<div class=\"entry-content clearfix\">\n<div class=\"entry-content-inner padding-left\">\n<div class=\"pf-content\">\n<div class=\"printfriendly pf-button pf-button-content pf-alignright\"><\/div>\n<p><img decoding=\"async\" class=\"emoji td-animation-stack-type0-2\" role=\"img\" src=\"https:\/\/s.w.org\/images\/core\/emoji\/13.0.1\/svg\/1f6d1.svg\" alt=\"\ud83d\uded1\" \/><strong>Communiqu\u00e9 du Minist\u00e8re de la S\u00e9curit\u00e9 et de la Protection Civile-\u00a0<\/strong>Ce mercredi 2 juin 2021 aux environs de 6 heures du matin, un minibus (Bambanyi) assurant le trajet koba-Conakry, a \u00e9t\u00e9 violemment percut\u00e9 par un camion qui se serait d\u00e9port\u00e9 de sa voie normale \u00e0 la hauteur du march\u00e9 de Koubia dans la pr\u00e9fecture de Dubreka.<\/p>\n<p>L\u2019accident a caus\u00e9 la mort sur place de 8 personnes dont 5 femmes et 1 enfant, ainsi que 10 bless\u00e9s graves, tous passagers du minibus.<br \/>\nLes secours ont achemin\u00e9 les victimes \u00e0 l\u2019h\u00f4pital de Tan\u00e8n\u00e8 o\u00f9 le commissariat de police local essaye de les identifier.<br \/>\nLe Ministre, au nom du gouvernement et du peuple de Guin\u00e9e, pr\u00e9sente les condol\u00e9ances \u00e9mues aux familles \u00e9plor\u00e9es et souhaite un prompt r\u00e9tablissement aux bless\u00e9s.<br \/>\nIl rappelle toute fois aux usagers de nos routes l\u2019observancce des mesures de prudence et le respect strict du code de la route.<\/p>\n<div class=\"code-block code-block-2\"><\/div>\n<p><strong>LE MINISTRE DE LA S\u00c9CURIT\u00c9 ET DE LA PROTECTION CIVILE<\/strong><\/p>\n<\/div>\n<\/div>\n<\/div>\n<\/article>\n<\/div>\n<\/div>\n<\/div>\n<\/div>\n<\/div>\n","protected":false},"excerpt":{"rendered":"<p>\u00a0\u00a0\u00a0\u00a0 Communiqu\u00e9 du Minist\u00e8re de la S\u00e9curit\u00e9 et de la Protection Civile-\u00a0Ce mercredi 2 juin 2021 aux environs de 6 heures du matin, un minibus (Bambanyi) assurant le trajet koba-Conakry, a \u00e9t\u00e9 violemment percut\u00e9 par un camion qui se serait d\u00e9port\u00e9 de sa voie normale \u00e0 la hauteur du march\u00e9 de Koubia dans la pr\u00e9fecture [&hellip;]<\/p>\n","protected":false},"author":2,"featured_media":8745,"comment_status":"closed","ping_status":"closed","sticky":false,"template":"","format":"standard","meta":{"footnotes":""},"categories":[58],"tags":[],"class_list":{"0":"post-8744","1":"post","2":"type-post","3":"status-publish","4":"format-standard","5":"has-post-thumbnail","7":"category-societe"},"_links":{"self":[{"href":"https:\/\/conakrynews.org\/index.php\/wp-json\/wp\/v2\/posts\/8744","targetHints":{"allow":["GET"]}}],"collection":[{"href":"https:\/\/conakrynews.org\/index.php\/wp-json\/wp\/v2\/posts"}],"about":[{"href":"https:\/\/conakrynews.org\/index.php\/wp-json\/wp\/v2\/types\/post"}],"author":[{"embeddable":true,"href":"https:\/\/conakrynews.org\/index.php\/wp-json\/wp\/v2\/users\/2"}],"replies":[{"embeddable":true,"href":"https:\/\/conakrynews.org\/index.php\/wp-json\/wp\/v2\/comments?post=8744"}],"version-history":[{"count":0,"href":"https:\/\/conakrynews.org\/index.php\/wp-json\/wp\/v2\/posts\/8744\/revisions"}],"wp:featuredmedia":[{"embeddable":true,"href":"https:\/\/conakrynews.org\/index.php\/wp-json\/wp\/v2\/media\/8745"}],"wp:attachment":[{"href":"https:\/\/conakrynews.org\/index.php\/wp-json\/wp\/v2\/media?parent=8744"}],"wp:term":[{"taxonomy":"category","embeddable":true,"href":"https:\/\/conakrynews.org\/index.php\/wp-json\/wp\/v2\/categories?post=8744"},{"taxonomy":"post_tag","embeddable":true,"href":"https:\/\/conakrynews.org\/index.php\/wp-json\/wp\/v2\/tags?post=8744"}],"curies":[{"name":"wp","href":"https:\/\/api.w.org\/{rel}","templated":true}]}}