{"id":8767,"date":"2021-06-03T12:51:46","date_gmt":"2021-06-03T12:51:46","guid":{"rendered":"https:\/\/conakrynews.org\/?p=8767"},"modified":"2021-06-03T12:51:46","modified_gmt":"2021-06-03T12:51:46","slug":"cote-divoire-le-gouvernement-prend-acte-de-la-date-du-retour-de-laurent-gbagbo","status":"publish","type":"post","link":"https:\/\/conakrynews.org\/index.php\/cote-divoire-le-gouvernement-prend-acte-de-la-date-du-retour-de-laurent-gbagbo\/","title":{"rendered":"C\u00f4te d\u2019Ivoire : le gouvernement \u00abprend acte\u00bb de la date du retour de Laurent Gbagbo"},"content":{"rendered":"<div class=\"td-post-header\">\n<header class=\"td-post-title\">\n<h1 class=\"entry-title\"><\/h1>\n<div class=\"td-module-meta-info\">\n<div class=\"td-post-author-name\">\n<div class=\"td-author-by\"><\/div>\n<\/div>\n<\/div>\n<\/header>\n<\/div>\n<div class=\"td-post-sharing td-post-sharing-top \">\n<div class=\"td-default-sharing\"><i class=\"td-icon-facebook\"><\/i>\u00a0<i class=\"td-icon-twitter\"><\/i>\u00a0<i class=\"td-icon-googleplus\"><\/i>\u00a0<i class=\"td-icon-pinterest\"><\/i>\u00a0<i class=\"td-icon-whatsapp\"><\/i><\/div>\n<\/div>\n<div class=\"td-post-content\">\n<div class=\"td-post-featured-image\"><a class=\"td-modal-image\" href=\"https:\/\/liberationinfo.com\/wp-content\/uploads\/2021\/06\/Kouadio-Konan-Bertin-lu2019espoir-de-la-jeunesse-ivoirienne-800x522-1.jpg\" data-caption=\"\"><img loading=\"lazy\" decoding=\"async\" class=\"entry-thumb td-animation-stack-type0-2\" title=\"Kouadio-Konan-Bertin-lu2019espoir-de-la-jeunesse-ivoirienne-800x522\" src=\"https:\/\/liberationinfo.com\/wp-content\/uploads\/2021\/06\/Kouadio-Konan-Bertin-lu2019espoir-de-la-jeunesse-ivoirienne-800x522-1-696x454.jpg\" alt=\"\" width=\"696\" height=\"454\" \/><\/a><\/div>\n<div class=\"entry-header clearfix\">\n<header class=\"entry-header-title\">\n<h1 class=\"entry-title\"><\/h1>\n<\/header>\n<\/div>\n<div class=\"row single-main-content\">\n<div class=\"main-content content-right col-sx-12 col-sm-12 col-md-9 col-lg-9\">\n<div class=\"content-inner\">\n<div class=\"code-block code-block-1\"><\/div>\n<div class=\"box box-article\">\n<article id=\"post-155859\" class=\"post-155859 post type-post status-publish format-standard has-post-thumbnail hentry category-international\">\n<div class=\"post-image single-image\"><\/div>\n<div class=\"entry-content clearfix\">\n<div class=\"entry-content-inner padding-left\">\n<div class=\"pf-content\">\n<div class=\"printfriendly pf-button pf-button-content pf-alignright\"><\/div>\n<p>Laurent Gbagbo rentrera bien le 17 juin. Le gouvernement \u00ab\u00a0<em>prend acte<\/em>\u00a0\u00bb de cette annonce faite lundi par ses partisans, apr\u00e8s avoir regrett\u00e9 mardi 1er juin ne pas avoir \u00e9t\u00e9 consult\u00e9. Les discussions entre les \u00e9missaires de l\u2019ancien pr\u00e9sident et le gouvernement se poursuivent pour pr\u00e9parer ce retour et notamment savoir quelle forme il prendra.<\/p>\n<p><em>Avec notre correspondant \u00e0 Abidjan<\/em>,\u00a0<strong>Pierre Pinto<\/strong><\/p>\n<div class=\"code-block code-block-2\"><\/div>\n<p>Alors que depuis 48h la pol\u00e9mique enfle autour de l\u2019annonce de la date du retour de Laurent Gbagbo le 17 juin, le ministre de la R\u00e9conciliation Kouadio Konan Bertin a rendu visite ce lundi au FPI GOR.<\/p>\n<p>\u00c0 la sortie, KKB a tu\u00e9 la controverse. \u00ab\u00a0<em>Les deux parties sont en n\u00e9gociations pour que ce retour soit un retour apais\u00e9. Maintenant, nous sommes un \u00c9tat de droit. Gbagbo est un homme libre. C\u2019est \u00e0 lui de d\u00e9cider quand il vient dans son pays. Nous avons appris qu\u2019il vient le 17. Nous prenons acte<\/em>\u00a0\u00bb, a d\u00e9clar\u00e9 le ministre de la R\u00e9conciliation.<\/p>\n<p>Le ministre de la R\u00e9conciliation a tenu \u00e0 rappeler que compte tenu de son statut particulier d\u2019ancien chef d\u2019\u00c9tat, \u00ab s<em>on retour doit s\u2019\u00e9tudier en tenant compte des questions de s\u00e9curit\u00e9, de logements, etc<\/em>\u00a0\u00bb. \u00ab\u00a0<em>Nous avions estim\u00e9 qu\u2019avant de fixer une date, il fallait pr\u00e9parer tout \u00e7a\u00a0<\/em>\u00bb, a encore d\u00e9clar\u00e9 Kouadio Konan Bertin pour expliquer la r\u00e9action du gouvernement qui regrettait ne pas avoir \u00e9t\u00e9 consult\u00e9 avant.<\/p>\n<p>De son c\u00f4t\u00e9, le secr\u00e9taire g\u00e9n\u00e9ral du FPI GOR\u00a0Assoa Adoua a indiqu\u00e9 qu\u2019il avait rencontr\u00e9 le Premier ministre Patrick Achi ce lundi, et que ce dernier s\u2019\u00e9tait dit pr\u00eat si n\u00e9cessaire \u00e0 affr\u00e9ter un avion pour ramener Laurent Gbagbo au pays.\u00a0\u00ab\u00a0<em>Je dis \u00e0 tous ceux qui veulent pol\u00e9miquer de se r\u00e9f\u00e9rer \u00e0 la d\u00e9claration du pr\u00e9sident Ouattara, du 7 avril, qui a dit ceci\u00a0: \u201cLaurent Gbagbo et Charles Bl\u00e9 Goud\u00e9 peuvent rentrer quand ils veulent\u201d. Quand j\u2019ai rencontr\u00e9 le Premier ministre pas plus tard que le 31 mai, il a dit que le pr\u00e9sident Ouattara \u00e9tait d\u00e9cid\u00e9 \u00e0 prendre en charge les frais du voyage du pr\u00e9sident Laurent Gbagbo. M\u00eame s\u2019il faut prendre un avion, nous sommes pr\u00eats \u00e0 en envoyer un. Nous, \u00e7a nous suffit.<\/em>\u00a0\u00bb<\/p>\n<p>Clore la pol\u00e9mique<\/p>\n<p>Face \u00e0 la presse, KKB et Assoa Adou ont voulu clore la pol\u00e9mique, n\u00e9e d\u2019abord du silence des autorit\u00e9s, puis de la r\u00e9action du ministre de la Communication Amadou Coulibaly regrettant que le gouvernement n\u2019ait pas \u00e9t\u00e9 consult\u00e9. \u00ab\u00a0<em>Pour nous il n\u2019y a pas de date<\/em>\u00a0\u00bb, avait-il d\u00e9clar\u00e9 \u00e0 RFI. Si Laurent Gbagbo n\u2019a pas consult\u00e9 le gouvernement avant d\u2019annoncer la date de son retour, au FPI on affirme que le Premier ministre a \u00e9t\u00e9 pr\u00e9venu d\u00e8s lundi apr\u00e8s-midi.<\/p>\n<p>Depuis des semaines, les discussions se poursuivent entre le gouvernement et le FPI pro-Gbagbo sur les modalit\u00e9s du retour. Restent toujours deux points majeurs. D\u2019abord, le format du retour. Les autorit\u00e9s veulent \u00e9viter une mar\u00e9e humaine et des risques de d\u00e9bordements. Le FPI veut un accueil triomphal et populaire.<\/p>\n<p>Autre question \u00e0 trancher, mais probablement une fois son retour effectu\u00e9 : celle de sa condamnation par la justice ivoirienne \u00e0 20 ans de prison pour l\u2019affaire dite du \u00ab\u00a0casse de la BCEAO\u00a0\u00bb. L\u2019ancien pr\u00e9sident aurait re\u00e7u des garanties sur ce point de la part du pouvoir. \u00ab\u00a0<em>C\u2019est une condamnation politique qui se r\u00e8glera de fa\u00e7on politique<\/em>\u00a0\u00bb, estimait il y a deux jours sur RFI le porte-parole de l\u2019ancien pr\u00e9sident.<\/p>\n<p><em>Le retour de l\u2019ex-pr\u00e9sident Laurent Gbagbo favorisera cette dynamique de r\u00e9conciliation, donc si ses partisans veulent bien l\u2019accueillir avec la fanfare, \u00e7a reste \u00e0 leur appr\u00e9ciation.<\/em><\/p>\n<p><strong>RFI<\/strong><\/p>\n<\/div>\n<\/div>\n<\/div>\n<\/article>\n<\/div>\n<\/div>\n<\/div>\n<\/div>\n<\/div>\n","protected":false},"excerpt":{"rendered":"<p>\u00a0\u00a0\u00a0\u00a0 Laurent Gbagbo rentrera bien le 17 juin. Le gouvernement \u00ab\u00a0prend acte\u00a0\u00bb de cette annonce faite lundi par ses partisans, apr\u00e8s avoir regrett\u00e9 mardi 1er juin ne pas avoir \u00e9t\u00e9 consult\u00e9. Les discussions entre les \u00e9missaires de l\u2019ancien pr\u00e9sident et le gouvernement se poursuivent pour pr\u00e9parer ce retour et notamment savoir quelle forme il prendra. [&hellip;]<\/p>\n","protected":false},"author":2,"featured_media":8768,"comment_status":"closed","ping_status":"closed","sticky":false,"template":"","format":"standard","meta":{"footnotes":""},"categories":[57],"tags":[],"class_list":{"0":"post-8767","1":"post","2":"type-post","3":"status-publish","4":"format-standard","5":"has-post-thumbnail","7":"category-politique"},"_links":{"self":[{"href":"https:\/\/conakrynews.org\/index.php\/wp-json\/wp\/v2\/posts\/8767","targetHints":{"allow":["GET"]}}],"collection":[{"href":"https:\/\/conakrynews.org\/index.php\/wp-json\/wp\/v2\/posts"}],"about":[{"href":"https:\/\/conakrynews.org\/index.php\/wp-json\/wp\/v2\/types\/post"}],"author":[{"embeddable":true,"href":"https:\/\/conakrynews.org\/index.php\/wp-json\/wp\/v2\/users\/2"}],"replies":[{"embeddable":true,"href":"https:\/\/conakrynews.org\/index.php\/wp-json\/wp\/v2\/comments?post=8767"}],"version-history":[{"count":0,"href":"https:\/\/conakrynews.org\/index.php\/wp-json\/wp\/v2\/posts\/8767\/revisions"}],"wp:featuredmedia":[{"embeddable":true,"href":"https:\/\/conakrynews.org\/index.php\/wp-json\/wp\/v2\/media\/8768"}],"wp:attachment":[{"href":"https:\/\/conakrynews.org\/index.php\/wp-json\/wp\/v2\/media?parent=8767"}],"wp:term":[{"taxonomy":"category","embeddable":true,"href":"https:\/\/conakrynews.org\/index.php\/wp-json\/wp\/v2\/categories?post=8767"},{"taxonomy":"post_tag","embeddable":true,"href":"https:\/\/conakrynews.org\/index.php\/wp-json\/wp\/v2\/tags?post=8767"}],"curies":[{"name":"wp","href":"https:\/\/api.w.org\/{rel}","templated":true}]}}