{"id":8779,"date":"2021-06-04T19:20:24","date_gmt":"2021-06-04T19:20:24","guid":{"rendered":"https:\/\/conakrynews.org\/?p=8779"},"modified":"2021-06-04T21:52:41","modified_gmt":"2021-06-04T21:52:41","slug":"journee-mondiale-de-lenvironnement-lappel-du-gouvernement-a-participer-a-la-restauration-des-ecosystemes-declaration","status":"publish","type":"post","link":"https:\/\/conakrynews.org\/index.php\/journee-mondiale-de-lenvironnement-lappel-du-gouvernement-a-participer-a-la-restauration-des-ecosystemes-declaration\/","title":{"rendered":"Journ\u00e9e mondiale de l\u2019environnement : l\u2019appel du Gouvernement \u00e0 participer \u00e0 la restauration des \u00e9cosyst\u00e8mes (D\u00e9claration)"},"content":{"rendered":"<div class=\"td-post-header\">\n<header class=\"td-post-title\">\n<h1 class=\"entry-title\"><\/h1>\n<div class=\"td-module-meta-info\">\n<div class=\"td-post-author-name\">\n<div class=\"td-author-by\"><\/div>\n<\/div>\n<\/div>\n<\/header>\n<\/div>\n<div class=\"td-post-sharing td-post-sharing-top \">\n<div class=\"td-default-sharing\"><i class=\"td-icon-facebook\"><\/i>\u00a0<i class=\"td-icon-twitter\"><\/i>\u00a0<i class=\"td-icon-googleplus\"><\/i>\u00a0<i class=\"td-icon-pinterest\"><\/i>\u00a0<i class=\"td-icon-whatsapp\"><\/i><\/div>\n<\/div>\n<div class=\"td-post-content\">\n<div class=\"td-post-featured-image\"><a class=\"td-modal-image\" href=\"https:\/\/liberationinfo.com\/wp-content\/uploads\/2021\/06\/download-38.jpeg\" data-caption=\"\"><img loading=\"lazy\" decoding=\"async\" class=\"entry-thumb td-animation-stack-type0-2\" title=\"download-38\" src=\"https:\/\/liberationinfo.com\/wp-content\/uploads\/2021\/06\/download-38.jpeg\" alt=\"\" width=\"225\" height=\"224\" \/><\/a><\/div>\n<div class=\"jeg_ad jeg_article jnews_article_top_ads\">\n<div class=\"ads-wrapper \">\n<div class=\"ads_code\"><\/div>\n<\/div>\n<\/div>\n<div class=\"row\">\n<div class=\"jeg_main_content col-md-8\">\n<div class=\"jeg_inner_content\">\n<div class=\"jeg_breadcrumbs jeg_breadcrumb_container\">\n<div id=\"breadcrumbs\"><\/div>\n<\/div>\n<div class=\"entry-header\">\n<div class=\"jeg_meta_container\">\n<div class=\"jeg_post_meta jeg_post_meta_1\">\n<div class=\"meta_right\"><\/div>\n<\/div>\n<\/div>\n<\/div>\n<div class=\"jeg_featured featured_image\">\n<div class=\"thumbnail-container animate-lazy\"><\/div>\n<\/div>\n<div class=\"jeg_share_top_container\">\n<div class=\"jeg_share_button clearfix\">\n<div class=\"jeg_share_stats\"><\/div>\n<div class=\"jeg_sharelist\"><\/div>\n<\/div>\n<\/div>\n<div class=\"jeg_ad jeg_article jnews_content_top_ads \">\n<div class=\"ads-wrapper \"><\/div>\n<\/div>\n<div class=\"entry-content no-share\">\n<div class=\"jeg_share_button share-float jeg_sticky_share clearfix share-monocrhome\">\n<div class=\"jeg_share_float_container\"><\/div>\n<\/div>\n<div class=\"content-inner \">\n<p><b>Citoyennes et citoyens,<\/b><b><\/b><\/p>\n<p><b>Chers compatriotes,<\/b><\/p>\n<p>La Journ\u00e9e Mondiale de l\u2019Environnement, date anniversaire de la cr\u00e9ation du Programme des Nations Unies pour l\u2019Environnement (PNUE) est c\u00e9l\u00e9br\u00e9e \u00e0 travers le monde, le 5 juin de chaque ann\u00e9e.<\/p>\n<p>L\u2019objectif vis\u00e9 par cette journ\u00e9e est de susciter l\u2019int\u00e9r\u00eat de la classe politique et le d\u00e9sir d\u2019agir. Elle est mise \u00e0 profit pour informer et sensibiliser les acteurs du d\u00e9veloppement, pour qu\u2019ils comprennent que leur participation active et effective \u00e0 la gestion durable de l\u2019environnement est essentielle et qu\u2019ils doivent de ce fait, changer favorablement leurs comportements et attitudes \u00e0 l\u2019\u00e9gard des questions environnementales.<\/p>\n<div class=\"jeg_ad jeg_ad_article jnews_content_inline_ads \">\n<div class=\"ads-wrapper align-center \">\n<div class=\"ads_code\"><\/div>\n<\/div>\n<\/div>\n<p>La c\u00e9l\u00e9bration de cette Journ\u00e9e donc, permet aux nations et aux peuples d\u2019am\u00e9liorer leur qualit\u00e9 de vie sans compromettre, celle des g\u00e9n\u00e9rations futures. Le Pakistan aura le privil\u00e8ge d\u2019accueillir cette ann\u00e9e 2021.<\/p>\n<p>Le th\u00e8me central de cette ann\u00e9e retenue par le PNUE est intitul\u00e9 \u00ab La restauration des \u00e9cosyst\u00e8mes \u00bb. Les \u00e9cosyst\u00e8mes expriment l\u2019interaction entre les organismes vivants \u2013 plantes, animaux, personnes et leur environnement. Cela inclut la nature, mais aussi les syst\u00e8mes cr\u00e9\u00e9s par l\u2019homme, comme les villes ou les exploitations agricoles.<\/p>\n<p><b>Citoyennes et citoyens,<\/b><\/p>\n<p>Des for\u00eats aux terres agricoles en passant par les \u00e9tendues et les cours d\u2019eau douce, les oc\u00e9ans et les littoraux, les \u00e9cosyst\u00e8mes dans toute leur vitalit\u00e9 et leur diversit\u00e9 sont le pilier de notre prosp\u00e9rit\u00e9 et notre bien-\u00eatre. Or, nous d\u00e9gradons aujourd\u2019hui ces pr\u00e9cieuses ressources de fa\u00e7on alarmante.<\/p>\n<p>Depuis trop longtemps, nous exploitons et d\u00e9truisons les \u00e9cosyst\u00e8mes de notre plan\u00e8te. Toutes les trois secondes, le monde perd suffisamment de for\u00eats pour ouvrir de terrain de distraction et loisir par exemple et au cours du si\u00e8cle dernier, selon le rapport sp\u00e9cial du GIEC\/PNUE sur les cons\u00e9quences d\u2019un r\u00e9chauffement plan\u00e9taire, nous avons d\u00e9truit la moiti\u00e9 de nos zones\u00a0humides.<\/p>\n<p>Pas moins de 50% de nos r\u00e9cifs coralliens ont d\u00e9j\u00e0 disparu et jusqu\u2019\u00e0 90% d\u2019entre eux pourraient dispara\u00eetre d\u2019ici 2050, m\u00eame si le r\u00e9chauffement de la plan\u00e8te se limitait \u00e0 une augmentation d\u2019un virgule cinq degr\u00e9 Celsius. La perte d\u2019\u00e9cosyst\u00e8mes prive le monde des puits de carbone, comme les for\u00eats et les tourbi\u00e8res. Les \u00e9missions mondiales de gaz \u00e0 effet de serre ont augment\u00e9 pendant les trois ann\u00e9es cons\u00e9cutives et la plan\u00e8te est en passe de subir un changement climatique potentiellement catastrophique.<\/p>\n<p>La D\u00e9cennie des Nations Unies pour la restauration des \u00e9cosyst\u00e8mes est un moyen de contribuer \u00e0 renverser cette tendance et d\u2019offrir un avenir plus durable \u00e0 la nature et \u00e0 l\u2019humanit\u00e9. Les \u00e9cosyst\u00e8mes sont le socle de toute une vie sur terre. Prot\u00e9ger les \u00e9cosyst\u00e8mes, c\u2019est prot\u00e9ger la plan\u00e8te et ses habitants.<\/p>\n<p>Face \u00e0 ces d\u00e9fis, la Journ\u00e9e Mondiale de l\u2019Environnement se concentre sur la restauration des \u00e9cosyst\u00e8mes et son th\u00e8me est \u00ab R\u00e9imaginer, Recr\u00e9er, Restaurer \u00bb. Ce qui est en ad\u00e9quation avec la vision du Gouvernement Guin\u00e9en \u00e0 travers \u2018\u2019l\u2019initiative pr\u00e9sidentielle de reboisement. Aussi, elle est en phase non seulement avec la campagne de reboisement annuelle du Minist\u00e8re de l\u2019Environnement, des Eaux et For\u00eats mais aussi avec les objectifs de l\u2019ambitieuse id\u00e9e de projet portant le reboisement de 500 000 ha initi\u00e9 par le d\u00e9partement, et sur une p\u00e9riode de 5 ans.<\/p>\n<p>La restauration des \u00e9cosyst\u00e8mes consiste enfin \u00e0 pr\u00e9venir, \u00e0 stopper et \u00e0 inverser les dommages pour passer de l\u2019exploitation de la nature \u00e0 la gu\u00e9rison.<\/p>\n<p>Cette Journ\u00e9e mondiale de l\u2019environnement donnera le coup d\u2019envoi de la D\u00e9cennie des Nations Unies pour la restauration des \u00e9cosyst\u00e8mes 2021-2030, une mission mondiale visant \u00e0 faire revivre des milliards d\u2019hectares, des for\u00eats aux terres agricoles, du sommet des montagnes aux profondeurs de la mer.<\/p>\n<p><b>citoyennes et Citoyens,<\/b><\/p>\n<p>Nous ne pouvons pas remonter le temps. Mais nous pouvons planter des arbres, rendre nos villes plus vertes, redonner vie \u00e0 nos jardins, changer notre r\u00e9gime alimentaire et assainir les rivi\u00e8res et les<br \/>\nc\u00f4tes. Nous sommes la g\u00e9n\u00e9ration qui peut faire la paix avec la nature. C\u2019est notre derni\u00e8re chance de remettre les choses en ordre. Soyons actifs, pas anxieux. Soyons audacieux, pas timides. C\u2019est notre moment. Rejoignez la G\u00e9n\u00e9ration Restauration !<\/p>\n<p>Le Minist\u00e8re de l\u2019Environnement, des Eaux et For\u00eats, \u00e0 travers le Gouvernement Guin\u00e9en saisit donc cette opportunit\u00e9 pour lancer un appel \u00e0 tous les responsables politiques et administratifs, \u00e0 tous les citoyens de notre pays pour une prise de conscience collective accrue pour l\u2019initiation d\u2019actions concr\u00e8tes, en vue d\u2019am\u00e9liorer le cadre de vie de nos populations dans nos diff\u00e9rentes villes.<\/p>\n<p>Main dans la main pour restaurer les \u00e9cosyst\u00e8mes, pour une Guin\u00e9e propre, verte et plus vivable !<\/p>\n<p><b>Vive la Journ\u00e9e Mondiale de l\u2019Environnement !<\/b><\/p>\n<p><b>Vive la R\u00e9publique de Guin\u00e9e\u00a0!<br \/>\nVive les Nations Unies !<br \/>\nJe vous remercie !<\/b><\/p>\n<p>&nbsp;<\/p>\n<p><b>Oy\u00e9 Guilavogui,<\/b><\/p>\n<p><b>Ministre d\u2019\u00c9tat, Ministre<\/b><b>de l\u2019Environnement, des Eaux et Forets<\/b><\/p>\n<p>&nbsp;<\/p>\n<p><b>Transmis par la cellule de Communication du gouvernement<\/b><\/p>\n<\/div>\n<\/div>\n<\/div>\n<\/div>\n<\/div>\n<\/div>\n","protected":false},"excerpt":{"rendered":"<p>\u00a0\u00a0\u00a0\u00a0 Citoyennes et citoyens, Chers compatriotes, La Journ\u00e9e Mondiale de l\u2019Environnement, date anniversaire de la cr\u00e9ation du Programme des Nations Unies pour l\u2019Environnement (PNUE) est c\u00e9l\u00e9br\u00e9e \u00e0 travers le monde, le 5 juin de chaque ann\u00e9e. L\u2019objectif vis\u00e9 par cette journ\u00e9e est de susciter l\u2019int\u00e9r\u00eat de la classe politique et le d\u00e9sir d\u2019agir. Elle est [&hellip;]<\/p>\n","protected":false},"author":2,"featured_media":8780,"comment_status":"closed","ping_status":"closed","sticky":false,"template":"","format":"standard","meta":{"footnotes":""},"categories":[58],"tags":[],"class_list":{"0":"post-8779","1":"post","2":"type-post","3":"status-publish","4":"format-standard","5":"has-post-thumbnail","7":"category-societe"},"_links":{"self":[{"href":"https:\/\/conakrynews.org\/index.php\/wp-json\/wp\/v2\/posts\/8779","targetHints":{"allow":["GET"]}}],"collection":[{"href":"https:\/\/conakrynews.org\/index.php\/wp-json\/wp\/v2\/posts"}],"about":[{"href":"https:\/\/conakrynews.org\/index.php\/wp-json\/wp\/v2\/types\/post"}],"author":[{"embeddable":true,"href":"https:\/\/conakrynews.org\/index.php\/wp-json\/wp\/v2\/users\/2"}],"replies":[{"embeddable":true,"href":"https:\/\/conakrynews.org\/index.php\/wp-json\/wp\/v2\/comments?post=8779"}],"version-history":[{"count":0,"href":"https:\/\/conakrynews.org\/index.php\/wp-json\/wp\/v2\/posts\/8779\/revisions"}],"wp:featuredmedia":[{"embeddable":true,"href":"https:\/\/conakrynews.org\/index.php\/wp-json\/wp\/v2\/media\/8780"}],"wp:attachment":[{"href":"https:\/\/conakrynews.org\/index.php\/wp-json\/wp\/v2\/media?parent=8779"}],"wp:term":[{"taxonomy":"category","embeddable":true,"href":"https:\/\/conakrynews.org\/index.php\/wp-json\/wp\/v2\/categories?post=8779"},{"taxonomy":"post_tag","embeddable":true,"href":"https:\/\/conakrynews.org\/index.php\/wp-json\/wp\/v2\/tags?post=8779"}],"curies":[{"name":"wp","href":"https:\/\/api.w.org\/{rel}","templated":true}]}}