{"id":8791,"date":"2021-06-04T23:13:42","date_gmt":"2021-06-04T23:13:42","guid":{"rendered":"https:\/\/conakrynews.org\/?p=8791"},"modified":"2021-06-05T14:51:16","modified_gmt":"2021-06-05T14:51:16","slug":"visite-damitie-du-president-adama-barrow-a-conakry-le-president-alpha-conde-a-eleve-son-homologue-a-la-dignite-de-grand-croix-de-lordre-national-du-merite","status":"publish","type":"post","link":"https:\/\/conakrynews.org\/index.php\/visite-damitie-du-president-adama-barrow-a-conakry-le-president-alpha-conde-a-eleve-son-homologue-a-la-dignite-de-grand-croix-de-lordre-national-du-merite\/","title":{"rendered":"Visite d&rsquo;amiti\u00e9 du pr\u00e9sident Adama Barrow \u00e0 Conakry :Le pr\u00e9sident Alpha Cond\u00e9, a \u00e9lev\u00e9 son homologue \u00e0 la dignit\u00e9 de grand-Croix de l&rsquo;ordre National du m\u00e9rite"},"content":{"rendered":"<div id=\"m3121708172664913075\" class=\"mail-message expanded\">\n<div class=\"mail-message-content collapsible zoom-normal mail-show-images \">\n<div class=\"clear\">\n<div dir=\"auto\">\n<div dir=\"auto\">\n<div><img loading=\"lazy\" decoding=\"async\" class=\"alignright size-medium wp-image-8795\" src=\"https:\/\/conakrynews.org\/wp-content\/uploads\/2021\/06\/IMG_20210604_162659_9-500x375.jpg\" alt=\"\" width=\"500\" height=\"375\" srcset=\"https:\/\/conakrynews.org\/wp-content\/uploads\/2021\/06\/IMG_20210604_162659_9-500x375.jpg 500w, https:\/\/conakrynews.org\/wp-content\/uploads\/2021\/06\/IMG_20210604_162659_9-768x576.jpg 768w, https:\/\/conakrynews.org\/wp-content\/uploads\/2021\/06\/IMG_20210604_162659_9-1536x1152.jpg 1536w, https:\/\/conakrynews.org\/wp-content\/uploads\/2021\/06\/IMG_20210604_162659_9-2048x1536.jpg 2048w\" sizes=\"auto, (max-width: 500px) 100vw, 500px\" \/><\/div>\n<div dir=\"auto\"><\/div>\n<div dir=\"auto\">\u00c0 travers\u00a0 un d\u00e9cret lu sur <img loading=\"lazy\" decoding=\"async\" class=\"alignright size-medium wp-image-8792\" src=\"https:\/\/conakrynews.org\/wp-content\/uploads\/2021\/06\/IMG_20210604_163214_4-500x375.jpg\" alt=\"\" width=\"500\" height=\"375\" srcset=\"https:\/\/conakrynews.org\/wp-content\/uploads\/2021\/06\/IMG_20210604_163214_4-500x375.jpg 500w, https:\/\/conakrynews.org\/wp-content\/uploads\/2021\/06\/IMG_20210604_163214_4-768x576.jpg 768w, https:\/\/conakrynews.org\/wp-content\/uploads\/2021\/06\/IMG_20210604_163214_4-1536x1152.jpg 1536w, https:\/\/conakrynews.org\/wp-content\/uploads\/2021\/06\/IMG_20210604_163214_4-2048x1536.jpg 2048w\" sizes=\"auto, (max-width: 500px) 100vw, 500px\" \/><img loading=\"lazy\" decoding=\"async\" class=\"alignright size-medium wp-image-8793\" src=\"https:\/\/conakrynews.org\/wp-content\/uploads\/2021\/06\/IMG_20210604_162643_4-500x375.jpg\" alt=\"\" width=\"500\" height=\"375\" srcset=\"https:\/\/conakrynews.org\/wp-content\/uploads\/2021\/06\/IMG_20210604_162643_4-500x375.jpg 500w, https:\/\/conakrynews.org\/wp-content\/uploads\/2021\/06\/IMG_20210604_162643_4-768x576.jpg 768w, https:\/\/conakrynews.org\/wp-content\/uploads\/2021\/06\/IMG_20210604_162643_4-1536x1152.jpg 1536w, https:\/\/conakrynews.org\/wp-content\/uploads\/2021\/06\/IMG_20210604_162643_4-2048x1536.jpg 2048w\" sizes=\"auto, (max-width: 500px) 100vw, 500px\" \/>les antennes de la Radiot\u00e9l\u00e9vision Guin\u00e9enne ( RTG), ce vendredi soir ,le pr\u00e9sident de la R\u00e9publique professeur Alpha Cond\u00e9, a \u00e9lev\u00e9 le pr\u00e9sident gambien Adama Barrow au grade de la dignit\u00e9 de croix de l\u2019ordre national de m\u00e9rite .<\/div>\n<div><\/div>\n<div dir=\"auto\"><\/div>\n<div>Ce m\u00eame d\u00e9cret,\u00a0 parle de la contribution de qualit\u00e9 de celui-ci au renforcement des relations d\u2019amiti\u00e9 et de coop\u00e9ration entre ses deux pays fr\u00e8res ( Guin\u00e9e, Gambie).<\/div>\n<div><\/div>\n<div dir=\"auto\"><\/div>\n<div dir=\"auto\"><\/div>\n<div>Il faut aussi\u00a0 rappel\u00e9\u00a0 que le pr\u00e9sident gambien Adama\u00a0Barow,en visite d\u2019amiti\u00e9 en Guin\u00e9e depuis hier jeudi, a b\u00e9n\u00e9fici\u00e9 tous les honneurs \u00e0 Conakry.<\/div>\n<div dir=\"auto\">Un banquet pr\u00e9sidentiel lui a \u00e9t\u00e9 organis\u00e9 par rapport \u00e0 cette distinction honorifique.<\/div>\n<div><\/div>\n<div>Le president Alpha Cond\u00e9 a\u00a0 travers\u00a0 un t\u00eate \u00e0 t\u00eate avec son homologue Gambien, ont beaucoup\u00a0 \u00e9chang\u00e9\u00a0 \u00a0par rapport au renforcement de l\u2019axe de coop\u00e9ration entre Conakry et Banjul, notamment dans le domaine \u00e9conomique, touristique&#8230;.<\/div>\n<div dir=\"auto\"><\/div>\n<div dir=\"auto\">Il faut noter que le pr\u00e9sident Alpha cond\u00e9 et son homologue Gambien, ont effectu\u00e9 une visite au Parc Conteneur et\u00a0 sur le site du\u00a0 port Autonome de conakry, avant la signature des\u00a0 differents\u00a0 accords de coop\u00e9ration entre ces deux pays dans un\u00a0 complexe h\u00f4telier de la place.<\/div>\n<div dir=\"auto\">Sylla Ibrahima Kalil pour\u00a0<a href=\"https:\/\/conakrynews.org\/\" target=\"_blank\" rel=\"noopener noreferrer\" data-saferedirecturl=\"https:\/\/www.google.com\/url?q=https:\/\/conakrynews.org&amp;source=gmail&amp;ust=1622934217001000&amp;usg=AFQjCNHc_H2xOA9TjZJBcLjg0cTztcrvnw\">www.conakrynews.org<\/a>\u00a0625444534<\/div>\n<\/div>\n<\/div>\n<\/div>\n<\/div>\n<div class=\"mail-message-footer spacer collapsible\"><\/div>\n<\/div>\n","protected":false},"excerpt":{"rendered":"<p>\u00c0 travers\u00a0 un d\u00e9cret lu sur les antennes de la Radiot\u00e9l\u00e9vision Guin\u00e9enne ( RTG), ce vendredi soir ,le pr\u00e9sident de la R\u00e9publique professeur Alpha Cond\u00e9, a \u00e9lev\u00e9 le pr\u00e9sident gambien Adama Barrow au grade de la dignit\u00e9 de croix de l\u2019ordre national de m\u00e9rite . Ce m\u00eame d\u00e9cret,\u00a0 parle de la contribution de qualit\u00e9 de [&hellip;]<\/p>\n","protected":false},"author":2,"featured_media":8793,"comment_status":"closed","ping_status":"closed","sticky":false,"template":"","format":"standard","meta":{"footnotes":""},"categories":[57],"tags":[],"class_list":{"0":"post-8791","1":"post","2":"type-post","3":"status-publish","4":"format-standard","5":"has-post-thumbnail","7":"category-politique"},"_links":{"self":[{"href":"https:\/\/conakrynews.org\/index.php\/wp-json\/wp\/v2\/posts\/8791","targetHints":{"allow":["GET"]}}],"collection":[{"href":"https:\/\/conakrynews.org\/index.php\/wp-json\/wp\/v2\/posts"}],"about":[{"href":"https:\/\/conakrynews.org\/index.php\/wp-json\/wp\/v2\/types\/post"}],"author":[{"embeddable":true,"href":"https:\/\/conakrynews.org\/index.php\/wp-json\/wp\/v2\/users\/2"}],"replies":[{"embeddable":true,"href":"https:\/\/conakrynews.org\/index.php\/wp-json\/wp\/v2\/comments?post=8791"}],"version-history":[{"count":0,"href":"https:\/\/conakrynews.org\/index.php\/wp-json\/wp\/v2\/posts\/8791\/revisions"}],"wp:featuredmedia":[{"embeddable":true,"href":"https:\/\/conakrynews.org\/index.php\/wp-json\/wp\/v2\/media\/8793"}],"wp:attachment":[{"href":"https:\/\/conakrynews.org\/index.php\/wp-json\/wp\/v2\/media?parent=8791"}],"wp:term":[{"taxonomy":"category","embeddable":true,"href":"https:\/\/conakrynews.org\/index.php\/wp-json\/wp\/v2\/categories?post=8791"},{"taxonomy":"post_tag","embeddable":true,"href":"https:\/\/conakrynews.org\/index.php\/wp-json\/wp\/v2\/tags?post=8791"}],"curies":[{"name":"wp","href":"https:\/\/api.w.org\/{rel}","templated":true}]}}