{"id":8800,"date":"2021-06-05T07:46:45","date_gmt":"2021-06-05T07:46:45","guid":{"rendered":"https:\/\/conakrynews.org\/?p=8800"},"modified":"2021-06-05T14:51:22","modified_gmt":"2021-06-05T14:51:22","slug":"politique-le-multipartisme-est-source-de-toutes-les-divisions-ethniques","status":"publish","type":"post","link":"https:\/\/conakrynews.org\/index.php\/politique-le-multipartisme-est-source-de-toutes-les-divisions-ethniques\/","title":{"rendered":"Politique : \u2039\u2039 le multipartisme est source\u00a0 de toutes les divisions ethniques\u203a\u203a"},"content":{"rendered":"<div id=\"m8367890825131409192\" class=\"mail-message expanded\">\n<div class=\"mail-message-content collapsible zoom-normal mail-show-images \">\n<div class=\"clear\">\n<div dir=\"auto\">\n<div dir=\"auto\" style=\"text-align: left\">\n<hr \/>\n<\/div>\n<div dir=\"auto\"><\/div>\n<div dir=\"auto\"><\/div>\n<div dir=\"auto\">Le pr\u00e9sident\u00a0 du parti pour la R\u00e9volution Populaire Africaine de Guin\u00e9e \u00ab\u00a0PRPAG\u00a0\u00bb, a anim\u00e9 une conf\u00e9rence de presse ce jeudi,03 juin \u00e0 Conakry.Cette\u00a0 conf\u00e9rence avait pour th\u00e8me:\u2039\u2039la validit\u00e9 et l&rsquo;actualit\u00e9 de la pens\u00e9e du Pr\u00e9sident\u00a0 \u00ab\u00a0feu\u00a0\u00bb Ahmed S\u00e9kou Tour\u00e9 ou le temps plus que jamais de cultiver le patriotisme\u00a0 et de l&rsquo;Unit\u00e9 nationale\u203a\u203a.<\/div>\n<div dir=\"auto\"><\/div>\n<div dir=\"auto\">Selon le conf\u00e9rencier (Isma\u00ebl Cond\u00e9), la situation politique \u00e9conomique et socioculturelle donne parfaitement la raison \u00e0\u00a0 \u00ab\u00a0feu\u00a0\u00bb Ahmed S\u00e9kou Tour\u00e9 dans tous ses enseignements.<\/div>\n<div dir=\"auto\"><\/div>\n<div dir=\"auto\">\u2039\u2039Dans les ann\u00e9es 70 d\u00e9j\u00e0, le pr\u00e9sident Ahmed Sekou Tour\u00e9 enseignait que\u00a0 la multiplicit\u00e9 des partis politiques et des organisations syndicales peut entra\u00eener dans un pays la division politique et syndicales,l&rsquo;\u00e9miettement et l&rsquo;\u00e9parpillement des forces du peuple, la d\u00e9magogie et les luttes fratricides. Nous ne devons pas par une consid\u00e9ration superficielle ce qu&rsquo;il y a cours dans les vieilles nations, nous laiss\u00e9s aller \u00e0 des mim\u00e9tismes st\u00e9riles susceptible m\u00eame de nous compromettre\u00a0 dans la t\u00e2che historique d&rsquo;\u00e9difier la nation\u203a\u203a, a rappel\u00e9 Isma\u00efl Cond\u00e9.<\/div>\n<div dir=\"auto\"><\/div>\n<div dir=\"auto\"><\/div>\n<div dir=\"auto\">Avant d&rsquo;expliquer :\u2039\u2039 \u00c0 la lumi\u00e8re des r\u00e9alit\u00e9s produitent par le multipartisme,un syst\u00e8me qui nous a \u00e9t\u00e9 impos\u00e9 par le 16\u00e8me sommet de la conf\u00e9rence franco-Africaine tenu en France \u00e0 la Gaulle en 1990. Depuis que ce syst\u00e8me a exist\u00e9 en Guin\u00e9e et en Afrique quelle est l&rsquo;\u00e9lection qui a \u00e9t\u00e9 organis\u00e9e sans violence? Le multipartisme est source de\u00a0 toutes les divisions ethniques\u00a0 parce que la formation des partis politiques se fait sur la base des ethnies. Cette r\u00e9alit\u00e9 donne raison aux id\u00e9es avanc\u00e9es par le \u00ab\u00a0feu\u00a0\u00bb pr\u00e9sident Ahmed S\u00e9kou Tour\u00e9\u203a\u203a.<\/div>\n<div dir=\"auto\"><\/div>\n<div dir=\"auto\"><\/div>\n<div dir=\"auto\"><\/div>\n<div dir=\"auto\">Pour mettre un terme\u00a0 \u00e0 ses propos, M. Isma\u00efl Cond\u00e9 a lanc\u00e9\u00a0 un appel solennel aux guin\u00e9ens de s&rsquo;affranchir \u00e0 toute division ethnique et de combattre l&rsquo;esprit de cupidit\u00e9 et d&rsquo;ethnocentriste.<\/div>\n<div dir=\"auto\"><\/div>\n<div dir=\"auto\">Oumar konat\u00e9 pour\u00a0<a href=\"https:\/\/conakrynews.org\/\" target=\"_blank\" rel=\"noopener noreferrer\" data-saferedirecturl=\"https:\/\/www.google.com\/url?q=https:\/\/conakrynews.org&amp;source=gmail&amp;ust=1622965388426000&amp;usg=AFQjCNE3601wwxQWs9Y_TlNfvXn5q_VF2w\">www.conakrynews.org<\/a><\/div>\n<\/div>\n<\/div>\n<\/div>\n<div class=\"mail-message-footer spacer collapsible\"><\/div>\n<\/div>\n","protected":false},"excerpt":{"rendered":"<p>Le pr\u00e9sident\u00a0 du parti pour la R\u00e9volution Populaire Africaine de Guin\u00e9e \u00ab\u00a0PRPAG\u00a0\u00bb, a anim\u00e9 une conf\u00e9rence de presse ce jeudi,03 juin \u00e0 Conakry.Cette\u00a0 conf\u00e9rence avait pour th\u00e8me:\u2039\u2039la validit\u00e9 et l&rsquo;actualit\u00e9 de la pens\u00e9e du Pr\u00e9sident\u00a0 \u00ab\u00a0feu\u00a0\u00bb Ahmed S\u00e9kou Tour\u00e9 ou le temps plus que jamais de cultiver le patriotisme\u00a0 et de l&rsquo;Unit\u00e9 nationale\u203a\u203a. Selon le [&hellip;]<\/p>\n","protected":false},"author":2,"featured_media":8804,"comment_status":"closed","ping_status":"closed","sticky":false,"template":"","format":"standard","meta":{"footnotes":""},"categories":[57],"tags":[],"class_list":{"0":"post-8800","1":"post","2":"type-post","3":"status-publish","4":"format-standard","5":"has-post-thumbnail","7":"category-politique"},"_links":{"self":[{"href":"https:\/\/conakrynews.org\/index.php\/wp-json\/wp\/v2\/posts\/8800","targetHints":{"allow":["GET"]}}],"collection":[{"href":"https:\/\/conakrynews.org\/index.php\/wp-json\/wp\/v2\/posts"}],"about":[{"href":"https:\/\/conakrynews.org\/index.php\/wp-json\/wp\/v2\/types\/post"}],"author":[{"embeddable":true,"href":"https:\/\/conakrynews.org\/index.php\/wp-json\/wp\/v2\/users\/2"}],"replies":[{"embeddable":true,"href":"https:\/\/conakrynews.org\/index.php\/wp-json\/wp\/v2\/comments?post=8800"}],"version-history":[{"count":0,"href":"https:\/\/conakrynews.org\/index.php\/wp-json\/wp\/v2\/posts\/8800\/revisions"}],"wp:featuredmedia":[{"embeddable":true,"href":"https:\/\/conakrynews.org\/index.php\/wp-json\/wp\/v2\/media\/8804"}],"wp:attachment":[{"href":"https:\/\/conakrynews.org\/index.php\/wp-json\/wp\/v2\/media?parent=8800"}],"wp:term":[{"taxonomy":"category","embeddable":true,"href":"https:\/\/conakrynews.org\/index.php\/wp-json\/wp\/v2\/categories?post=8800"},{"taxonomy":"post_tag","embeddable":true,"href":"https:\/\/conakrynews.org\/index.php\/wp-json\/wp\/v2\/tags?post=8800"}],"curies":[{"name":"wp","href":"https:\/\/api.w.org\/{rel}","templated":true}]}}