{"id":8852,"date":"2021-06-08T13:55:59","date_gmt":"2021-06-08T13:55:59","guid":{"rendered":"https:\/\/conakrynews.org\/?p=8852"},"modified":"2021-06-08T15:04:56","modified_gmt":"2021-06-08T15:04:56","slug":"guinee-lexpertise-france-offre-des-equipements-a-la-brigade-speciale-de-protection-des-personnes-vulnerables","status":"publish","type":"post","link":"https:\/\/conakrynews.org\/index.php\/guinee-lexpertise-france-offre-des-equipements-a-la-brigade-speciale-de-protection-des-personnes-vulnerables\/","title":{"rendered":"Guin\u00e9e: L\u2019Expertise France offre des \u00e9quipements \u00e0 la Brigade Sp\u00e9ciale de Protection des Personnes Vuln\u00e9rables"},"content":{"rendered":"<h1 class=\"name post-title entry-title\"><\/h1>\n<div class=\"clear\"><\/div>\n<div class=\"entry\">\n<p>Dans le cadre de la lutte contre la traite des personnes vuln\u00e9rables dans les pays de golf de Guin\u00e9e, l\u2019Union Europ\u00e9enne \u00e0 travers l\u2019Expertise France et le minist\u00e8re de l\u2019action sociale a proc\u00e9d\u00e9 ce lundi 07 juin 2021, \u00e0 la remise officielle des \u00e9quipements informatiques \u00e0 la Brigade Sp\u00e9ciale de Protection des Personnes Vuln\u00e9rables, a constat\u00e9 notre reporter.<\/p>\n<p>&nbsp;<\/p>\n<p>La remise de ce don constitu\u00e9 de mobiliers de bureaux et de mat\u00e9riels informatiques s\u2019inscrit dans le cadre de lutter contre les auteurs de la traite des personnes vuln\u00e9rables.<\/p>\n<p>&nbsp;<\/p>\n<p>Dans son discours, la ministre de l\u2019action sociale, Hadja A\u00efssata Daff\u00e9 a affirm\u00e9 que : \u00ab lutter contre la traite des personnes vuln\u00e9rables est un grand projet au niveau des Pays du Golfe de Guin\u00e9e. Ce projet dont le lancement officiel date de plus d\u2019un an vise \u00e0 appuyer les efforts du Gouvernement dans la lutte contre cette pratique dans notre pays. En d\u00e9pit de l\u2019absence de statistiques fiables sur le ph\u00e9nom\u00e8ne, force est de reconnaitre que la traite des personnes est une r\u00e9alit\u00e9 dans notre pays comme le prouvent les derniers rapports du D\u00e9partement d\u2019Etat Am\u00e9ricain et les nombreux cas document\u00e9s et rapport\u00e9s par nos Services d\u00e9concentr\u00e9s \u00bb.<\/p>\n<p>&nbsp;<\/p>\n<p>\u00ab Ces \u00e9quipements contribueront sans nul doute \u00e0 accroitre les capacit\u00e9s d\u2019intervention de la Brigade Sp\u00e9ciale afin d\u2019interpeller les auteurs de la traite des personnes, les livrer \u00e0 la justice et assurer une meilleure protection des victimes. Je tiens une fois de plus \u00e0 vous r\u00e9it\u00e9rer l\u2019engagement du Gouvernement Guin\u00e9en \u00e0 faire de la lutte contre la traite des personnes, une priorit\u00e9 inscrite au centre de ses pr\u00e9occupations \u00bb, Indique-t-elle Mme Daff\u00e9.<\/p>\n<p>&nbsp;<\/p>\n<p>De son c\u00f4t\u00e9, Oumar Dian\u00e9, Chef du projet, a soulign\u00e9 que ce geste vient renforcer les capacit\u00e9s des acteurs de la sc\u00e8ne p\u00e9nale.<\/p>\n<p>\u00ab Aujourd\u2019hui \u00e0 travers le deuxi\u00e8me axe du projet qui est celui de renforcer les capacit\u00e9s des acteurs de la sc\u00e8ne p\u00e9nale bien qu\u2019un diagnostic de la sc\u00e8ne p\u00e9nale en mati\u00e8re de traite des personnes a \u00e9t\u00e9 r\u00e9alis\u00e9.\u00a0 Nous sommes heureux d\u2019appuyer l\u2019effort du Minist\u00e8re de l\u2019action sociale \u00e0 travers le comit\u00e9 national de lutte contre la traite des personnes qui a d\u00e9cid\u00e9 d\u2019apporter son appui \u00e0 la Brigade sp\u00e9ciale de protection des personnes vuln\u00e9rables afin que cette derni\u00e8re soit plus efficace dans la r\u00e9pression des infractions relatives \u00e0 la traite des personnes d\u00e9munies\u00a0\u00bb.<\/p>\n<p>&nbsp;<\/p>\n<p>Plus loin, il a remerci\u00e9 la d\u00e9l\u00e9gation de l\u2019Union europ\u00e9enne et de la coop\u00e9ration fran\u00e7aise qui assistent la Gendarmerie nationale guin\u00e9enne dans ses efforts avant de r\u00e9it\u00e9rer leur engagement \u00e0 accompagner les autorit\u00e9s dans sa lutte contre la traite des personnes.<\/p>\n<p>&nbsp;<\/p>\n<p>Pour le G\u00e9n\u00e9ral de Brigade Ibrahima Bald\u00e9, il s\u2019est r\u00e9joui de ce geste de l\u2019Union Europ\u00e9enne \u00e0 travers l\u2019Expertise France tout en pr\u00e9cisant que cette brigade a commenc\u00e9 avec un seul pied et aujourd\u2019hui avec le renforcement des capacit\u00e9s au niveau de la formation et au niveau des \u00e9quipements, l\u2019\u00e9quipe est en train de s\u2019\u00e9tendre sur l\u2019ensemble du territoire de la Guin\u00e9e.<\/p>\n<p>&nbsp;<\/p>\n<p>\u00ab\u00a0 Aujourd\u2019hui cette brigade parle de la protection des personnes vuln\u00e9rables qui est d\u00e9finie sur l\u2019ensemble des pr\u00e9fectures de la R\u00e9publique, ses missions et ses attributions sont concentr\u00e9es par un repr\u00e9sentant\u00a0 pour que les statistiques et les proc\u00e9dures sont centralis\u00e9es au niveau de Conakry \u00bb, annonce-t-il le g\u00e9n\u00e9ral Bald\u00e9.<\/p>\n<p>&nbsp;<\/p>\n<p><strong>Mohamed Keita pour guineequotidien.com<\/strong><\/p>\n<\/div>\n<div class=\"share-post\">\n<ul class=\"flat-social\">\n<li><\/li>\n<\/ul>\n<\/div>\n","protected":false},"excerpt":{"rendered":"<p>Dans le cadre de la lutte contre la traite des personnes vuln\u00e9rables dans les pays de golf de Guin\u00e9e, l\u2019Union Europ\u00e9enne \u00e0 travers l\u2019Expertise France et le minist\u00e8re de l\u2019action sociale a proc\u00e9d\u00e9 ce lundi 07 juin 2021, \u00e0 la remise officielle des \u00e9quipements informatiques \u00e0 la Brigade Sp\u00e9ciale de Protection des Personnes Vuln\u00e9rables, a [&hellip;]<\/p>\n","protected":false},"author":2,"featured_media":8853,"comment_status":"closed","ping_status":"closed","sticky":false,"template":"","format":"standard","meta":{"footnotes":""},"categories":[58],"tags":[],"class_list":{"0":"post-8852","1":"post","2":"type-post","3":"status-publish","4":"format-standard","5":"has-post-thumbnail","7":"category-societe"},"_links":{"self":[{"href":"https:\/\/conakrynews.org\/index.php\/wp-json\/wp\/v2\/posts\/8852","targetHints":{"allow":["GET"]}}],"collection":[{"href":"https:\/\/conakrynews.org\/index.php\/wp-json\/wp\/v2\/posts"}],"about":[{"href":"https:\/\/conakrynews.org\/index.php\/wp-json\/wp\/v2\/types\/post"}],"author":[{"embeddable":true,"href":"https:\/\/conakrynews.org\/index.php\/wp-json\/wp\/v2\/users\/2"}],"replies":[{"embeddable":true,"href":"https:\/\/conakrynews.org\/index.php\/wp-json\/wp\/v2\/comments?post=8852"}],"version-history":[{"count":0,"href":"https:\/\/conakrynews.org\/index.php\/wp-json\/wp\/v2\/posts\/8852\/revisions"}],"wp:featuredmedia":[{"embeddable":true,"href":"https:\/\/conakrynews.org\/index.php\/wp-json\/wp\/v2\/media\/8853"}],"wp:attachment":[{"href":"https:\/\/conakrynews.org\/index.php\/wp-json\/wp\/v2\/media?parent=8852"}],"wp:term":[{"taxonomy":"category","embeddable":true,"href":"https:\/\/conakrynews.org\/index.php\/wp-json\/wp\/v2\/categories?post=8852"},{"taxonomy":"post_tag","embeddable":true,"href":"https:\/\/conakrynews.org\/index.php\/wp-json\/wp\/v2\/tags?post=8852"}],"curies":[{"name":"wp","href":"https:\/\/api.w.org\/{rel}","templated":true}]}}