{"id":8856,"date":"2021-06-08T14:04:26","date_gmt":"2021-06-08T14:04:26","guid":{"rendered":"https:\/\/conakrynews.org\/?p=8856"},"modified":"2021-06-08T15:04:26","modified_gmt":"2021-06-08T15:04:26","slug":"sahel-larmee-allemande-envoie-trois-helicopteres","status":"publish","type":"post","link":"https:\/\/conakrynews.org\/index.php\/sahel-larmee-allemande-envoie-trois-helicopteres\/","title":{"rendered":"Sahel : L\u2019arm\u00e9e allemande envoie trois h\u00e9licopt\u00e8res"},"content":{"rendered":"<h1 class=\"name post-title entry-title\">Sahel<\/h1>\n<p class=\"post-meta\">\n<div class=\"clear\"><\/div>\n<div class=\"entry\">\n<p class=\"teaser\">Le transfert de ces appareils a eu lieu \u00ab en soutien \u00bb \u00e0 l\u2019op\u00e9ration \u00ab Gazelle \u00bb, bas\u00e9e au Niger.<\/p>\n<p><span class=\"dateline\">Tunis\u00a0<span class=\"credit\">(dpa)<\/span>\u00a0\u2013\u00a0<\/span>L\u2019Arm\u00e9e allemande (Bundeswehr) a envoy\u00e9 trois h\u00e9licopt\u00e8res au Sahel pour servir dans la mission de ses forces sp\u00e9ciales bas\u00e9es dans cette r\u00e9gion. Le transfert de ces appareils a eu lieu \u00ab en soutien \u00bb \u00e0 l\u2019op\u00e9ration \u00ab Gazelle \u00bb, bas\u00e9e au Niger, a d\u00e9clar\u00e9, \u00e0 la dpa, un porte-parole du minist\u00e8re f\u00e9d\u00e9ral allemand de la D\u00e9fense. Des nageurs de combat allemands participent \u00e0 cette op\u00e9ration en entra\u00eenent des forces sp\u00e9ciales du Niger.<\/p>\n<p>L\u2019op\u00e9ration Gazelle est incorpor\u00e9e \u00e0 la\u00a0<a class=\"externalLink\" href=\"https:\/\/eutmmali.eu\/\" target=\"_blank\" rel=\"noopener noreferrer\">Mission de formation de l\u2019Union europ\u00e9enne au Mali<\/a>\u00a0(EUTM Mali). Cette Mission est \u00e9tablie, en 2013, \u00e0 la demande du Mali dont l\u2019Arm\u00e9e souffre d\u2019une p\u00e9nurie de personnel militaire qualifi\u00e9, et compte sur la coop\u00e9ration internationale pour satisfaire ses besoins en formation. L\u2019EUTM Mali contribue \u00e0 am\u00e9liorer les capacit\u00e9s op\u00e9rationnelles des forces arm\u00e9es maliennes en fournissant des conseils, des actions de formation, un enseignement et un encadrement militaires. Ses t\u00e2ches, ne comprenant pas d\u2019op\u00e9rations de combat, sont effectu\u00e9es sous le contr\u00f4le des autorit\u00e9s civiles du Mali.<\/p>\n<p>En 2020, l\u2019UE a prolong\u00e9, jusqu\u2019au 18 mai 2024, le mandat de l\u2019EUTM Mali et l\u2019a habilit\u00e9e de fournir une assistance militaire aux forces arm\u00e9es nationales des \u00c9tats membres du Groupe des cinq pays du Sahel (G5 Sahel) comprenant le Mali, le Niger, le Tchad, le Burkina Faso et la Mauritanie, ainsi qu\u2019\u00e0 la \u00ab Force conjointe \u00bb du G5 Sahel. Le Parlement allemand (Bundestag) a vot\u00e9, le 19 mai, une prorogation d\u2019une nouvelle ann\u00e9e, allant du 1er juin 2021 au 31 mai 2022, du mandat de la Bundeswehr \u00e0 l\u2019EUTM Mali. Il a \u00e9galement autoris\u00e9 de porter le nombre maximum de soldats allemands participant \u00e0 cette Mission, de 450 \u00e0 600.<\/p>\n<p>La prorogation du mandat de la Bundeswehr \u00e0 l\u2019EUTM Mali co\u00fbtera \u00e0 l\u2019Allemagne environ 117,5 millions d\u2019euros, a fait savoir le Bundestag, citant des chiffres fournis par le gouvernement f\u00e9d\u00e9ral allemand. L\u2019Allemagne prendra, en juillet prochain, le commandement de l\u2019EUTM Mali. Les soldats allemands ne participent pas aux op\u00e9rations de combat. Ils fournissent des conseils et de la formation en mati\u00e8re militaire aux forces arm\u00e9es maliennes. Depuis 2012, le Mali, et le Sahel en g\u00e9n\u00e9ral, sont confront\u00e9s \u00e0 une crise s\u00e9curitaire profonde conjugu\u00e9e \u00e0 d\u2019autres tendances de long terme comme le changement climatique, la pression d\u00e9mographique, la rar\u00e9faction des ressources naturelles et les risques \u00e9pid\u00e9miques.<\/p>\n<p>&nbsp;<\/p>\n<p><strong>Avec dpa-news<\/strong><\/p>\n<\/div>\n<div class=\"share-post\">\n<ul class=\"flat-social\">\n<li><\/li>\n<\/ul>\n<\/div>\n","protected":false},"excerpt":{"rendered":"<p>Sahel Le transfert de ces appareils a eu lieu \u00ab en soutien \u00bb \u00e0 l\u2019op\u00e9ration \u00ab Gazelle \u00bb, bas\u00e9e au Niger. Tunis\u00a0(dpa)\u00a0\u2013\u00a0L\u2019Arm\u00e9e allemande (Bundeswehr) a envoy\u00e9 trois h\u00e9licopt\u00e8res au Sahel pour servir dans la mission de ses forces sp\u00e9ciales bas\u00e9es dans cette r\u00e9gion. Le transfert de ces appareils a eu lieu \u00ab en soutien \u00bb [&hellip;]<\/p>\n","protected":false},"author":2,"featured_media":8857,"comment_status":"closed","ping_status":"closed","sticky":false,"template":"","format":"standard","meta":{"footnotes":""},"categories":[58],"tags":[],"class_list":{"0":"post-8856","1":"post","2":"type-post","3":"status-publish","4":"format-standard","5":"has-post-thumbnail","7":"category-societe"},"_links":{"self":[{"href":"https:\/\/conakrynews.org\/index.php\/wp-json\/wp\/v2\/posts\/8856","targetHints":{"allow":["GET"]}}],"collection":[{"href":"https:\/\/conakrynews.org\/index.php\/wp-json\/wp\/v2\/posts"}],"about":[{"href":"https:\/\/conakrynews.org\/index.php\/wp-json\/wp\/v2\/types\/post"}],"author":[{"embeddable":true,"href":"https:\/\/conakrynews.org\/index.php\/wp-json\/wp\/v2\/users\/2"}],"replies":[{"embeddable":true,"href":"https:\/\/conakrynews.org\/index.php\/wp-json\/wp\/v2\/comments?post=8856"}],"version-history":[{"count":0,"href":"https:\/\/conakrynews.org\/index.php\/wp-json\/wp\/v2\/posts\/8856\/revisions"}],"wp:featuredmedia":[{"embeddable":true,"href":"https:\/\/conakrynews.org\/index.php\/wp-json\/wp\/v2\/media\/8857"}],"wp:attachment":[{"href":"https:\/\/conakrynews.org\/index.php\/wp-json\/wp\/v2\/media?parent=8856"}],"wp:term":[{"taxonomy":"category","embeddable":true,"href":"https:\/\/conakrynews.org\/index.php\/wp-json\/wp\/v2\/categories?post=8856"},{"taxonomy":"post_tag","embeddable":true,"href":"https:\/\/conakrynews.org\/index.php\/wp-json\/wp\/v2\/tags?post=8856"}],"curies":[{"name":"wp","href":"https:\/\/api.w.org\/{rel}","templated":true}]}}