{"id":8870,"date":"2021-06-09T15:59:16","date_gmt":"2021-06-09T15:59:16","guid":{"rendered":"https:\/\/conakrynews.org\/2021\/06\/09\/mali-suspensions-des-operations-militaires-avec-le-mali-des-raisons-de-plus-pour-assimi-goita-de-faire-appel-a-dautres-allies-militaires-pour-aider-le-mali-a-se-relever\/"},"modified":"2021-06-09T16:12:42","modified_gmt":"2021-06-09T16:12:42","slug":"mali-suspensions-des-operations-militaires-avec-le-mali-des-raisons-de-plus-pour-assimi-goita-de-faire-appel-a-dautres-allies-militaires-pour-aider-le-mali-a-se-relever","status":"publish","type":"post","link":"https:\/\/conakrynews.org\/index.php\/mali-suspensions-des-operations-militaires-avec-le-mali-des-raisons-de-plus-pour-assimi-goita-de-faire-appel-a-dautres-allies-militaires-pour-aider-le-mali-a-se-relever\/","title":{"rendered":"Mali: Suspensions des op\u00e9rations militaires avec le Mali : Des raisons de plus pour Assimi Go\u00efta de faire appel \u00e0 d\u2019autres alli\u00e9s militaires pour aider le Mali \u00e0 se relever"},"content":{"rendered":"<p><\/p>\n<div>\n<h2>Depuis\u00a0 le second\u00a0 coup\u00a0 de force perp\u00e9tr\u00e9 le\u00a0 24 mai 2021 par le colonel AssimiGo\u00efta\u00a0 non\u00a0 moins vice-pr\u00e9sident de la transition, le Mali assiste \u00e0 des suspensions de la part des organisations internationales. Il s\u2019agit de la Communaut\u00e9 \u00e9conomique des \u00c9tats de l\u2019Afrique de l\u2019Ouest (CEDEAO), de l\u2019Union Africaine, de\u00a0 l\u2019Organisation\u00a0 internationale de la Francophonie. Sur le plan militaire, les Etats-Unis d\u2019Am\u00e9rique, la France ont aussi d\u00e9cid\u00e9, \u00e0 travers des communiqu\u00e9s, de suspendre\u00a0 leurs op\u00e9rations \u2028 militaires avec les Forces Arm\u00e9es Maliennes et de S\u00e9curit\u00e9 (FAMAS).<\/h2>\n<h4>Ces sanctions en disent long sur la nature d\u2019aide, de soutien que ces partenaires africains, am\u00e9ricains et fran\u00e7ais veulent apporter au Mali. Depuis 2012, le Mali est en guerre contre les terroristes, les djihadistes, sa partition, l\u2019instrumentalisation des ethnies les unes contre les autres pour\u00a0 alimenter la haine entre elles. Pourtant ces gens vivaient depuis des si\u00e8cles\u00a0 dans le cousinage \u00e0 plaisanterie, dans l\u2019harmonie, dans la paix, dans la coh\u00e9sion, dans\u00a0 l\u2019entraide sans probl\u00e8me. En suspendant leurs coop\u00e9rations militaires au moment o\u00f9 le pays\u00a0 \u00e0 plus besoin\u00a0 d\u2019eux, l\u2019on\u00a0 s\u2019interroge\u00a0 si r\u00e9ellement les \u00abamis\u00bb du Mali veulent l\u2019aider \u00e0 sortir\u00a0 de\u00a0 cette guerre\u00a0 qui\u00a0 lui a \u00e9t\u00e9 impos\u00e9e.<\/h4>\n<p>Veulent-ils que\u00a0 le Mali\u00a0 soit un havre\u00a0 de paix comme\u00a0 dans le temps?\u00a0 Si c\u2019est le cas, le citoyen malien s\u2019interroge en tout cas du bien fond\u00e9\u00a0 des suspensions des op\u00e9rations militaires\u00a0 des ces pays \u00abamis\u00bb avec\u00a0 les FAMAS. Est-ce pour faciliter encore que le pays tombe dans une position\u00a0 de faiblesse\u00a0 pour forcer\u00a0 les dirigeants actuels\u00a0 \u00e0 accepter\u00a0 l\u2019inacceptable\u00a0 pour\u00a0 favoriser\u00a0 la partition\u00a0 du pays? Comme le dit un adage\u00a0:\u00a0\u00ab\u00a0A quelque\u00a0 chose malheur est bon.\u00a0\u00bb Si les Etats-Unis et\u00a0 la France d\u00e9cident en toute souverainet\u00e9 de suspendre leurs op\u00e9rations militaires avec le Mali, c\u2019est\u00a0 de leur plein droit. Cela est de bons augures pour\u00a0 nos dirigeants actuels\u00a0 qui\u00a0 ne peuvent\u00a0 rester\u00a0 les bras crois\u00e9s\u00a0 sans chercher\u00a0 des solutions \u00e0 ce vide laiss\u00e9 en cette p\u00e9riode critique pour le pays. En toute souverainet\u00e9 aussi, notre\u00a0 pays, le Mali, a \u00e9galement \u00a0le plein droit de\u00a0 se frayer des chemins pour se\u00a0 trouver\u00a0 d\u2019autres\u00a0 alli\u00e9s militaires afin de l\u2019\u00e9pauler dans sa lutte contre les forces du mal du pays depuis pr\u00e8s de 10 ans. C\u2019est\u00a0 donc l\u2019occasion inou\u00efe\u00a0 pour\u00a0 elles (autorit\u00e9s actuelles du pays) de\u00a0 signer\u00a0 le plut\u00f4t\u00a0 possible d\u2019autres alliances militaires. Ce qui est d\u2019ailleurs demand\u00e9, souhait\u00e9 par\u00a0 beaucoup de\u00a0 Maliens. En le faisant, les autorit\u00e9s actuelles ne feront que r\u00e9pondre favorablement\u00a0 \u00e0 la demande et au souhait formul\u00e9 par le peuple pour lequel d\u2019ailleurs elles sont l\u00e0.<\/p>\n<div>\n<p><span class=\"ctaText\">A lire aussi :<\/span>\u00a0\u00a0<span class=\"postTitle\">Mali : Les d\u00e9put\u00e9s donnent leur quitus au Collectif budg\u00e9taire 2014 : L\u2019achat de l\u2019avion pr\u00e9sidentiel et le march\u00e9 d\u2019armes pour l\u2019arm\u00e9e d\u00e9sormais l\u00e9gaux<\/span><\/p>\n<\/div>\n<p><strong>Hadama B. Fofana\u00a0<\/strong><\/p>\n<p><strong>Source: Le R\u00e9publicain- Mali<\/strong><\/p>\n<\/div>\n","protected":false},"excerpt":{"rendered":"<p>Depuis\u00a0 le second\u00a0 coup\u00a0 de force perp\u00e9tr\u00e9 le\u00a0 24 mai 2021 par le colonel AssimiGo\u00efta\u00a0 non\u00a0 moins vice-pr\u00e9sident de la transition, le Mali assiste \u00e0 des suspensions de la part des organisations internationales. Il s\u2019agit de la Communaut\u00e9 \u00e9conomique des \u00c9tats de l\u2019Afrique de l\u2019Ouest (CEDEAO), de l\u2019Union Africaine, de\u00a0 l\u2019Organisation\u00a0 internationale de la Francophonie. [&hellip;]<\/p>\n","protected":false},"author":2,"featured_media":8871,"comment_status":"closed","ping_status":"closed","sticky":false,"template":"","format":"standard","meta":{"footnotes":""},"categories":[58],"tags":[],"class_list":{"0":"post-8870","1":"post","2":"type-post","3":"status-publish","4":"format-standard","5":"has-post-thumbnail","7":"category-societe"},"_links":{"self":[{"href":"https:\/\/conakrynews.org\/index.php\/wp-json\/wp\/v2\/posts\/8870","targetHints":{"allow":["GET"]}}],"collection":[{"href":"https:\/\/conakrynews.org\/index.php\/wp-json\/wp\/v2\/posts"}],"about":[{"href":"https:\/\/conakrynews.org\/index.php\/wp-json\/wp\/v2\/types\/post"}],"author":[{"embeddable":true,"href":"https:\/\/conakrynews.org\/index.php\/wp-json\/wp\/v2\/users\/2"}],"replies":[{"embeddable":true,"href":"https:\/\/conakrynews.org\/index.php\/wp-json\/wp\/v2\/comments?post=8870"}],"version-history":[{"count":0,"href":"https:\/\/conakrynews.org\/index.php\/wp-json\/wp\/v2\/posts\/8870\/revisions"}],"wp:featuredmedia":[{"embeddable":true,"href":"https:\/\/conakrynews.org\/index.php\/wp-json\/wp\/v2\/media\/8871"}],"wp:attachment":[{"href":"https:\/\/conakrynews.org\/index.php\/wp-json\/wp\/v2\/media?parent=8870"}],"wp:term":[{"taxonomy":"category","embeddable":true,"href":"https:\/\/conakrynews.org\/index.php\/wp-json\/wp\/v2\/categories?post=8870"},{"taxonomy":"post_tag","embeddable":true,"href":"https:\/\/conakrynews.org\/index.php\/wp-json\/wp\/v2\/tags?post=8870"}],"curies":[{"name":"wp","href":"https:\/\/api.w.org\/{rel}","templated":true}]}}