{"id":8884,"date":"2021-06-09T20:59:35","date_gmt":"2021-06-09T20:59:35","guid":{"rendered":"https:\/\/conakrynews.org\/?p=8884"},"modified":"2021-06-10T11:56:28","modified_gmt":"2021-06-10T11:56:28","slug":"non-paiement-de-la-subvention-des-medias-la-colere-grandit-dans-la-presse","status":"publish","type":"post","link":"https:\/\/conakrynews.org\/index.php\/non-paiement-de-la-subvention-des-medias-la-colere-grandit-dans-la-presse\/","title":{"rendered":"Non-paiement de la subvention des m\u00e9dias : la col\u00e8re grandit dans la presse\u00a0!"},"content":{"rendered":"<h1><\/h1>\n<p>Le retard du paiement de la subvention des m\u00e9dias priv\u00e9s en Guin\u00e9e pour les ann\u00e9es 2020 et 2021 suscite de vives r\u00e9actions chez les patrons de presse et responsables des associations de presse.<\/p>\n<p>Au cours d\u2019un entretien accord\u00e9 \u00e0 la r\u00e9daction d\u2019avenirguinee ce mercredi, 09 juin, Aboubacar Camara, pr\u00e9sident par int\u00e9rim de l\u2019Union des Radios et t\u00e9l\u00e9visions libres de Guin\u00e9e (URTELGUI), dit que ce retard est une violation de la loi organique :\u00a0\u00ab\u00a0En mati\u00e8re de la subvention, g\u00e9n\u00e9ralement, dans les conditions normales, il n\u2019y a pas de d\u00e9marches \u00e0 faire, c\u2019est une loi organique institutionnelle accord\u00e9e \u00e0 cette presse priv\u00e9e de Guin\u00e9e. Donc, dans les conditions normales, le gouvernement devrait payer\u00a0\u00bb,\u00a0dit-il, rappelant ensuite qu\u2019en 2020,\u00a0\u00ab\u00a0la subvention n\u2019a pas \u00e9t\u00e9 pay\u00e9e jusqu\u2019\u00e0 date et, nous avons m\u00eame appris dans les couloirs qu\u2019il a \u00e9t\u00e9 d\u00e9cid\u00e9 que toutes d\u00e9penses non ex\u00e9cut\u00e9es \u00e0 ce jour soit tout simplement annul\u00e9es. Et, la subvention de 2020 en fait partie\u00a0\u00bb.<\/p>\n<p>Bien qu\u2019elle soit un droit pour les b\u00e9n\u00e9ficiaires, le pr\u00e9sident de L\u2019URTELGUI et ses pairs ont fait quelques d\u00e9marches pour au moins avoir la subvention de 2021:\u00ab\u00a0nous avons quand m\u00eame pris l\u2019initiative de\u00a0 faire quelques d\u00e9marches pour rencontrer les autorit\u00e9s. Et, l\u2019assurance nous a \u00e9t\u00e9 donn\u00e9e pour le paiement de la subvention pour l\u2019exercice 2021. Donc, cela fait aussi deux mois depuis que nous avons re\u00e7u cette garantie\u00a0\u00bb,\u00a0souligne l\u2019actuel patron de l\u2019ULTELGUI.<\/p>\n<p>Quant au patron du journal \u00ab\u00a0<u>le patriarche<\/u>\u00a0\u00bb et membre du bureau de l\u2019AGEPI, Morel Andr\u00e9 Gaston pr\u00e9cise qu\u2019\u00a0: \u00ab\u00a0une presse libre, une presse qui travaille dans les r\u00e8gles de l\u2019art, doit \u00eatre subventionn\u00e9e. Et, la subvention n\u2019est pas l\u2019aum\u00f4ne, c\u2019est un droit qui a \u00e9t\u00e9 vot\u00e9 \u00e0 l\u2019Assembl\u00e9e Nationale. Je me rappelle\u00a0que c\u2019est 14 milliards GNF qui a \u00e9t\u00e9 vot\u00e9 mais, le gouvernement donne 5 milliards, parfois 2 milliards. Mais, la loi voudrait qu\u2019on subventionne la presse priv\u00e9e\u00a0\u00bb, a martel\u00e9 ce journaliste.<a href=\"https:\/\/www.avenirguinee.net\/wp-content\/uploads\/2021\/06\/kalil.jpg\" target=\"_blank\" rel=\"noopener noreferrer\" data-saferedirecturl=\"https:\/\/www.google.com\/url?q=https:\/\/www.avenirguinee.net\/wp-content\/uploads\/2021\/06\/kalil.jpg&amp;source=gmail&amp;ust=1623358279731000&amp;usg=AFQjCNHfQjp1fXuR-sk4_thjA1bKXgwY8g\"><img loading=\"lazy\" decoding=\"async\" src=\"https:\/\/www.avenirguinee.net\/wp-content\/uploads\/2021\/06\/kalil-300x135.jpg\" alt=\"\" width=\"300\" height=\"135\" \/><\/a>De son c\u00f4t\u00e9, Ibrahima Kalil Sylla, responsable du bi-mensuel d&rsquo;informations \u00ab <u>la riposte<\/u>\u00ab\u00a0, lance un appel \u00e0 l\u2019endroit du gouvernement guin\u00e9en\u00a0\u00ab\u00a0Nous les responsables des m\u00e9dias, nous lan\u00e7ons un message au gouvernement d\u2019Alpha Cond\u00e9, \u00e0 prendre \u00e0 bras le corps la situation des m\u00e9dias priv\u00e9s parce qu\u2019on ne peut pas vivre dans la d\u00e9mocratie sans une presse libre autonome et ind\u00e9pendante\u00a0\u00bb.<\/p>\n<p>D\u2019apr\u00e8s des sources contact\u00e9es par avenirguinee, la maison de la presse est menac\u00e9e d\u2019\u00eatre ferm\u00e9e pour non-paiement des frais de loyer si rien n\u2019est fait d\u2019ici la fin du mois prochain.<\/p>\n<p>Ibrahima Sory Camara\u00a0pour\u00a0<a href=\"http:\/\/avenirguinee.net\/\" target=\"_blank\" rel=\"noopener noreferrer\" data-saferedirecturl=\"https:\/\/www.google.com\/url?q=http:\/\/avenirguinee.net\/&amp;source=gmail&amp;ust=1623358279731000&amp;usg=AFQjCNGk7H6xPot9fTmBEND1poYDa2iwQw\">avenirguinee.net<\/a><\/p>\n","protected":false},"excerpt":{"rendered":"<p>Le retard du paiement de la subvention des m\u00e9dias priv\u00e9s en Guin\u00e9e pour les ann\u00e9es 2020 et 2021 suscite de vives r\u00e9actions chez les patrons de presse et responsables des associations de presse. Au cours d\u2019un entretien accord\u00e9 \u00e0 la r\u00e9daction d\u2019avenirguinee ce mercredi, 09 juin, Aboubacar Camara, pr\u00e9sident par int\u00e9rim de l\u2019Union des Radios [&hellip;]<\/p>\n","protected":false},"author":2,"featured_media":8885,"comment_status":"closed","ping_status":"closed","sticky":false,"template":"","format":"standard","meta":{"footnotes":""},"categories":[58],"tags":[],"class_list":{"0":"post-8884","1":"post","2":"type-post","3":"status-publish","4":"format-standard","5":"has-post-thumbnail","7":"category-societe"},"_links":{"self":[{"href":"https:\/\/conakrynews.org\/index.php\/wp-json\/wp\/v2\/posts\/8884","targetHints":{"allow":["GET"]}}],"collection":[{"href":"https:\/\/conakrynews.org\/index.php\/wp-json\/wp\/v2\/posts"}],"about":[{"href":"https:\/\/conakrynews.org\/index.php\/wp-json\/wp\/v2\/types\/post"}],"author":[{"embeddable":true,"href":"https:\/\/conakrynews.org\/index.php\/wp-json\/wp\/v2\/users\/2"}],"replies":[{"embeddable":true,"href":"https:\/\/conakrynews.org\/index.php\/wp-json\/wp\/v2\/comments?post=8884"}],"version-history":[{"count":0,"href":"https:\/\/conakrynews.org\/index.php\/wp-json\/wp\/v2\/posts\/8884\/revisions"}],"wp:featuredmedia":[{"embeddable":true,"href":"https:\/\/conakrynews.org\/index.php\/wp-json\/wp\/v2\/media\/8885"}],"wp:attachment":[{"href":"https:\/\/conakrynews.org\/index.php\/wp-json\/wp\/v2\/media?parent=8884"}],"wp:term":[{"taxonomy":"category","embeddable":true,"href":"https:\/\/conakrynews.org\/index.php\/wp-json\/wp\/v2\/categories?post=8884"},{"taxonomy":"post_tag","embeddable":true,"href":"https:\/\/conakrynews.org\/index.php\/wp-json\/wp\/v2\/tags?post=8884"}],"curies":[{"name":"wp","href":"https:\/\/api.w.org\/{rel}","templated":true}]}}