{"id":8889,"date":"2021-06-09T21:07:41","date_gmt":"2021-06-09T21:07:41","guid":{"rendered":"https:\/\/conakrynews.org\/?p=8889"},"modified":"2021-06-10T11:56:45","modified_gmt":"2021-06-10T11:56:45","slug":"senegal-155-millions-usd-pour-reduire-les-risques-dinondation","status":"publish","type":"post","link":"https:\/\/conakrynews.org\/index.php\/senegal-155-millions-usd-pour-reduire-les-risques-dinondation\/","title":{"rendered":"S\u00e9n\u00e9gal : 155 millions USD pour r\u00e9duire les risques d\u2019inondation"},"content":{"rendered":"<h1 class=\"name post-title entry-title\"><\/h1>\n<p class=\"post-meta\">\n<div class=\"clear\"><\/div>\n<div class=\"entry\">\n<p class=\"teaser\">Les risques et les impacts des inondations ont \u00e9t\u00e9 exacerb\u00e9s par l\u2019urbanisation rapide au S\u00e9n\u00e9gal.<\/p>\n<p><span class=\"dateline\">Tunis\u00a0<span class=\"credit\">(dpa)<\/span>\u00a0\u2013\u00a0<\/span>La\u00a0<a class=\"externalLink\" href=\"https:\/\/www.banquemondiale.org\/fr\/home\" target=\"_blank\" rel=\"noopener noreferrer\">Banque mondiale<\/a>\u00a0(BM) a accord\u00e9, le 1er juin, un financement de 155 millions de dollars au S\u00e9n\u00e9gal pour l\u2019aider \u00e0 r\u00e9duire les risques d\u2019inondation dans les zones p\u00e9riurbaines de la capitale Dakar et \u00e0 am\u00e9liorer les capacit\u00e9s de planification et de gestion int\u00e9gr\u00e9es des risques d\u2019inondation dans certaines villes du pays. Ce fonds financera la deuxi\u00e8me phase du \u00ab Projet de gestion des eaux pluviales \u00bb (PROGEP 2) qui sera mis en \u0153uvre sur cinq ans (2021-2026).<\/p>\n<p>Le PROGEP 2 sera d\u00e9ploy\u00e9 dans la zone de \u00ab Keur Massar \u00bb (Ouest) et d\u2019autres r\u00e9gions du pays, a d\u00e9clar\u00e9 Oumar Gu\u00e8ye, ministre s\u00e9n\u00e9galais des Collectivit\u00e9s territoriales, du D\u00e9veloppement et de l\u2019Am\u00e9nagement des Territoires. Il va \u00ab impacter plus 120 mille personnes et permettre l\u2019am\u00e9nagement de la zone concern\u00e9e \u00bb, a ajout\u00e9 le ministre.<\/p>\n<p>Le S\u00e9n\u00e9gal est tr\u00e8s vuln\u00e9rable aux inondations et aux s\u00e9cheresses, ainsi qu\u2019\u00e0 l\u2019\u00e9rosion c\u00f4ti\u00e8re et \u00e0 la d\u00e9gradation des sols, qui peuvent mettre en p\u00e9ril les gains de d\u00e9veloppement et les moyens de subsistance, affecter la productivit\u00e9 et menacer la stabilit\u00e9 sociale, a soulign\u00e9 la BM. Le pays a \u00e9t\u00e9 fortement touch\u00e9 par des inondations urbaines en 2010, 2012 et plus r\u00e9cemment en 2020 en raison de l\u2019urbanisation rapide et de l\u2019extension de la ville dans les zones p\u00e9riurbaines avec des syst\u00e8mes de gestion des eaux pluviales insuffisants, provoquant l\u2019inondation des routes et des propri\u00e9t\u00e9s, a-t-on expliqu\u00e9.<\/p>\n<p>Les risques et les impacts des inondations ont \u00e9t\u00e9 exacerb\u00e9s par l\u2019urbanisation rapide, l\u2019obstruction du drainage et l\u2019augmentation du niveau des eaux souterraines, a-t-on relev\u00e9. La premi\u00e8re phase du PROGEP a permis \u00e0 pr\u00e8s de 1,3 million de personnes de b\u00e9n\u00e9ficier d\u2019une protection contre les inondations dans les zones p\u00e9riurbaines de Dakar, a-t-on rappel\u00e9.<\/p>\n<p>&nbsp;<\/p>\n<p><strong>Avec dpa-news<\/strong><\/p>\n<\/div>\n","protected":false},"excerpt":{"rendered":"<p>Les risques et les impacts des inondations ont \u00e9t\u00e9 exacerb\u00e9s par l\u2019urbanisation rapide au S\u00e9n\u00e9gal. Tunis\u00a0(dpa)\u00a0\u2013\u00a0La\u00a0Banque mondiale\u00a0(BM) a accord\u00e9, le 1er juin, un financement de 155 millions de dollars au S\u00e9n\u00e9gal pour l\u2019aider \u00e0 r\u00e9duire les risques d\u2019inondation dans les zones p\u00e9riurbaines de la capitale Dakar et \u00e0 am\u00e9liorer les capacit\u00e9s de planification et de [&hellip;]<\/p>\n","protected":false},"author":2,"featured_media":8890,"comment_status":"closed","ping_status":"closed","sticky":false,"template":"","format":"standard","meta":{"footnotes":""},"categories":[58],"tags":[],"class_list":{"0":"post-8889","1":"post","2":"type-post","3":"status-publish","4":"format-standard","5":"has-post-thumbnail","7":"category-societe"},"_links":{"self":[{"href":"https:\/\/conakrynews.org\/index.php\/wp-json\/wp\/v2\/posts\/8889","targetHints":{"allow":["GET"]}}],"collection":[{"href":"https:\/\/conakrynews.org\/index.php\/wp-json\/wp\/v2\/posts"}],"about":[{"href":"https:\/\/conakrynews.org\/index.php\/wp-json\/wp\/v2\/types\/post"}],"author":[{"embeddable":true,"href":"https:\/\/conakrynews.org\/index.php\/wp-json\/wp\/v2\/users\/2"}],"replies":[{"embeddable":true,"href":"https:\/\/conakrynews.org\/index.php\/wp-json\/wp\/v2\/comments?post=8889"}],"version-history":[{"count":0,"href":"https:\/\/conakrynews.org\/index.php\/wp-json\/wp\/v2\/posts\/8889\/revisions"}],"wp:featuredmedia":[{"embeddable":true,"href":"https:\/\/conakrynews.org\/index.php\/wp-json\/wp\/v2\/media\/8890"}],"wp:attachment":[{"href":"https:\/\/conakrynews.org\/index.php\/wp-json\/wp\/v2\/media?parent=8889"}],"wp:term":[{"taxonomy":"category","embeddable":true,"href":"https:\/\/conakrynews.org\/index.php\/wp-json\/wp\/v2\/categories?post=8889"},{"taxonomy":"post_tag","embeddable":true,"href":"https:\/\/conakrynews.org\/index.php\/wp-json\/wp\/v2\/tags?post=8889"}],"curies":[{"name":"wp","href":"https:\/\/api.w.org\/{rel}","templated":true}]}}