{"id":8893,"date":"2021-06-10T10:40:18","date_gmt":"2021-06-10T10:40:18","guid":{"rendered":"https:\/\/conakrynews.org\/?p=8893"},"modified":"2021-06-10T11:55:33","modified_gmt":"2021-06-10T11:55:33","slug":"le-president-du-ghana-nana-akufo-addo-effectuera-une-visite-de-travail-ce-jeudi-a-conakry","status":"publish","type":"post","link":"https:\/\/conakrynews.org\/index.php\/le-president-du-ghana-nana-akufo-addo-effectuera-une-visite-de-travail-ce-jeudi-a-conakry\/","title":{"rendered":"Le pr\u00e9sident du Ghana Nana Akufo-Addo effectuera une visite de travail ce jeudi \u00e0 Conakry!"},"content":{"rendered":"<div class=\"td-post-header\">\n<header class=\"td-post-title\">\n<h1 class=\"entry-title\"><\/h1>\n<div class=\"td-module-meta-info\">\n<div class=\"td-post-author-name\">\n<div class=\"td-author-by\"><\/div>\n<\/div>\n<\/div>\n<\/header>\n<\/div>\n<div class=\"td-post-sharing td-post-sharing-top \">\n<div class=\"td-default-sharing\"><i class=\"td-icon-facebook\"><\/i>\u00a0<i class=\"td-icon-twitter\"><\/i>\u00a0<i class=\"td-icon-googleplus\"><\/i>\u00a0<i class=\"td-icon-pinterest\"><\/i>\u00a0<i class=\"td-icon-whatsapp\"><\/i><\/div>\n<\/div>\n<div class=\"td-post-content\">\n<div class=\"td-post-featured-image\"><a class=\"td-modal-image\" href=\"https:\/\/liberationinfo.com\/wp-content\/uploads\/2021\/06\/le_president_du_ghana_nana_addo_dankwa_akufo-addo.jpg\" data-caption=\"\"><img loading=\"lazy\" decoding=\"async\" class=\"entry-thumb td-animation-stack-type0-1\" title=\"le_president_du_ghana_nana_addo_dankwa_akufo-addo\" src=\"https:\/\/liberationinfo.com\/wp-content\/uploads\/2021\/06\/le_president_du_ghana_nana_addo_dankwa_akufo-addo-696x464.jpg\" alt=\"\" width=\"696\" height=\"464\" \/><\/a><\/div>\n<div class=\"entry-header clearfix\">\n<header class=\"entry-header-title\">\n<h1 class=\"entry-title\"><\/h1>\n<\/header>\n<\/div>\n<div class=\"row single-main-content\">\n<div class=\"main-content content-right col-sx-12 col-sm-12 col-md-9 col-lg-9\">\n<div class=\"content-inner\">\n<div class=\"code-block code-block-1\"><\/div>\n<div class=\"box box-article\">\n<article id=\"post-156527\" class=\"post-156527 post type-post status-publish format-standard has-post-thumbnail hentry category-la-une\">\n<div class=\"post-image single-image\"><\/div>\n<div class=\"entry-content clearfix\">\n<div class=\"entry-content-inner padding-left\">\n<div class=\"pf-content\">\n<div class=\"printfriendly pf-button pf-button-content pf-alignright\"><\/div>\n<p><img decoding=\"async\" class=\"emoji td-animation-stack-type0-1\" role=\"img\" src=\"https:\/\/s.w.org\/images\/core\/emoji\/13.0.1\/svg\/1f6d1.svg\" alt=\"\ud83d\uded1\" \/>Communiqu\u00e9-Dans le cadre du renforcement des liens d\u2019amiti\u00e9 et de fraternit\u00e9 existant entre la R\u00e9publique de Guin\u00e9e et la R\u00e9publique s\u0153ur du Ghana, Son Excellence Monsieur\u00a0<strong>Nana Addo Dankwa Akufo-Addo<\/strong>, Pr\u00e9sident Ghan\u00e9en, effectuera \u00e0 partir du\u00a0<strong>jeudi 10 juin 2021<\/strong>, une visite de travail et d\u2019amiti\u00e9 \u00e0 Conakry.<\/p>\n<p>Sont convi\u00e9es \u00e0 prendre part au c\u00e9r\u00e9monial d\u2019accueil pr\u00e9vu le\u00a0<strong>jeudi 10 juin 2021\u00a0<\/strong>\u00e0\u00a0<strong>15h00 \u00e0 l\u2019A\u00e9roport International de Conakry-Gb\u00e9ssia<\/strong>, les personnalit\u00e9s ci-apr\u00e8s\u00a0:<\/p>\n<div class=\"code-block code-block-2\"><\/div>\n<p>\u2022\u00a0\u00a0\u00a0\u00a0\u00a0\u00a0\u00a0 Monsieur le Pr\u00e9sident de l\u2019Assembl\u00e9e Nationale ;<\/p>\n<p>\u2022\u00a0\u00a0\u00a0\u00a0\u00a0\u00a0\u00a0 Monsieur le Premier Ministre, Chef du Gouvernement ;<\/p>\n<p>Monsieur le Haut Repr\u00e9sentant du Chef de l\u2019Etat<strong>;<\/strong><\/p>\n<p>\u2022\u00a0\u00a0\u00a0\u00a0\u00a0\u00a0\u00a0 Monsieur le Pr\u00e9sident de la Cour Supr\u00eame ;<\/p>\n<p>\u2022\u00a0\u00a0\u00a0\u00a0\u00a0\u00a0\u00a0 Monsieur le Pr\u00e9sident de la Cour Constitutionnelle ;<\/p>\n<p>\u2022\u00a0\u00a0\u00a0\u00a0\u00a0\u00a0\u00a0 Monsieur le Pr\u00e9sident de la Cour des Comptes\u00a0;<\/p>\n<p>\u2022\u00a0\u00a0\u00a0\u00a0\u00a0\u00a0\u00a0 Monsieur le Pr\u00e9sident de la Haute Autorit\u00e9 de la Communication;<\/p>\n<p>\u2022\u00a0\u00a0\u00a0\u00a0\u00a0\u00a0\u00a0 Madame la Pr\u00e9sidente du Conseil Economique, Culturel et Social ;<\/p>\n<p>\u2022\u00a0\u00a0\u00a0\u00a0\u00a0\u00a0\u00a0 Monsieur le M\u00e9diateur de la R\u00e9publique ;<\/p>\n<p>\u2022\u00a0\u00a0\u00a0\u00a0\u00a0\u00a0\u00a0 Monsieur le Pr\u00e9sident de la Commission Electorale Nationale Ind\u00e9pendante ;<\/p>\n<p><strong>\u2022\u00a0\u00a0\u00a0\u00a0\u00a0\u00a0\u00a0\u00a0<\/strong>Monsieur le\u00a0Secr\u00e9taire permanent du cadre de dialogue\u00a0;<\/p>\n<ul>\n<li>Mesdames et Messieurs les Membres du Gouvernement ;<\/li>\n<\/ul>\n<p>\u2022\u00a0\u00a0\u00a0\u00a0\u00a0\u00a0\u00a0 Mesdames et Messieurs les Ministres Conseillers membres du Cabinet Pr\u00e9sidentiel ;<\/p>\n<p>\u2022\u00a0\u00a0\u00a0\u00a0\u00a0\u00a0\u00a0 Monsieur le Chef d\u2019Etat-major G\u00e9n\u00e9ral des Arm\u00e9es ;<\/p>\n<div class=\"google-auto-placed ap_container\"><\/div>\n<p>\u2022\u00a0\u00a0\u00a0\u00a0\u00a0\u00a0\u00a0 Monsieur le Haut Commandant de la Gendarmerie Nationale;<\/p>\n<div class=\"google-auto-placed ap_container\"><\/div>\n<p>\u2022\u00a0\u00a0\u00a0\u00a0\u00a0\u00a0\u00a0 Messieurs les Chefs des Etats-majors des Arm\u00e9es de Terre, de l\u2019Air et de la Marine;<\/p>\n<p>\u2022\u00a0\u00a0\u00a0\u00a0\u00a0\u00a0\u00a0 Monsieur le Chef d\u2019Etat-major Particulier de la Pr\u00e9sidence ;<\/p>\n<p>\u2022\u00a0\u00a0\u00a0\u00a0\u00a0\u00a0\u00a0 Messieurs les Directeurs G\u00e9n\u00e9raux de la Police Nationale, de la Douane et des Conservateurs de la Nature ;<\/p>\n<ul>\n<li>Mesdames et Messieurs les Chefs des Missions Diplomatiques et les Repr\u00e9sentants des Organisations Internationales ;<\/li>\n<\/ul>\n<p>\u2022\u00a0\u00a0\u00a0\u00a0\u00a0\u00a0\u00a0 Monsieur le Gouverneur de la ville de Conakry.<\/p>\n<p><strong>Conakry, le 09 juin 2021<\/strong><\/p>\n<p><strong>\u00a0\u00a0\u00a0\u00a0\u00a0\u00a0\u00a0\u00a0\u00a0\u00a0\u00a0\u00a0\u00a0\u00a0 Mamady Sinkoun Kaba<\/strong><\/p>\n<p><strong>Ambassadeur, Directeur du Protocole d\u2019Etat<\/strong><\/p>\n<\/div>\n<\/div>\n<\/div>\n<\/article>\n<\/div>\n<\/div>\n<\/div>\n<\/div>\n<\/div>\n","protected":false},"excerpt":{"rendered":"<p>\u00a0\u00a0\u00a0\u00a0 Communiqu\u00e9-Dans le cadre du renforcement des liens d\u2019amiti\u00e9 et de fraternit\u00e9 existant entre la R\u00e9publique de Guin\u00e9e et la R\u00e9publique s\u0153ur du Ghana, Son Excellence Monsieur\u00a0Nana Addo Dankwa Akufo-Addo, Pr\u00e9sident Ghan\u00e9en, effectuera \u00e0 partir du\u00a0jeudi 10 juin 2021, une visite de travail et d\u2019amiti\u00e9 \u00e0 Conakry. Sont convi\u00e9es \u00e0 prendre part au c\u00e9r\u00e9monial d\u2019accueil [&hellip;]<\/p>\n","protected":false},"author":2,"featured_media":8894,"comment_status":"closed","ping_status":"closed","sticky":false,"template":"","format":"standard","meta":{"footnotes":""},"categories":[57],"tags":[],"class_list":{"0":"post-8893","1":"post","2":"type-post","3":"status-publish","4":"format-standard","5":"has-post-thumbnail","7":"category-politique"},"_links":{"self":[{"href":"https:\/\/conakrynews.org\/index.php\/wp-json\/wp\/v2\/posts\/8893","targetHints":{"allow":["GET"]}}],"collection":[{"href":"https:\/\/conakrynews.org\/index.php\/wp-json\/wp\/v2\/posts"}],"about":[{"href":"https:\/\/conakrynews.org\/index.php\/wp-json\/wp\/v2\/types\/post"}],"author":[{"embeddable":true,"href":"https:\/\/conakrynews.org\/index.php\/wp-json\/wp\/v2\/users\/2"}],"replies":[{"embeddable":true,"href":"https:\/\/conakrynews.org\/index.php\/wp-json\/wp\/v2\/comments?post=8893"}],"version-history":[{"count":0,"href":"https:\/\/conakrynews.org\/index.php\/wp-json\/wp\/v2\/posts\/8893\/revisions"}],"wp:featuredmedia":[{"embeddable":true,"href":"https:\/\/conakrynews.org\/index.php\/wp-json\/wp\/v2\/media\/8894"}],"wp:attachment":[{"href":"https:\/\/conakrynews.org\/index.php\/wp-json\/wp\/v2\/media?parent=8893"}],"wp:term":[{"taxonomy":"category","embeddable":true,"href":"https:\/\/conakrynews.org\/index.php\/wp-json\/wp\/v2\/categories?post=8893"},{"taxonomy":"post_tag","embeddable":true,"href":"https:\/\/conakrynews.org\/index.php\/wp-json\/wp\/v2\/tags?post=8893"}],"curies":[{"name":"wp","href":"https:\/\/api.w.org\/{rel}","templated":true}]}}