{"id":8919,"date":"2021-06-12T16:46:05","date_gmt":"2021-06-12T16:46:05","guid":{"rendered":"https:\/\/conakrynews.org\/?p=8919"},"modified":"2021-06-12T16:55:29","modified_gmt":"2021-06-12T16:55:29","slug":"maitre-bea-la-tete-de-fonike-mengue-est-mise-a-prix-on-ne-veut-pas-le-voir-dehors","status":"publish","type":"post","link":"https:\/\/conakrynews.org\/index.php\/maitre-bea-la-tete-de-fonike-mengue-est-mise-a-prix-on-ne-veut-pas-le-voir-dehors\/","title":{"rendered":"Maitre B\u00e9a : \u2018\u2019la t\u00eate de Fonik\u00e9 Mengu\u00e9 est mise \u00e0 prix, on ne veut pas le voir dehors\u2019\u2019"},"content":{"rendered":"<div class=\"td-post-header\">\n<header class=\"td-post-title\">\n<h1 class=\"entry-title\"><\/h1>\n<div class=\"td-module-meta-info\">\n<div class=\"td-post-author-name\">\n<div class=\"td-author-by\"><\/div>\n<\/div>\n<\/div>\n<\/header>\n<\/div>\n<div class=\"td-post-sharing td-post-sharing-top \">\n<div class=\"td-default-sharing\"><i class=\"td-icon-facebook\"><\/i>\u00a0<i class=\"td-icon-twitter\"><\/i>\u00a0<i class=\"td-icon-googleplus\"><\/i>\u00a0<i class=\"td-icon-pinterest\"><\/i>\u00a0<i class=\"td-icon-whatsapp\"><\/i><\/div>\n<\/div>\n<div class=\"td-post-content\">\n<div class=\"td-post-featured-image\"><a class=\"td-modal-image\" href=\"https:\/\/liberationinfo.com\/wp-content\/uploads\/2021\/06\/IMAGE-BEA.jpg\" data-caption=\"\"><img loading=\"lazy\" decoding=\"async\" class=\"entry-thumb td-animation-stack-type0-1\" title=\"IMAGE-BEA\" src=\"https:\/\/liberationinfo.com\/wp-content\/uploads\/2021\/06\/IMAGE-BEA.jpg\" alt=\"\" width=\"300\" height=\"168\" \/><\/a><\/div>\n<div class=\"the_title\">\n<h1><\/h1>\n<\/div>\n<div class=\"the_content\">\n<aside class=\"mashsb-container mashsb-main mashsb-stretched\">\n<div class=\"mashsb-box\">\n<div class=\"mashsb-buttons\"><\/div>\n<\/div>\n<div><\/div>\n<\/aside>\n<p><strong><span class=\"dropcap\">L<\/span>e bail de la figure de proue de la lutte contre le 3e mandat d\u2019Alpha Cond\u00e9 a \u00e9t\u00e9 prolong\u00e9 \u00e0 la Maison centrale de Conakry. Fonik\u00e9 Mengu\u00e9 a \u00e9t\u00e9 condamn\u00e9 \u00e0 3 ans de prison ferme \u00e0 l\u2019issue de son proc\u00e8s \u00e0 la Cour d\u2019appel de Conakry.<\/strong><\/p>\n<p>Son avocat, Maitre Salifou B\u00e9avogui a laiss\u00e9 entendre qu\u2019il n\u2019est pas surpris par le verdict de la cour. \u2018\u2019C\u2019est le contraire qui aurait pu nous \u00e9tonner. La t\u00eate de Fonik\u00e9 est mise \u00e0 prix, on ne veut pas le voir dehors. Il a \u00e9t\u00e9 un farouche opposant au troisi\u00e8me mandat. Nous l\u2019avons tous vu \u00e0 l\u2019\u0153uvre. Il a \u00e9t\u00e9 l\u2019une des figures de proue de cette lutte qu\u2019il qualifie de noble et juste\u2019\u2019.<\/p>\n<p>Il rappelle que dans la premi\u00e8re affaire au tribunal de Dixinn, \u2018\u2019il avait \u00e9t\u00e9 relax\u00e9 faute de preuves apr\u00e8s avoir pass\u00e9 6 mois en d\u00e9tention. Dans la deuxi\u00e8me, toujours \u00e0 Dixinn, on l\u2019avait condamn\u00e9 pour provocation direct \u00e0 un attroupement non arm\u00e9 alors qu\u2019il avait \u00e9t\u00e9 poursuivi pour participation d\u00e9lictueuse \u00e0 un attroupement, une infraction qui n\u2019avait pas fait l\u2019objet de d\u00e9bats \u00e0 l\u2019audience publique. Mais il fallait coute que coute le maintenir en prison et l\u2019emp\u00eacher de continuer sa lutte\u2019\u2019.<\/p>\n<p>Le parquet a interjet\u00e9 appel du verdict qui avait acquitt\u00e9 Fonik\u00e9 Mengu\u00e9. La d\u00e9fense a \u00e9galement saisi la Cour d\u2019appel de Conakry contre la d\u00e9cision du tribunal de premi\u00e8re instance de Mafanco condamnant l\u2019opposant au 3<sup>e<\/sup>\u00a0mandat \u00e0 11 mois de prison ferme.<\/p>\n<p>\u2018\u2019Les deux affaires devaient \u00eatre jug\u00e9es s\u00e9par\u00e9ment, parce que nous sommes en mati\u00e8re p\u00e9nale. Les dossiers ne viennent pas de la m\u00eame juridiction et ne renferment pas les m\u00eames faits\u2019\u2019, soutient Me B\u00e9avogui.<\/p>\n<p>Il d\u00e9plore la mani\u00e8re dont le proc\u00e8s s\u2019est d\u00e9roul\u00e9 et rappelle que le procureur a requis une peine de 2 ans de prison. \u2018\u2019La Cour d\u2019appel de Conakry l\u2019a finalement condamn\u00e9 \u00e0 3 ans. Cela en dit long sur les vraies intentions de la justice par rapport \u00e0 notre client\u2019\u2019, mart\u00e8le l\u2019avocat.<\/p>\n<p><strong>Source VisionGuinee.Info\u00a0<\/strong><\/p>\n<\/div>\n<\/div>\n","protected":false},"excerpt":{"rendered":"<p>\u00a0\u00a0\u00a0\u00a0 Le bail de la figure de proue de la lutte contre le 3e mandat d\u2019Alpha Cond\u00e9 a \u00e9t\u00e9 prolong\u00e9 \u00e0 la Maison centrale de Conakry. Fonik\u00e9 Mengu\u00e9 a \u00e9t\u00e9 condamn\u00e9 \u00e0 3 ans de prison ferme \u00e0 l\u2019issue de son proc\u00e8s \u00e0 la Cour d\u2019appel de Conakry. Son avocat, Maitre Salifou B\u00e9avogui a laiss\u00e9 [&hellip;]<\/p>\n","protected":false},"author":2,"featured_media":8920,"comment_status":"closed","ping_status":"closed","sticky":false,"template":"","format":"standard","meta":{"footnotes":""},"categories":[58],"tags":[],"class_list":{"0":"post-8919","1":"post","2":"type-post","3":"status-publish","4":"format-standard","5":"has-post-thumbnail","7":"category-societe"},"_links":{"self":[{"href":"https:\/\/conakrynews.org\/index.php\/wp-json\/wp\/v2\/posts\/8919","targetHints":{"allow":["GET"]}}],"collection":[{"href":"https:\/\/conakrynews.org\/index.php\/wp-json\/wp\/v2\/posts"}],"about":[{"href":"https:\/\/conakrynews.org\/index.php\/wp-json\/wp\/v2\/types\/post"}],"author":[{"embeddable":true,"href":"https:\/\/conakrynews.org\/index.php\/wp-json\/wp\/v2\/users\/2"}],"replies":[{"embeddable":true,"href":"https:\/\/conakrynews.org\/index.php\/wp-json\/wp\/v2\/comments?post=8919"}],"version-history":[{"count":0,"href":"https:\/\/conakrynews.org\/index.php\/wp-json\/wp\/v2\/posts\/8919\/revisions"}],"wp:featuredmedia":[{"embeddable":true,"href":"https:\/\/conakrynews.org\/index.php\/wp-json\/wp\/v2\/media\/8920"}],"wp:attachment":[{"href":"https:\/\/conakrynews.org\/index.php\/wp-json\/wp\/v2\/media?parent=8919"}],"wp:term":[{"taxonomy":"category","embeddable":true,"href":"https:\/\/conakrynews.org\/index.php\/wp-json\/wp\/v2\/categories?post=8919"},{"taxonomy":"post_tag","embeddable":true,"href":"https:\/\/conakrynews.org\/index.php\/wp-json\/wp\/v2\/tags?post=8919"}],"curies":[{"name":"wp","href":"https:\/\/api.w.org\/{rel}","templated":true}]}}