{"id":8923,"date":"2021-06-12T16:51:31","date_gmt":"2021-06-12T16:51:31","guid":{"rendered":"https:\/\/conakrynews.org\/?p=8923"},"modified":"2021-06-12T16:56:55","modified_gmt":"2021-06-12T16:56:55","slug":"crise-politique-en-guinee-cellou-dalein-recoit-les-ambassadeurs-de-la-cedeao-et-les-partenaires-de-la-guinee","status":"publish","type":"post","link":"https:\/\/conakrynews.org\/index.php\/crise-politique-en-guinee-cellou-dalein-recoit-les-ambassadeurs-de-la-cedeao-et-les-partenaires-de-la-guinee\/","title":{"rendered":"Crise politique en Guin\u00e9e : Cellou Dalein re\u00e7oit les ambassadeurs de la CEDEAO et les partenaires de la Guin\u00e9e"},"content":{"rendered":"<div class=\"td-post-header\">\n<header class=\"td-post-title\">\n<h1 class=\"entry-title\"><\/h1>\n<div class=\"td-module-meta-info\">\n<div class=\"td-post-author-name\">\n<div class=\"td-author-by\"><\/div>\n<\/div>\n<\/div>\n<\/header>\n<\/div>\n<div class=\"td-post-sharing td-post-sharing-top \">\n<div class=\"td-default-sharing\"><i class=\"td-icon-facebook\"><\/i>\u00a0<i class=\"td-icon-twitter\"><\/i>\u00a0<i class=\"td-icon-googleplus\"><\/i>\u00a0<i class=\"td-icon-pinterest\"><\/i>\u00a0<i class=\"td-icon-whatsapp\"><\/i><\/div>\n<\/div>\n<div class=\"td-post-content\">\n<div class=\"td-post-featured-image\"><a class=\"td-modal-image\" href=\"https:\/\/liberationinfo.com\/wp-content\/uploads\/2021\/06\/FB_IMG_16234424408330865.jpg\" data-caption=\"\"><img loading=\"lazy\" decoding=\"async\" class=\"entry-thumb td-animation-stack-type0-2\" title=\"FB_IMG_16234424408330865\" src=\"https:\/\/liberationinfo.com\/wp-content\/uploads\/2021\/06\/FB_IMG_16234424408330865-696x522.jpg\" alt=\"\" width=\"696\" height=\"522\" \/><\/a><\/div>\n<p>&nbsp;<\/p>\n<p><strong>Comment sortir la Guin\u00e9e dans cette crise depuis l\u2019organisation de la derni\u00e8re \u00e9lection pr\u00e9sidentielle ? Cette question pr\u00e9occupe les partenaires de la Guin\u00e9e. Dans la recherche des voies et moyens, l principal opposant du r\u00e9gime de Conakry,\u00a0 Cellou Dalein Diallo a \u00e9chang\u00e9 avec les pays amis de la Guin\u00e9e dans une d\u00e9marche de pacification du pays. C\u2019est sur son compte Facebook que le principal int\u00e9ress\u00e9 a pass\u00e9 l\u2019information.\u00a0<\/strong><\/p>\n<p>&nbsp;<\/p>\n<p>\u2018<em>\u2018J\u2019ai eu ce vendredi apr\u00e8s-midi un long entretien avec les ambassadeurs des USA, de France, de l\u2019UE, le coordinateur du syst\u00e8me des NU et le repr\u00e9sentant de la CEDEAO.\u00a0Nous avons \u00e9chang\u00e9 sur la crise socio-politique qui pr\u00e9vaut actuellement dans notre pays et sur les voies et moyens susceptibles de conduire \u00e0 l\u2019apaisement et au retour de la confiance entre les acteurs politiques.\u00a0Pour l\u2019UFDG, le retour de la paix et de la confiance passent n\u00e9cessairement par la justice et le respect de la constitution et des lois de la R\u00e9publique\u2019<\/em>\u2019, a-t-il fait<strong>\u00a0savoir le pr\u00e9sident de l\u2019UFDG.\u00a0<\/strong><\/p>\n<p>&nbsp;<\/p>\n<p><strong>Liberationinfo.com\u00a0<\/strong><\/p>\n<\/div>\n","protected":false},"excerpt":{"rendered":"<p>\u00a0\u00a0\u00a0\u00a0 &nbsp; Comment sortir la Guin\u00e9e dans cette crise depuis l\u2019organisation de la derni\u00e8re \u00e9lection pr\u00e9sidentielle ? Cette question pr\u00e9occupe les partenaires de la Guin\u00e9e. Dans la recherche des voies et moyens, l principal opposant du r\u00e9gime de Conakry,\u00a0 Cellou Dalein Diallo a \u00e9chang\u00e9 avec les pays amis de la Guin\u00e9e dans une d\u00e9marche de [&hellip;]<\/p>\n","protected":false},"author":2,"featured_media":8924,"comment_status":"closed","ping_status":"closed","sticky":false,"template":"","format":"standard","meta":{"footnotes":""},"categories":[57],"tags":[],"class_list":{"0":"post-8923","1":"post","2":"type-post","3":"status-publish","4":"format-standard","5":"has-post-thumbnail","7":"category-politique"},"_links":{"self":[{"href":"https:\/\/conakrynews.org\/index.php\/wp-json\/wp\/v2\/posts\/8923","targetHints":{"allow":["GET"]}}],"collection":[{"href":"https:\/\/conakrynews.org\/index.php\/wp-json\/wp\/v2\/posts"}],"about":[{"href":"https:\/\/conakrynews.org\/index.php\/wp-json\/wp\/v2\/types\/post"}],"author":[{"embeddable":true,"href":"https:\/\/conakrynews.org\/index.php\/wp-json\/wp\/v2\/users\/2"}],"replies":[{"embeddable":true,"href":"https:\/\/conakrynews.org\/index.php\/wp-json\/wp\/v2\/comments?post=8923"}],"version-history":[{"count":0,"href":"https:\/\/conakrynews.org\/index.php\/wp-json\/wp\/v2\/posts\/8923\/revisions"}],"wp:featuredmedia":[{"embeddable":true,"href":"https:\/\/conakrynews.org\/index.php\/wp-json\/wp\/v2\/media\/8924"}],"wp:attachment":[{"href":"https:\/\/conakrynews.org\/index.php\/wp-json\/wp\/v2\/media?parent=8923"}],"wp:term":[{"taxonomy":"category","embeddable":true,"href":"https:\/\/conakrynews.org\/index.php\/wp-json\/wp\/v2\/categories?post=8923"},{"taxonomy":"post_tag","embeddable":true,"href":"https:\/\/conakrynews.org\/index.php\/wp-json\/wp\/v2\/tags?post=8923"}],"curies":[{"name":"wp","href":"https:\/\/api.w.org\/{rel}","templated":true}]}}