{"id":8932,"date":"2021-06-12T19:43:58","date_gmt":"2021-06-12T19:43:58","guid":{"rendered":"https:\/\/conakrynews.org\/?p=8932"},"modified":"2021-06-14T09:42:59","modified_gmt":"2021-06-14T09:42:59","slug":"mali-un-nouveau-gouvernement-forme-des-militaires-a-des-postes-cles","status":"publish","type":"post","link":"https:\/\/conakrynews.org\/index.php\/mali-un-nouveau-gouvernement-forme-des-militaires-a-des-postes-cles\/","title":{"rendered":"Mali: un nouveau gouvernement form\u00e9, des militaires \u00e0 des postes cl\u00e9s"},"content":{"rendered":"<div class=\"td-post-header\">\n<header class=\"td-post-title\">\n<h1 class=\"entry-title\"><\/h1>\n<div class=\"td-module-meta-info\">\n<div class=\"td-post-author-name\">\n<div class=\"td-author-by\"><\/div>\n<\/div>\n<\/div>\n<\/header>\n<\/div>\n<div class=\"td-post-sharing td-post-sharing-top \">\n<div class=\"td-default-sharing\"><i class=\"td-icon-facebook\"><\/i>\u00a0<i class=\"td-icon-twitter\"><\/i>\u00a0<i class=\"td-icon-googleplus\"><\/i>\u00a0<i class=\"td-icon-pinterest\"><\/i>\u00a0<i class=\"td-icon-whatsapp\"><\/i><\/div>\n<\/div>\n<div class=\"td-post-content\">\n<div class=\"td-post-featured-image\"><a class=\"td-modal-image\" href=\"https:\/\/liberationinfo.com\/wp-content\/uploads\/2021\/05\/2021-05-30t121224z_935760860_rc2cqn9d5yba_rtrmadp_3_mali-politics-592x296-1.jpg\" data-caption=\"\"><img loading=\"lazy\" decoding=\"async\" class=\"entry-thumb td-animation-stack-type0-2\" title=\"2021-05-30t121224z_935760860_rc2cqn9d5yba_rtrmadp_3_mali-politics-592x296\" src=\"https:\/\/liberationinfo.com\/wp-content\/uploads\/2021\/05\/2021-05-30t121224z_935760860_rc2cqn9d5yba_rtrmadp_3_mali-politics-592x296-1.jpg\" alt=\"\" width=\"592\" height=\"296\" \/><\/a><\/div>\n<div class=\"entry-header\">\n<h1 class=\"jeg_post_title\"><\/h1>\n<div class=\"jeg_meta_container\">\n<div class=\"jeg_post_meta jeg_post_meta_1\">\n<div class=\"meta_right\"><\/div>\n<\/div>\n<\/div>\n<\/div>\n<div class=\"jeg_featured featured_image\">\n<div class=\"thumbnail-container animate-lazy\"><\/div>\n<\/div>\n<div class=\"jeg_share_top_container\">\n<div class=\"jeg_share_button clearfix\">\n<div class=\"jeg_share_stats\"><\/div>\n<div class=\"jeg_sharelist\"><\/div>\n<\/div>\n<\/div>\n<div class=\"jeg_ad jeg_article jnews_content_top_ads \">\n<div class=\"ads-wrapper \"><\/div>\n<\/div>\n<div class=\"entry-content no-share\">\n<div class=\"jeg_share_button share-float jeg_sticky_share clearfix share-monocrhome\">\n<div class=\"jeg_share_float_container\"><\/div>\n<\/div>\n<div class=\"content-inner \">\n<p>Le nouveau pr\u00e9sident de transition au Mali, le colonel Assimi Go\u00efta, a d\u00e9sign\u00e9 vendredi 11 juin les membres d\u2019un nouveau gouvernement dans lequel les militaires obtiennent des postes cl\u00e9s comme la D\u00e9fense, la S\u00e9curit\u00e9 et la R\u00e9conciliation nationale, a indiqu\u00e9 \u00e0 la t\u00e9l\u00e9vision nationale le secr\u00e9taire de la pr\u00e9sidence, Ali Coulibaly.<\/p>\n<p>&nbsp;<\/p>\n<p>L\u2019un des meneurs du coup d\u2019Etat d\u2019ao\u00fbt 2020, Sadio Camara, retrouve le portefeuille de la D\u00e9fense, selon le d\u00e9cret pr\u00e9sidentiel. Son \u00e9viction du gouvernement fin mai par l\u2019ancien pr\u00e9sident de la transition, Bah N\u2019Daw, est consid\u00e9r\u00e9 comme l\u2019un \u00e9l\u00e9ments d\u00e9clencheurs du second putsch en neuf mois au Mali.<\/p>\n<p>&nbsp;<\/p>\n<p><strong>Avec RFI\u00a0<\/strong><\/p>\n<\/div>\n<\/div>\n<\/div>\n","protected":false},"excerpt":{"rendered":"<p>\u00a0\u00a0\u00a0\u00a0 Le nouveau pr\u00e9sident de transition au Mali, le colonel Assimi Go\u00efta, a d\u00e9sign\u00e9 vendredi 11 juin les membres d\u2019un nouveau gouvernement dans lequel les militaires obtiennent des postes cl\u00e9s comme la D\u00e9fense, la S\u00e9curit\u00e9 et la R\u00e9conciliation nationale, a indiqu\u00e9 \u00e0 la t\u00e9l\u00e9vision nationale le secr\u00e9taire de la pr\u00e9sidence, Ali Coulibaly. &nbsp; L\u2019un des [&hellip;]<\/p>\n","protected":false},"author":2,"featured_media":8933,"comment_status":"closed","ping_status":"closed","sticky":false,"template":"","format":"standard","meta":{"footnotes":""},"categories":[57],"tags":[],"class_list":{"0":"post-8932","1":"post","2":"type-post","3":"status-publish","4":"format-standard","5":"has-post-thumbnail","7":"category-politique"},"_links":{"self":[{"href":"https:\/\/conakrynews.org\/index.php\/wp-json\/wp\/v2\/posts\/8932","targetHints":{"allow":["GET"]}}],"collection":[{"href":"https:\/\/conakrynews.org\/index.php\/wp-json\/wp\/v2\/posts"}],"about":[{"href":"https:\/\/conakrynews.org\/index.php\/wp-json\/wp\/v2\/types\/post"}],"author":[{"embeddable":true,"href":"https:\/\/conakrynews.org\/index.php\/wp-json\/wp\/v2\/users\/2"}],"replies":[{"embeddable":true,"href":"https:\/\/conakrynews.org\/index.php\/wp-json\/wp\/v2\/comments?post=8932"}],"version-history":[{"count":0,"href":"https:\/\/conakrynews.org\/index.php\/wp-json\/wp\/v2\/posts\/8932\/revisions"}],"wp:featuredmedia":[{"embeddable":true,"href":"https:\/\/conakrynews.org\/index.php\/wp-json\/wp\/v2\/media\/8933"}],"wp:attachment":[{"href":"https:\/\/conakrynews.org\/index.php\/wp-json\/wp\/v2\/media?parent=8932"}],"wp:term":[{"taxonomy":"category","embeddable":true,"href":"https:\/\/conakrynews.org\/index.php\/wp-json\/wp\/v2\/categories?post=8932"},{"taxonomy":"post_tag","embeddable":true,"href":"https:\/\/conakrynews.org\/index.php\/wp-json\/wp\/v2\/tags?post=8932"}],"curies":[{"name":"wp","href":"https:\/\/api.w.org\/{rel}","templated":true}]}}