{"id":8946,"date":"2021-06-14T22:49:57","date_gmt":"2021-06-14T22:49:57","guid":{"rendered":"https:\/\/conakrynews.org\/?p=8946"},"modified":"2021-06-15T10:14:03","modified_gmt":"2021-06-15T10:14:03","slug":"mamou-la-ministre-djenab-drame-lance-un-latelier-de-preparation-pour-la-releve-a-linspection-generale-de-lenseignement-technique","status":"publish","type":"post","link":"https:\/\/conakrynews.org\/index.php\/mamou-la-ministre-djenab-drame-lance-un-latelier-de-preparation-pour-la-releve-a-linspection-generale-de-lenseignement-technique\/","title":{"rendered":"Mamou: La ministre Djenab\u00a0 Dram\u00e9 lance un atelier de pr\u00e9paration sur  la rel\u00e8ve \u00e0 l&rsquo;inspection g\u00e9n\u00e9rale de l&rsquo;Enseignement Technique"},"content":{"rendered":"<div dir=\"auto\"><img loading=\"lazy\" decoding=\"async\" class=\"alignright size-medium wp-image-8976\" src=\"https:\/\/conakrynews.org\/wp-content\/uploads\/2021\/06\/FB_IMG_1623713208589-2-500x375.jpg\" alt=\"\" width=\"500\" height=\"375\" srcset=\"https:\/\/conakrynews.org\/wp-content\/uploads\/2021\/06\/FB_IMG_1623713208589-2-500x375.jpg 500w, https:\/\/conakrynews.org\/wp-content\/uploads\/2021\/06\/FB_IMG_1623713208589-2.jpg 720w\" sizes=\"auto, (max-width: 500px) 100vw, 500px\" \/><img loading=\"lazy\" decoding=\"async\" class=\"alignright size-medium wp-image-8953\" src=\"https:\/\/conakrynews.org\/wp-content\/uploads\/2021\/06\/IMG-20210614-WA0013-515x290.jpg\" alt=\"\" width=\"515\" height=\"290\" srcset=\"https:\/\/conakrynews.org\/wp-content\/uploads\/2021\/06\/IMG-20210614-WA0013-515x290.jpg 515w, https:\/\/conakrynews.org\/wp-content\/uploads\/2021\/06\/IMG-20210614-WA0013-768x432.jpg 768w, https:\/\/conakrynews.org\/wp-content\/uploads\/2021\/06\/IMG-20210614-WA0013.jpg 960w\" sizes=\"auto, (max-width: 515px) 100vw, 515px\" \/><img loading=\"lazy\" decoding=\"async\" class=\"alignright size-medium wp-image-8954\" src=\"https:\/\/conakrynews.org\/wp-content\/uploads\/2021\/06\/IMG-20210614-WA0000-206x375.jpg\" alt=\"\" width=\"206\" height=\"375\" srcset=\"https:\/\/conakrynews.org\/wp-content\/uploads\/2021\/06\/IMG-20210614-WA0000-206x375.jpg 206w, https:\/\/conakrynews.org\/wp-content\/uploads\/2021\/06\/IMG-20210614-WA0000.jpg 528w\" sizes=\"auto, (max-width: 206px) 100vw, 206px\" \/><img loading=\"lazy\" decoding=\"async\" class=\"alignright size-medium wp-image-8955\" src=\"https:\/\/conakrynews.org\/wp-content\/uploads\/2021\/06\/IMG-20210614-WA0003-515x290.jpg\" alt=\"\" width=\"515\" height=\"290\" srcset=\"https:\/\/conakrynews.org\/wp-content\/uploads\/2021\/06\/IMG-20210614-WA0003-515x290.jpg 515w, https:\/\/conakrynews.org\/wp-content\/uploads\/2021\/06\/IMG-20210614-WA0003-768x432.jpg 768w, https:\/\/conakrynews.org\/wp-content\/uploads\/2021\/06\/IMG-20210614-WA0003.jpg 960w\" sizes=\"auto, (max-width: 515px) 100vw, 515px\" \/><\/div>\n<div dir=\"auto\"><\/div>\n<p>Actuellement en tourn\u00e9e \u00e0 l&rsquo;int\u00e9rieur du pays pour s&rsquo;enqu\u00e9rir de l&rsquo;\u00e9tat d&rsquo;avancement des travaux des Ecoles r\u00e9gionales des Arts et M\u00e9tiers (ERAM), madame la ministre de l&rsquo;Enseignent Technique ,de la formation professionnelle et de l&rsquo;Emploi,Djenab\u00a0 Dram\u00e9,a proc\u00e9d\u00e9 au lancement de l&rsquo;atelier de pr\u00e9paration de la rel\u00e8ve \u00e0 l&rsquo;inspection g\u00e9n\u00e9rale de l&rsquo;Enseignement Technique,de la formation professionnelle et de l&rsquo;Emploi, ce lundi,14 juin 2021,dans les locaux de l&rsquo;ENACEF de Mamou.Cette importante activit\u00e9 a connue la pr\u00e9sence des autorit\u00e9s de la ville carrefour (Mamou) notamment M. le gouverneur de cette r\u00e9gion, Amadou Oury Diallo ,le\u00a0 pr\u00e9fet ainsi\u00a0 que des cadres du d\u00e9partement de l&rsquo;Enseignent technique,de la formation professionnelle et de l&rsquo;Emploi en service \u00e0 Mamou.<\/p>\n<div dir=\"auto\"><\/div>\n<div dir=\"auto\"><\/div>\n<div dir=\"auto\"><\/div>\n<div dir=\"auto\">Dans son discours de bienvenue,le pr\u00e9fet de Mamou, a d\u00e9clar\u00e9 :\u2039\u2039 Le 27 du mois dernier, madame la ministre de l&rsquo;enseignement \u00e9tait l\u00e0 pour l&rsquo;inauguration de l&rsquo;ENI de Mamou.Elle a mis \u00e0 profit \u00e0 cette occasion pour observer sur le terrain et \u00e9valu\u00e9 le niveau d&rsquo;avancement des travaux de r\u00e9novation\u00a0 de l&rsquo;Ecole Nationale d&rsquo;Agriculture et d&rsquo;Elevage de Tolo.Aujourdhui, elle est\u00a0 l\u00e0 pour proc\u00e9der au lancement de l&rsquo;atelier de pr\u00e9paration de la rel\u00e8ve \u00e0 l&rsquo;inspection g\u00e9n\u00e9rale.Tout ceci montre \u00e0 suffisance la ferme d\u00e9termination de la ministre \u00e0 impulser des changements qualitatifs au niveau du\u00a0 secteur de\u00a0 l&rsquo;enseignement technique et de la formation professionnelle\u00a0 de notre pays\u203a\u203a, a-t-il decalr\u00e9.<\/div>\n<div dir=\"auto\"><\/div>\n<div dir=\"auto\">\n<p>Avant de rappeler que la qualification des ressources humaines est un facteur important dans l&rsquo;atteinte des objectifs et des r\u00e9sultats escompt\u00e9s.\u2039\u2039C&rsquo;est pour cette raison que nous saluons les heureuses initiatives de madame la ministre qui visent \u00e0 imprimer un nouvel \u00e9lan \u00e0 l&rsquo;enseignement technique et de la formation professionnelle de notre pays\u203a\u203a, a mentionn\u00e9 M.le pr\u00e9fet de Mamou.<\/p>\n<div dir=\"auto\">\n<div dir=\"auto\"><\/div>\n<div dir=\"auto\"><\/div>\n<div dir=\"auto\">Avant\u00a0 d&rsquo;assurer \u00e0 la ministre ,la disponibilit\u00e9 des autorit\u00e9s de Mamou \u00e0 tous les niveaux, et des citoyens de Mamou \u00e0 l&rsquo;accompagner dans ses exaltantes missions.<\/div>\n<div dir=\"auto\"><\/div>\n<div dir=\"auto\"><\/div>\n<div dir=\"auto\">Pour sa part, l&rsquo;inspecteur g\u00e9n\u00e9ral de l&rsquo;enseignement technique et de la formation professionnelle,M.Sekou Piafad\u00e9 Nab\u00e9, a expliqu\u00e9 le contexte du pr\u00e9sent atelier.\u2039\u2039\u00a0 Nous\u00a0 avons b\u00e9n\u00e9fici\u00e9 six modules de formation avec la CEDEAO, cinq (5) sessions de formation avec la France, trois ateliers de formation avec le cadre de concertation des corps de contr\u00f4le sous l&rsquo;\u00e9gide de la pr\u00e9sidence de la r\u00e9publique sur des pratiques. A la suite de ces diff\u00e9rentes formations,des outils de contr\u00f4le et de supervision ont \u00e9t\u00e9 \u00e9labor\u00e9s dont certains seront abord\u00e9s au cours de\u00a0 atelier.Il est donc important de pr\u00e9ciser que parmi ces outils,il y a un qui permet de d\u00e9terminer avec pr\u00e9cision le co\u00fbt de formation d&rsquo;un apprenant en enseignement technique, de la formation professionnelle et de l&#8217;emploi,par fili\u00e8re et par \u00e9cole\u203a\u203a, a expliqu\u00e9 M.Nab\u00e9<\/div>\n<div dir=\"auto\"><\/div>\n<div dir=\"auto\">Et d&rsquo;ajouter\u00a0 que la mise en place de cet outil permettra au d\u00e9partement de d\u00e9fendre son budget \u00e0 l&rsquo;Assembl\u00e9e Nationale.\u2039\u2039Ces inspecteurs bien outill\u00e9s pour mener \u00e0 bien leurs missions professionnelles et r\u00e9galiennes ont vu leur effectif diminuer avec drastique.Huit (8) d\u00e9parts sur quatorze (14).Deux ont b\u00e9n\u00e9fici\u00e9 de promotions,deux sont d\u00e9c\u00e9d\u00e9s et quatres (4) personnes ont fait valoir leurs droits \u00e0 la retraite,et ce qui sont en activit\u00e9s seront aussi bient\u00f4t \u00e0 la retraite.Compte de ce constat, l&rsquo;inspection g\u00e9n\u00e9rale de la formation professionnelle et de l&#8217;emploi a propos\u00e9 \u00e0 Madame la ministre,la mise en place d&rsquo;une\u00a0 nouvelle corse de jeunes inspecteurs qui vont\u00a0 assurer la rel\u00e8ve.Et Madame la ministre avait tr\u00e8s bien accueilli cette proposition,et qu&rsquo;elle est l\u00e0 aujourd&rsquo;hui malgr\u00e9 calendrier qui est charg\u00e9, qu&rsquo;elle en soit vivement remercier.Car, c&rsquo;est une premi\u00e8re en enseignement technique et de la formation professionnelle.Des premies inspecteurs qui avaient \u00e9t\u00e9 form\u00e9s \u00e9taient du pr\u00e9-universitaire et ils avaient re\u00e7u leur formation \u00e0 Dakar\u203a\u203a, a fait savoir l&rsquo;inspecteur g\u00e9n\u00e9ral de l&rsquo;enseignement technique.<\/div>\n<div dir=\"auto\"><\/div>\n<div dir=\"auto\"><\/div>\n<div dir=\"auto\"><\/div>\n<div dir=\"auto\">Avant de rappeler que ce projet de formation s&rsquo;inscrit en droite ligne dans le programme de M. pr\u00e9sident de la r\u00e9publique,prof.Alpha Cond\u00e9, \u00e0 savoir :\u2039\u2039Rajeunir et F\u00e9miniser l&rsquo;Administration\u203a\u203a.<\/div>\n<div dir=\"auto\"><\/div>\n<div dir=\"auto\"><\/div>\n<div dir=\"auto\">Prenant la parole,la ministre de l&rsquo;Enseignement Technique,de la formation professionnelle et de l&rsquo;Emploi,Mme Djenab Dram\u00e9, a pr\u00e9cis\u00e9 que cette session de formation vise \u00e0 renforcer l&rsquo;efficacit\u00e9 et les capacit\u00e9s d&rsquo;intervention du\u00a0 service d&rsquo;inspection de son d\u00e9partement, appel\u00e9 \u00e0 faire sa mutation afin de s&rsquo;adapter \u00e0 ses missions.\u2039\u2039Gouverner,c&rsquo;est pr\u00e9voir.Et c&rsquo;est pourquoi M.le pr\u00e9sident de la r\u00e9publique,prof.Alpha Cond\u00e9 ,se pr\u00e9occupe de l&rsquo;\u00e9cole guin\u00e9enne de demain et engage son gouvernement \u00e0 faire face \u00e0 tous les d\u00e9fis d&rsquo;aujourd&rsquo;hui.Le pays est dot\u00e9 des meilleurs infrastructures et de tous les \u00e9quipements n\u00e9cessaires pour faire de notre syst\u00e8me \u00e9ducatif ,une r\u00e9f\u00e9rence.Le pr\u00e9sident Alpha Cond\u00e9 souhaite aussi que nos \u00e9coles ,centres d&rsquo;excellence qui accueillent les meilleurs,forment des \u00e9lites ,et une main-d&rsquo;\u0153uvre qualifi\u00e9e.Dans ce processus qualifiant de l&rsquo;apprentissage scolaire,sont indispensables,d&rsquo;amont en aval\u203a\u203a, a indiqu\u00e9 Mme la ministre.<\/div>\n<div dir=\"auto\"><\/div>\n<div dir=\"auto\"><\/div>\n<div dir=\"auto\">De poursuivre, elle a\u00a0 dit :\u2039\u2039Cette formation que nous lan\u00e7ons aujourd&rsquo;hui,prend en compte \u00e0 la fois,le d\u00e9fi d&rsquo;avoir des institutions d&rsquo;enseignement et de formation performantes, et de besoin d&rsquo;avoir des enseignants et un personnel d&rsquo;encadrement aussi performant.Ainsi , aujourd&rsquo;hui comme demain, nous serons au rendez-vous du succ\u00e8s dont nous avons chacun l&rsquo;ambition\u203a\u203a<\/div>\n<div dir=\"auto\"><\/div>\n<div dir=\"auto\"><\/div>\n<div dir=\"auto\">Pour mettre un terme \u00e0 ses propos,la ministre Nabaya a remerci\u00e9 les autorit\u00e9s\u00a0 de Mamou pour leur forte\u00a0 mobilisation ainsi qu&rsquo;aux inspecteurs admis \u00e0 faire valoir leurs droits \u00e0 la retraite,mais qui sont pr\u00e9sents pour aider \u00e0 une meilleure rel\u00e8ve.<\/div>\n<div dir=\"auto\"><\/div>\n<div dir=\"auto\"><\/div>\n<div dir=\"auto\">Sylla Ibrahima Kalil pour www.conakrynews.org 625444534<\/div>\n<\/div>\n<\/div>\n","protected":false},"excerpt":{"rendered":"<p>Actuellement en tourn\u00e9e \u00e0 l&rsquo;int\u00e9rieur du pays pour s&rsquo;enqu\u00e9rir de l&rsquo;\u00e9tat d&rsquo;avancement des travaux des Ecoles r\u00e9gionales des Arts et M\u00e9tiers (ERAM), madame la ministre de l&rsquo;Enseignent Technique ,de la formation professionnelle et de l&rsquo;Emploi,Djenab\u00a0 Dram\u00e9,a proc\u00e9d\u00e9 au lancement de l&rsquo;atelier de pr\u00e9paration de la rel\u00e8ve \u00e0 l&rsquo;inspection g\u00e9n\u00e9rale de l&rsquo;Enseignement Technique,de la formation professionnelle [&hellip;]<\/p>\n","protected":false},"author":2,"featured_media":8957,"comment_status":"closed","ping_status":"closed","sticky":false,"template":"","format":"standard","meta":{"footnotes":""},"categories":[58],"tags":[],"class_list":{"0":"post-8946","1":"post","2":"type-post","3":"status-publish","4":"format-standard","5":"has-post-thumbnail","7":"category-societe"},"_links":{"self":[{"href":"https:\/\/conakrynews.org\/index.php\/wp-json\/wp\/v2\/posts\/8946","targetHints":{"allow":["GET"]}}],"collection":[{"href":"https:\/\/conakrynews.org\/index.php\/wp-json\/wp\/v2\/posts"}],"about":[{"href":"https:\/\/conakrynews.org\/index.php\/wp-json\/wp\/v2\/types\/post"}],"author":[{"embeddable":true,"href":"https:\/\/conakrynews.org\/index.php\/wp-json\/wp\/v2\/users\/2"}],"replies":[{"embeddable":true,"href":"https:\/\/conakrynews.org\/index.php\/wp-json\/wp\/v2\/comments?post=8946"}],"version-history":[{"count":0,"href":"https:\/\/conakrynews.org\/index.php\/wp-json\/wp\/v2\/posts\/8946\/revisions"}],"wp:featuredmedia":[{"embeddable":true,"href":"https:\/\/conakrynews.org\/index.php\/wp-json\/wp\/v2\/media\/8957"}],"wp:attachment":[{"href":"https:\/\/conakrynews.org\/index.php\/wp-json\/wp\/v2\/media?parent=8946"}],"wp:term":[{"taxonomy":"category","embeddable":true,"href":"https:\/\/conakrynews.org\/index.php\/wp-json\/wp\/v2\/categories?post=8946"},{"taxonomy":"post_tag","embeddable":true,"href":"https:\/\/conakrynews.org\/index.php\/wp-json\/wp\/v2\/tags?post=8946"}],"curies":[{"name":"wp","href":"https:\/\/api.w.org\/{rel}","templated":true}]}}