{"id":8980,"date":"2021-06-16T10:04:51","date_gmt":"2021-06-16T10:04:51","guid":{"rendered":"https:\/\/conakrynews.org\/?p=8980"},"modified":"2021-06-17T00:00:29","modified_gmt":"2021-06-17T00:00:29","slug":"enseignement-technique-visite-de-mme-la-ministre-sur-le-chantier-de-leram-de-dabola","status":"publish","type":"post","link":"https:\/\/conakrynews.org\/index.php\/enseignement-technique-visite-de-mme-la-ministre-sur-le-chantier-de-leram-de-dabola\/","title":{"rendered":"Enseignement Technique : Visite de Mme la ministre sur le chantier de l&rsquo;ERAM de Dabola"},"content":{"rendered":"<div dir=\"auto\">\n<div dir=\"auto\"><img loading=\"lazy\" decoding=\"async\" class=\"alignright size-medium wp-image-8997\" src=\"https:\/\/conakrynews.org\/wp-content\/uploads\/2021\/06\/FB_IMG_1623846935969-500x375.jpg\" alt=\"\" width=\"500\" height=\"375\" srcset=\"https:\/\/conakrynews.org\/wp-content\/uploads\/2021\/06\/FB_IMG_1623846935969-500x375.jpg 500w, https:\/\/conakrynews.org\/wp-content\/uploads\/2021\/06\/FB_IMG_1623846935969.jpg 720w\" sizes=\"auto, (max-width: 500px) 100vw, 500px\" \/><img loading=\"lazy\" decoding=\"async\" class=\"alignright size-medium wp-image-8995\" src=\"https:\/\/conakrynews.org\/wp-content\/uploads\/2021\/06\/FB_IMG_1623838391204-500x375.jpg\" alt=\"\" width=\"500\" height=\"375\" srcset=\"https:\/\/conakrynews.org\/wp-content\/uploads\/2021\/06\/FB_IMG_1623838391204-500x375.jpg 500w, https:\/\/conakrynews.org\/wp-content\/uploads\/2021\/06\/FB_IMG_1623838391204.jpg 720w\" sizes=\"auto, (max-width: 500px) 100vw, 500px\" \/><img loading=\"lazy\" decoding=\"async\" class=\"alignright size-medium wp-image-8993\" src=\"https:\/\/conakrynews.org\/wp-content\/uploads\/2021\/06\/FB_IMG_1623838407728-1-500x375.jpg\" alt=\"\" width=\"500\" height=\"375\" srcset=\"https:\/\/conakrynews.org\/wp-content\/uploads\/2021\/06\/FB_IMG_1623838407728-1-500x375.jpg 500w, https:\/\/conakrynews.org\/wp-content\/uploads\/2021\/06\/FB_IMG_1623838407728-1.jpg 720w\" sizes=\"auto, (max-width: 500px) 100vw, 500px\" \/><img loading=\"lazy\" decoding=\"async\" class=\"alignright size-medium wp-image-8983\" src=\"https:\/\/conakrynews.org\/wp-content\/uploads\/2021\/06\/FB_IMG_1623846894224-500x375.jpg\" alt=\"\" width=\"500\" height=\"375\" srcset=\"https:\/\/conakrynews.org\/wp-content\/uploads\/2021\/06\/FB_IMG_1623846894224-500x375.jpg 500w, https:\/\/conakrynews.org\/wp-content\/uploads\/2021\/06\/FB_IMG_1623846894224.jpg 720w\" sizes=\"auto, (max-width: 500px) 100vw, 500px\" \/><img loading=\"lazy\" decoding=\"async\" class=\"alignright size-medium wp-image-8985\" src=\"https:\/\/conakrynews.org\/wp-content\/uploads\/2021\/06\/FB_IMG_1623846908324-500x375.jpg\" alt=\"\" width=\"500\" height=\"375\" srcset=\"https:\/\/conakrynews.org\/wp-content\/uploads\/2021\/06\/FB_IMG_1623846908324-500x375.jpg 500w, https:\/\/conakrynews.org\/wp-content\/uploads\/2021\/06\/FB_IMG_1623846908324.jpg 720w\" sizes=\"auto, (max-width: 500px) 100vw, 500px\" \/><\/div>\n<div dir=\"auto\"><\/div>\n<div dir=\"auto\">Depuis\u00a0 son arriv\u00e9e \u00e0 la t\u00eate de la magistrature supr\u00eame de notre pays,le pr\u00e9sident de la r\u00e9publique\u00a0 prof.Apha Cond\u00e9 a mis l&rsquo;enseignement technique et la formation professionnelle au centre de ses pr\u00e9occupations.Cette initiative de M.le pr\u00e9sident de la r\u00e9publique vise \u00e0 doter notre pays des ressources humaines qualifi\u00e9es pour r\u00e9pondre aux besoins de la\u00a0 soci\u00e9t\u00e9 Guin\u00e9enne.Et c&rsquo;est pourquoi\u00a0 Mme la ministre de l&rsquo;Enseignement Technique,de la formation professionnelle et de l&rsquo;Emploi,Mme djenab Dram\u00e9,d\u00e8s sa prise de fonction n&rsquo;a pas h\u00e9sit\u00e9 un instant\u00a0 de mettre en exergue\u00a0 ces\u00a0 nobles ambitions du president\u00a0 pour le bien \u00eatre de notre pays.En pleine tourn\u00e9e \u00e0 l&rsquo;int\u00e9rieur du pays avec son secr\u00e9taire g\u00e9n\u00e9ral,la ministre de l&rsquo;Enseignement Technique,de la formation professionnelle et de l&rsquo;Emploi,accompagn\u00e9 d&rsquo;une forte d\u00e9l\u00e9gation a effectu\u00e9 une\u00a0 visite de terrain\u00a0 ce Lundi,14\u00a0 juin 2021, \u00e0 l&rsquo;Ecole\u00a0 R\u00e9gionale des Arts et M\u00e9tiers de Dabola, afin de comprendre le niveau d&rsquo;ex\u00e9cution des travaux de ladite \u00e9cole.Cette importante activit\u00e9 s&rsquo;est d\u00e9roul\u00e9e en pr\u00e9sence des autorit\u00e9s de la pr\u00e9fecture de Dabola notamment,Mme la pr\u00e9f\u00e8te de Dabola,Mme Yalen Cond\u00e9,des cadres de Dabola et des entrepreneurs en charge des travaux de l&rsquo;\u00e9cole R\u00e9gional des Arts et M\u00e9tiers (ERAM).<\/div>\n<div dir=\"auto\"><\/div>\n<div dir=\"auto\"><\/div>\n<div dir=\"auto\"><\/div>\n<div dir=\"auto\">L&rsquo;Ecole R\u00e9gional des Arts et M\u00e9tiers de Dabola,est compos\u00e9e de\u00a0 quartre(4)\u00a0 Blocs administratifs,64 salles de classe,un terrain de football&#8230;.<\/div>\n<div dir=\"auto\"><\/div>\n<div dir=\"auto\"><\/div>\n<div dir=\"auto\"><\/div>\n<div dir=\"auto\">Interrog\u00e9e sur place, madame la ministre de l&rsquo;Enseignement Technique,de la formation Professionnelle et de l&rsquo;Emploi , a rappel\u00e9 que ce projet de\u00a0 l&rsquo;ERAM de Dabola, est une initiative du chef de l&rsquo;\u00c9tat le professeur Alpha Cond\u00e9 et son engagement personnel \u00e0 doter nos r\u00e9gions des \u00e9coles des arts et m\u00e9tiers(ERAM).<\/div>\n<div dir=\"auto\"><\/div>\n<div dir=\"auto\"><\/div>\n<div dir=\"auto\">\u2039\u2039Cette initiative a \u00e9t\u00e9 traduite gr\u00e2ce \u00e0 l&rsquo;appui et \u00e0 l&rsquo;accompagnement de nos partenaires notamment de\u00a0 la BID et aussi le fonds Saoudien qui nous ont permi de r\u00e9aliser quatre de nos \u00e9coles qui sont ouvertes cette ann\u00e9e.Je vais citer, les \u00e9coles de Bok\u00e9, N&rsquo;z\u00e9r\u00e9kor\u00e9, Siguiri et de Lab\u00e9.Aujourd&rsquo;hui, nous sommes \u00e0 Dabola et la semaine derni\u00e8re nous avons visit\u00e9 celle de Coyah.J&rsquo;avoue qu&rsquo;on est vraiment impr\u00e9sionn\u00e9 par le travail constat\u00e9 sur le terrain.Je suis tr\u00e8s heureuse\u00a0\u00a0de\u00a0 la realisation de ces infrastructures pour\u00a0 bien \u00eatre de nos populations, \u00e0 d\u00e9clar\u00e9 la ministre\u00a0 djenab Nabaya.<\/div>\n<div dir=\"auto\"><\/div>\n<div dir=\"auto\"><\/div>\n<div dir=\"auto\"><\/div>\n<div dir=\"auto\">De m\u00eame,Mme la ministre a\u00a0 soulign\u00e9 que\u00a0 le\u00a0 co\u00fbt de r\u00e9alisation des travaux du projet de l&rsquo;ERAM de Dabola\u00a0 \u00a0s&rsquo;\u00e9l\u00e8ve \u00e0 peu pr\u00eat \u00e0\u00a0 80 milliards de francs guin\u00e9ens.Ce qui concerne seulement son volet d&rsquo;infrastructures.\u2039\u2039Et \u00e7a ne se limite pas qu&rsquo;au niveau des infrastructures. Nous avons les \u00e9quipements qui vont suivrent.Avec l&rsquo;appui financier de la BID,nous avons r\u00e9ussi \u00e0\u00a0 former\u00a0 \u00a0les jeunes encadreurs qui viendront dispenser les cours dans ces diff\u00e9rentes \u00c9coles (ERAM)\u203a\u203a, a ajout\u00e9 la ministre de l&rsquo;Enseignement Technique,de la formation professionnelle et de l&rsquo;Emploi .<\/div>\n<div dir=\"auto\"><\/div>\n<div dir=\"auto\"><\/div>\n<div dir=\"auto\"><\/div>\n<div dir=\"auto\">Avant de faire des\u00a0 recommandations \u00e0 l&rsquo;intention des\u00a0 entrepreneurs\u00a0 par rapport \u00e0\u00a0 la gestion d&rsquo;eau et des emm\u00e9nagements dans ces diff\u00e9rents chantiers.<\/div>\n<div dir=\"auto\"><\/div>\n<div dir=\"auto\"><\/div>\n<div dir=\"auto\"><\/div>\n<p>Pour sa part, Diallo Alpha Boubacar, repr\u00e9sentant de la Banque Islamique de\u00a0 d\u00e9veloppement en Guin\u00e9e, a affirm\u00e9 :\u2039\u2039 l&rsquo;un des objectifs de la Banque Islamique du d\u00e9veloppement,c&rsquo;est de lutter contre la pauvret\u00e9 et restaurer la dignit\u00e9 humaine.Ceux-ci\u00a0 \u00a0passent\u00a0 \u00a0par la formation de qualit\u00e9, par l&rsquo;appui des secteurs porteurs de croissance tel que le secteur des mines, le secteur de BTP. C&rsquo;est dans ce cadre que cette requ\u00eate nous a \u00e9t\u00e9 introduite par les autorit\u00e9s nationales \u00e0 la t\u00eate desquelles se trouve son excellence monsieur le pr\u00e9sident de la R\u00e9publique avec le slogan d&rsquo;appuyer la jeunesse, a-t-il affirm\u00e9 affirme le repr\u00e9sentant de la BID.<\/p>\n<\/div>\n<div dir=\"auto\"><\/div>\n<div dir=\"auto\">\n<p>Sylla Ibrahima Kalil, pour\u00a0<a href=\"https:\/\/conakrynews.org\/\" target=\"_blank\" rel=\"noopener noreferrer\" data-saferedirecturl=\"https:\/\/www.google.com\/url?q=https:\/\/conakrynews.org&amp;source=gmail&amp;ust=1623924149963000&amp;usg=AFQjCNGyHE9GhAi2H1qptL_3RpVH-fSekg\">www.conakrynews.org<\/a>\u00a0625444534<\/p>\n<div dir=\"auto\"><\/div>\n<div dir=\"auto\"><\/div>\n<\/div>\n","protected":false},"excerpt":{"rendered":"<p>Depuis\u00a0 son arriv\u00e9e \u00e0 la t\u00eate de la magistrature supr\u00eame de notre pays,le pr\u00e9sident de la r\u00e9publique\u00a0 prof.Apha Cond\u00e9 a mis l&rsquo;enseignement technique et la formation professionnelle au centre de ses pr\u00e9occupations.Cette initiative de M.le pr\u00e9sident de la r\u00e9publique vise \u00e0 doter notre pays des ressources humaines qualifi\u00e9es pour r\u00e9pondre aux besoins de la\u00a0 soci\u00e9t\u00e9 [&hellip;]<\/p>\n","protected":false},"author":2,"featured_media":8999,"comment_status":"closed","ping_status":"closed","sticky":false,"template":"","format":"standard","meta":{"footnotes":""},"categories":[58],"tags":[],"class_list":{"0":"post-8980","1":"post","2":"type-post","3":"status-publish","4":"format-standard","5":"has-post-thumbnail","7":"category-societe"},"_links":{"self":[{"href":"https:\/\/conakrynews.org\/index.php\/wp-json\/wp\/v2\/posts\/8980","targetHints":{"allow":["GET"]}}],"collection":[{"href":"https:\/\/conakrynews.org\/index.php\/wp-json\/wp\/v2\/posts"}],"about":[{"href":"https:\/\/conakrynews.org\/index.php\/wp-json\/wp\/v2\/types\/post"}],"author":[{"embeddable":true,"href":"https:\/\/conakrynews.org\/index.php\/wp-json\/wp\/v2\/users\/2"}],"replies":[{"embeddable":true,"href":"https:\/\/conakrynews.org\/index.php\/wp-json\/wp\/v2\/comments?post=8980"}],"version-history":[{"count":0,"href":"https:\/\/conakrynews.org\/index.php\/wp-json\/wp\/v2\/posts\/8980\/revisions"}],"wp:featuredmedia":[{"embeddable":true,"href":"https:\/\/conakrynews.org\/index.php\/wp-json\/wp\/v2\/media\/8999"}],"wp:attachment":[{"href":"https:\/\/conakrynews.org\/index.php\/wp-json\/wp\/v2\/media?parent=8980"}],"wp:term":[{"taxonomy":"category","embeddable":true,"href":"https:\/\/conakrynews.org\/index.php\/wp-json\/wp\/v2\/categories?post=8980"},{"taxonomy":"post_tag","embeddable":true,"href":"https:\/\/conakrynews.org\/index.php\/wp-json\/wp\/v2\/tags?post=8980"}],"curies":[{"name":"wp","href":"https:\/\/api.w.org\/{rel}","templated":true}]}}