{"id":9032,"date":"2021-06-17T11:35:10","date_gmt":"2021-06-17T11:35:10","guid":{"rendered":"https:\/\/conakrynews.org\/?p=9032"},"modified":"2021-06-17T15:58:18","modified_gmt":"2021-06-17T15:58:18","slug":"apres-dix-ans-dabsence-laurent-gbagbo-de-retour-jeudi","status":"publish","type":"post","link":"https:\/\/conakrynews.org\/index.php\/apres-dix-ans-dabsence-laurent-gbagbo-de-retour-jeudi\/","title":{"rendered":"Apr\u00e8s dix ans d\u2019absence, Laurent Gbagbo de retour jeudi"},"content":{"rendered":"<h1 class=\"name post-title entry-title\" style=\"text-align: center\"><\/h1>\n<p class=\"post-meta\">\n<div class=\"clear\"><\/div>\n<div class=\"entry\">\n<div class=\"intro\">\n<p>L\u2019ex-pr\u00e9sident ivoirien Laurent Gbagbo doit rentrer jeudi \u00e0 Abidjan apr\u00e8s dix ans d\u2019absence, trois mois \u00e0 peine apr\u00e8s son acquittement d\u00e9finitif de crimes contre l\u2019humanit\u00e9 et le feu vert \u00e0 son retour donn\u00e9 par son rival, le pr\u00e9sident Alassane Ouattara, au nom de la \u00ab\u00a0r\u00e9conciliation nationale\u00a0\u00bb.<\/p>\n<\/div>\n<p>Laurent Gbagbo, qui a dirig\u00e9 le pays pendant dix ans jusqu\u2019en 2011, sera accueilli au pavillon pr\u00e9sidentiel \u00e0 l\u2019a\u00e9roport, comme l\u2019a propos\u00e9 le pr\u00e9sident Alassane Ouattara. C\u2019est un \u00ab\u00a0<em>message fort\u00a0\u00bb\u00a0<\/em>d\u2019Alassane Ouattara, un geste en faveur de la r\u00e9conciliation, a salu\u00e9 le parti de Laurent Gbagbo, le Front populaire ivoirien (FPI).<\/p>\n<p>L\u2019avion en provenance de Bruxelles doit atterrir \u00e0 l\u2019a\u00e9roport d\u2019Abidjan \u00e0 15h45 (heure locale et GMT). Une journ\u00e9e d\u00e9j\u00e0 qualifi\u00e9e d&rsquo;\u00a0\u00bbhistorique\u00a0\u00bb: elle marque le retour d\u2019un homme de 76 ans, qui domine la politique ivoirienne depuis des d\u00e9cennies, comme opposant, pr\u00e9sident, prisonnier. Il revient, selon ses proches, sans esprit de vengeance, mais au contraire pour oeuvrer \u00e0 la politique de \u00ab\u00a0<em>r\u00e9conciliation nationale\u00a0\u00bb.<\/em><\/p>\n<p>Son absence n\u2019a pas \u00e9rod\u00e9 sa popularit\u00e9 dans son camp. Les habitants de Mama (centre-ouest), son village natal, ont commenc\u00e9 d\u00e8s dimanche \u00e0 f\u00eater son retour. \u00ab\u00a0<em>Je<\/em>\u00a0s<em>uis Gbagbo ou rien. Sans Gbagbo pas de r\u00e9conciliation. On a pri\u00e9 pour qu\u2019il revienne. Dieu merci il revient vivant. On est pr\u00eat pour l\u2019accueillir\u00a0\u00bb<\/em>, a d\u00e9clar\u00e9 \u00e0 l\u2019AFP B\u00e9atrice Kragba.<\/p>\n<p>A Abidjan, des habitants commen\u00e7aient \u00e0 manifester leur joie lundi, comme un homme qui avait plac\u00e9 sur son scooter une pancarte \u00ab\u00a0<em>Dignes fils d\u2019Afrique, honneur et gloire \u00e0 vous. Gbagbo arrive!\u00a0\u00bb.<\/em><\/p>\n<p>A l\u2019oppos\u00e9, ses adversaires estiment toujours qu\u2019il a pr\u00e9cipit\u00e9 son pays dans le chaos en refusant sa d\u00e9faite face \u00e0 Alassane Ouattara \u00e0 la pr\u00e9sidentielle de 2010. Ce refus avait provoqu\u00e9 une grave crise post-\u00e9lectorale, pendant laquelle quelque 3.000 personnes ont \u00e9t\u00e9 tu\u00e9es.<\/p>\n<h2 class=\"wsw__h2\">La col\u00e8re des victimes<\/h2>\n<p>C\u2019est pour ces violences que M. Gbagbo avait \u00e9t\u00e9 arr\u00eat\u00e9 en avril 2011, d\u2019abord d\u00e9tenu dans le nord de la C\u00f4te d\u2019Ivoire, puis transf\u00e9r\u00e9 fin 2011 \u00e0 la Cour p\u00e9nale internationale (CPI) \u00e0 La Haye. La CPI l\u2019a d\u00e9finitivement acquitt\u00e9 de crimes contre l\u2019humanit\u00e9 le 31 mars. Il vit depuis \u00e0 Bruxelles.<\/p>\n<p>Dans la foul\u00e9e de son acquittement et au nom de la \u00ab\u00a0r\u00e9conciliation nationale\u00a0\u00bb dans un pays meurtri par les violences politiques et ethniques depuis plus de 20 ans, Alassane Ouattara avait donn\u00e9 son feu vert au retour de Laurent Gbagbo, assurant qu\u2019il b\u00e9n\u00e9ficierait des avantages dus aux anciens pr\u00e9sidents.<\/p>\n<p>Des victimes de la crise de 2010-2011 s\u2019inqui\u00e8tent cependant de son retour et d\u00e9noncent une r\u00e9conciliation qui se fait au prix de l\u2019impunit\u00e9.<\/p>\n<p>Laurent Gbagbo reste sous le coup d\u2019une condamnation en C\u00f4te d\u2019Ivoire \u00e0 20 ans de prison pour le \u00ab\u00a0braquage\u00a0\u00bb de la Banque centrale des Etats d\u2019Afrique de l\u2019Ouest (BCEAO) commis \u00e0 cette \u00e9poque. Pour le Collectif des victimes de C\u00f4te d\u2019Ivoire (CVCI), cette peine doit \u00eatre ex\u00e9cut\u00e9e.<\/p>\n<p>En annon\u00e7ant d\u00e9but avril qu\u2019il \u00e9tait libre de rentrer quand il le souhaitait en C\u00f4te d\u2019Ivoire, le pr\u00e9sident Ouattara n\u2019avait pas mentionn\u00e9 cette condamnation, mais Amadou Coulibaly, ministre de la Communication et porte-parole du gouvernement, a laiss\u00e9 entendre qu\u2019elle serait lev\u00e9e.<\/p>\n<p>Le CVCI a annonc\u00e9 qu\u2019il manifesterait \u00e0 l\u2019arriv\u00e9e de Laurent Gbagbo.<\/p>\n<h2 class=\"wsw__h2\">Eviter tout d\u00e9bordement<\/h2>\n<p>Mais \u00e0 deux jours de l\u2019arriv\u00e9e de l\u2019ancien pr\u00e9sident, son parti et le gouvernement ont donn\u00e9 peu de d\u00e9tails sur l\u2019organisation de cette journ\u00e9e, qui pourrait voir les supporters de l\u2019ex-pr\u00e9sident affluer massivement vers l\u2019a\u00e9roport pour accueillir leur chef. Les discussions sur la s\u00e9curit\u00e9 sont toujours en cours.<\/p>\n<p>Le souci des deux parties est cependant d\u2019\u00e9viter tout d\u00e9bordement.<\/p>\n<p>\u00ab\u00a0<em>Mon souhait est qu\u2019il n\u2019y ait pas de triomphalisme qui pourrait engendrer des ranc\u0153urs et r\u00e9veiller les vieux d\u00e9mons de la division au lieu d\u2019apporter la paix en C\u00f4te d\u2019Ivoire\u00a0\u00bb<\/em>, a d\u00e9clar\u00e9 \u00e0 l\u2019AFP Jo\u00ebl N\u2019Guessan, du Rassemblement des Houphou\u00ebtistes pour la d\u00e9mocratie et la paix (RHDP), le parti au pouvoir.<\/p>\n<p>\u00ab\u00a0<em>La C\u00f4te d\u2019Ivoire doit se retrouver. (\u2026) Elle est aujourd\u2019hui en danger de d\u00e9stabilisation par des jihadistes\u00a0\u00bb,<\/em>\u00a0a d\u00e9clar\u00e9 Assoa Adou, le secr\u00e9taire g\u00e9n\u00e9ral du FPI, \u00e9voquant les r\u00e9centes attaques meurtri\u00e8res dans le nord du pays.<\/p>\n<p>Il a appel\u00e9 \u00ab\u00a0<em>tous les sympathisants<\/em>\u00a0\u00bb de Laurent Gbagbo \u00e0 \u00ab\u00a0<em>ne pas r\u00e9pondre aux provocations, parce qu\u2019ils vont nous provoquer (\u2026) mais de dire \u00e0 tous ceux qui manifestent: l\u2019essentiel, c\u2019est de se retrouver pour reconstruire un pays en paix, de fraternit\u00e9\u00a0\u00bb.<\/em><\/p>\n<p>&nbsp;<\/p>\n<p><strong>Avec AFP<\/strong><\/p>\n<\/div>\n","protected":false},"excerpt":{"rendered":"<p>L\u2019ex-pr\u00e9sident ivoirien Laurent Gbagbo doit rentrer jeudi \u00e0 Abidjan apr\u00e8s dix ans d\u2019absence, trois mois \u00e0 peine apr\u00e8s son acquittement d\u00e9finitif de crimes contre l\u2019humanit\u00e9 et le feu vert \u00e0 son retour donn\u00e9 par son rival, le pr\u00e9sident Alassane Ouattara, au nom de la \u00ab\u00a0r\u00e9conciliation nationale\u00a0\u00bb. Laurent Gbagbo, qui a dirig\u00e9 le pays pendant dix [&hellip;]<\/p>\n","protected":false},"author":2,"featured_media":9033,"comment_status":"closed","ping_status":"closed","sticky":false,"template":"","format":"standard","meta":{"footnotes":""},"categories":[57],"tags":[],"class_list":{"0":"post-9032","1":"post","2":"type-post","3":"status-publish","4":"format-standard","5":"has-post-thumbnail","7":"category-politique"},"_links":{"self":[{"href":"https:\/\/conakrynews.org\/index.php\/wp-json\/wp\/v2\/posts\/9032","targetHints":{"allow":["GET"]}}],"collection":[{"href":"https:\/\/conakrynews.org\/index.php\/wp-json\/wp\/v2\/posts"}],"about":[{"href":"https:\/\/conakrynews.org\/index.php\/wp-json\/wp\/v2\/types\/post"}],"author":[{"embeddable":true,"href":"https:\/\/conakrynews.org\/index.php\/wp-json\/wp\/v2\/users\/2"}],"replies":[{"embeddable":true,"href":"https:\/\/conakrynews.org\/index.php\/wp-json\/wp\/v2\/comments?post=9032"}],"version-history":[{"count":0,"href":"https:\/\/conakrynews.org\/index.php\/wp-json\/wp\/v2\/posts\/9032\/revisions"}],"wp:featuredmedia":[{"embeddable":true,"href":"https:\/\/conakrynews.org\/index.php\/wp-json\/wp\/v2\/media\/9033"}],"wp:attachment":[{"href":"https:\/\/conakrynews.org\/index.php\/wp-json\/wp\/v2\/media?parent=9032"}],"wp:term":[{"taxonomy":"category","embeddable":true,"href":"https:\/\/conakrynews.org\/index.php\/wp-json\/wp\/v2\/categories?post=9032"},{"taxonomy":"post_tag","embeddable":true,"href":"https:\/\/conakrynews.org\/index.php\/wp-json\/wp\/v2\/tags?post=9032"}],"curies":[{"name":"wp","href":"https:\/\/api.w.org\/{rel}","templated":true}]}}