{"id":9037,"date":"2021-06-17T11:40:57","date_gmt":"2021-06-17T11:40:57","guid":{"rendered":"https:\/\/conakrynews.org\/?p=9037"},"modified":"2021-06-17T15:57:53","modified_gmt":"2021-06-17T15:57:53","slug":"nzerekore-un-orphelin-de-13-ans-perd-ses-2-doigts-pour-avoir-cueilli-une-mangue-dans-un-champ-dautrui","status":"publish","type":"post","link":"https:\/\/conakrynews.org\/index.php\/nzerekore-un-orphelin-de-13-ans-perd-ses-2-doigts-pour-avoir-cueilli-une-mangue-dans-un-champ-dautrui\/","title":{"rendered":"Nz\u00e9r\u00e9kor\u00e9 : Un orphelin de 13 ans perd ses (2) doigts pour avoir cueilli une mangue dans un champ d\u2019autrui"},"content":{"rendered":"<h1 class=\"name post-title entry-title\"><\/h1>\n<p class=\"post-meta\">\n<div class=\"clear\"><\/div>\n<div class=\"entry\">\n<p>Orphelin de m\u00e8re il y a juste deux mois, un petit gar\u00e7on de 13 ans a \u00e9t\u00e9 bastonn\u00e9, d\u00e9figur\u00e9, deux (2) de ses doigts sectionn\u00e9s \u00e0 l\u2019aide d\u2019une machette, samedi 12 juin 2021, dans la sous-pr\u00e9fecture de Soulouta, pr\u00e9fecture de Nz\u00e9r\u00e9kor\u00e9, rapporte la correspondante r\u00e9gionale de l\u2019AGP. L\u2019acte se produit en ce mois de juin, consacr\u00e9 \u00e0 la promotion des Droits des enfants.<\/p>\n<p>Son seul crime serait le fait de cueillir une mangue dans un champ d\u2019autrui pour satisfaire son besoin alimentaire. L\u2019affaire a suscit\u00e9 de nombreuses r\u00e9actions dans la pr\u00e9fecture de N\u2019Z\u00e9r\u00e9kor\u00e9. Il est actuellement pris en charge \u00e0 l\u2019h\u00f4pital r\u00e9gional de N\u2019Z\u00e9r\u00e9kor\u00e9. Son \u00e9tat est jug\u00e9 \u2018\u2019critique mais stable\u2019\u2019.<\/p>\n<p>Les trois pr\u00e9sum\u00e9s auteurs dont un aveugle, ont \u00e9t\u00e9 mis aux arr\u00eats et conduits \u00e0 la maison centrale de N\u2019Z\u00e9r\u00e9kor\u00e9 en attendant leur proc\u00e8s.<br \/>\nInterrog\u00e9 sur cette situation, Thi\u00e8rno Alseny SOUARE, inspecteur r\u00e9gional de l\u2019Action Sociale, a affirm\u00e9 que trois personnes seraient complices dans cette affaire dont un aveugle.<\/p>\n<p>\u00abQuand je suis all\u00e9 pour prendre la version des parents, ils m\u2019ont fait comprendre que c\u2019est un aveugle qui \u00e9tait l\u2019acteur principal. Mais la plus grande question est de savoir, comment est-ce possible qu\u2019un aveugle ait une machette ? Comment s\u2019est-il arrang\u00e9 pour sectionner les deux (2) doigts de l\u2019enfant, sectionner une partie de son bras droit et le d\u00e9figurer de la sorte ? En aucun cas, il n\u2019aurait pas l\u2019audace de faire un tel acte ignoble seul sans l\u2019aide de quelqu\u2019un d\u2019autre \u00bb, a-t-il indiqu\u00e9.<\/p>\n<p>Il a ajout\u00e9 que \u00ab aujourd\u2019hui on est en train de parler de la promotion de l\u2019enfant en Guin\u00e9e. Nous voudrions avoir des enfants dignes de notre Afrique. Et voici des comportements pareils ou des personnes mal intentionn\u00e9es veulent mettre tous ces efforts fournis par le gouvernement et les partenaires techniques et financiers \u00e0 l\u2019eau. Il faudrait que les populations comprennent que les actions men\u00e9es par le gouvernement et ses partenaires s\u2019inscrivent dans le cadre du respect et de la promotion des droits des citoyens particuli\u00e8rement les femmes et les enfants qui sont des couches vuln\u00e9rables. Ils ont tent\u00e9 de camoufler l\u2019affaire mais tant qu\u2019il n\u2019y aurait pas de sanctions, les violences \u00e0 l\u2019\u00e9gard des femmes et les enfants vont perdurer. C\u2019est pourquoi j\u2019invite la population \u00e0 aider l\u2019Etat pour faire respecter les lois. Les communaut\u00e9s doivent savoir que tout ce que nous faisons est dans leur int\u00e9r\u00eat et celui de toute la Guin\u00e9e \u00bb, a-t-il conclu.<\/p>\n<p>A noter que c\u2019est gr\u00e2ce \u00e0 la synergie d\u2019action entre les services sanitaires, l\u2019action sociale et la gendarmerie que cette affaire a \u00e9t\u00e9 vite saisie.<\/p>\n<p><strong>AGP<\/strong><\/p>\n<\/div>\n","protected":false},"excerpt":{"rendered":"<p>Orphelin de m\u00e8re il y a juste deux mois, un petit gar\u00e7on de 13 ans a \u00e9t\u00e9 bastonn\u00e9, d\u00e9figur\u00e9, deux (2) de ses doigts sectionn\u00e9s \u00e0 l\u2019aide d\u2019une machette, samedi 12 juin 2021, dans la sous-pr\u00e9fecture de Soulouta, pr\u00e9fecture de Nz\u00e9r\u00e9kor\u00e9, rapporte la correspondante r\u00e9gionale de l\u2019AGP. L\u2019acte se produit en ce mois de juin, [&hellip;]<\/p>\n","protected":false},"author":2,"featured_media":9038,"comment_status":"closed","ping_status":"closed","sticky":false,"template":"","format":"standard","meta":{"footnotes":""},"categories":[58],"tags":[],"class_list":{"0":"post-9037","1":"post","2":"type-post","3":"status-publish","4":"format-standard","5":"has-post-thumbnail","7":"category-societe"},"_links":{"self":[{"href":"https:\/\/conakrynews.org\/index.php\/wp-json\/wp\/v2\/posts\/9037","targetHints":{"allow":["GET"]}}],"collection":[{"href":"https:\/\/conakrynews.org\/index.php\/wp-json\/wp\/v2\/posts"}],"about":[{"href":"https:\/\/conakrynews.org\/index.php\/wp-json\/wp\/v2\/types\/post"}],"author":[{"embeddable":true,"href":"https:\/\/conakrynews.org\/index.php\/wp-json\/wp\/v2\/users\/2"}],"replies":[{"embeddable":true,"href":"https:\/\/conakrynews.org\/index.php\/wp-json\/wp\/v2\/comments?post=9037"}],"version-history":[{"count":0,"href":"https:\/\/conakrynews.org\/index.php\/wp-json\/wp\/v2\/posts\/9037\/revisions"}],"wp:featuredmedia":[{"embeddable":true,"href":"https:\/\/conakrynews.org\/index.php\/wp-json\/wp\/v2\/media\/9038"}],"wp:attachment":[{"href":"https:\/\/conakrynews.org\/index.php\/wp-json\/wp\/v2\/media?parent=9037"}],"wp:term":[{"taxonomy":"category","embeddable":true,"href":"https:\/\/conakrynews.org\/index.php\/wp-json\/wp\/v2\/categories?post=9037"},{"taxonomy":"post_tag","embeddable":true,"href":"https:\/\/conakrynews.org\/index.php\/wp-json\/wp\/v2\/tags?post=9037"}],"curies":[{"name":"wp","href":"https:\/\/api.w.org\/{rel}","templated":true}]}}