{"id":9054,"date":"2021-06-18T10:15:28","date_gmt":"2021-06-18T10:15:28","guid":{"rendered":"https:\/\/conakrynews.org\/?p=9054"},"modified":"2021-06-18T10:15:28","modified_gmt":"2021-06-18T10:15:28","slug":"cote-divoire-laurent-gbagbo-est-rentre-a-abidjan","status":"publish","type":"post","link":"https:\/\/conakrynews.org\/index.php\/cote-divoire-laurent-gbagbo-est-rentre-a-abidjan\/","title":{"rendered":"C\u00f4te d\u2019Ivoire: Laurent Gbagbo est rentr\u00e9 \u00e0 Abidjan"},"content":{"rendered":"<h1 class=\"name post-title entry-title\"><\/h1>\n<div class=\"clear\"><\/div>\n<div class=\"entry\">\n<p>L\u2019ancien pr\u00e9sident ivoirien Laurent Gbagbo est arriv\u00e9 jeudi \u00e0 Abidjan en avion depuis Bruxelles. C\u2019est la premi\u00e8re fois qu\u2019il foule le sol de C\u00f4te d\u2019Ivoire depuis qu\u2019il a \u00e9t\u00e9 chass\u00e9 du pouvoir en\u00a02011. Un\u00a0retour permis par son acquittement de crimes contre l\u2019humanit\u00e9 par la justice internationale et par le feu vert donn\u00e9 par Abidjan au nom de la \u00ab\u00a0r\u00e9conciliation nationale\u00a0\u00bb.<\/p>\n<p>L\u2019avion transportant l\u2019ancien pr\u00e9sident ivoirien\u00a0<a href=\"https:\/\/www.france24.com\/fr\/tag\/laurent-gbagbo\/\" target=\"_self\" rel=\"noopener noreferrer\">Laurent Gbagbo<\/a>\u00a0a atterri,\u00a0jeudi 17 juin, peu avant 16H30 (locales et GMT), dans son pays qu\u2019il avait \u00e9t\u00e9 contraint de quitter il y a dix ans,<a href=\"https:\/\/www.france24.com\/fr\/afrique\/20210617-c%C3%B4te-d-ivoire-laurent-gbagbo-l-infatigable-combattant\" target=\"_self\" rel=\"noopener noreferrer\">\u00a0trois mois \u00e0 peine apr\u00e8s son acquittement d\u00e9finitif de crimes contre l\u2019humanit\u00e9<\/a>\u00a0par la justice internationale.<\/p>\n<p>Il est rentr\u00e9 par un vol r\u00e9gulier venant de Bruxelles o\u00f9 il vivait\u00a0depuis son acquittement par la Cour p\u00e9nale internationale (CPI) en janvier 2019, confirm\u00e9 en appel le 31 mars. Laurent\u00a0Gbagbo a \u00e9t\u00e9 acclam\u00e9 \u00e0 sa descente d\u2019avion par des centaines de personnes, celles qui avaient pu avoir acc\u00e8s \u00e0 l\u2019a\u00e9roport, ses proches, les responsables de son parti, le Front populaire ivoirien (FPI), et le personnel de l\u2019a\u00e9roport et de compagnies a\u00e9riennes.<\/p>\n<p>Mais peu avant l\u2019atterrissage, des tirs et\u00a0des fum\u00e9es de gaz lacrymog\u00e8nes ont \u00e9t\u00e9 observ\u00e9s\u00a0tout pr\u00e8s de l\u2019a\u00e9roport.\u00a0Depuis jeudi matin, la police disperse avec du gaz lacrymog\u00e8ne tous ceux qui tentent de se rassembler pour cette arriv\u00e9e.<\/p>\n<div id=\"tms-ad-inread-9748193079872622\" class=\"tms-ad\" data-tms-ad-type=\"inread\" data-tms-ad-provider=\"invibes\" data-tms-ad-status=\"loaded\">\n<div id=\"divVideoStepAdBottom\" class=\"divVideoStep\"><\/div>\n<\/div>\n<div id=\"tms-ad-inread-22121461379647633\" class=\"tms-ad\" data-tms-ad-type=\"inread\" data-tms-ad-provider=\"invibes\" data-tms-ad-status=\"loaded\">\n<div id=\"divVideoStepAdBottom\" class=\"divVideoStep\"><\/div>\n<\/div>\n<p>L\u2019ex-pr\u00e9sident se rendra ensuite dans le quartier d\u2019Attoban, o\u00f9 se trouve son ancien QG de campagne pour l\u2019\u00e9lection pr\u00e9sidentielle de 2010, selon un communiqu\u00e9 du FPI qui invite<a href=\"https:\/\/www.france24.com\/fr\/afrique\/20210617-c%C3%B4te-d-ivoire-les-partisans-de-laurent-gbagbo-pr%C3%AAts-%C3%A0-f%C3%AAter-le-retour-de-l-ex-pr%C3%A9sident\" target=\"_self\" rel=\"noopener noreferrer\">\u00a0\u00ab\u00a0les membres de la direction du parti\u00a0\u00bb \u00e0 s\u2019y rendre pour l\u2019accueillir.<\/a><\/p>\n<p>&nbsp;<\/p>\n<p>Avec France24<\/p>\n<\/div>\n<div class=\"share-post\">\n<ul class=\"flat-social\">\n<li><\/li>\n<\/ul>\n<\/div>\n","protected":false},"excerpt":{"rendered":"<p>L\u2019ancien pr\u00e9sident ivoirien Laurent Gbagbo est arriv\u00e9 jeudi \u00e0 Abidjan en avion depuis Bruxelles. C\u2019est la premi\u00e8re fois qu\u2019il foule le sol de C\u00f4te d\u2019Ivoire depuis qu\u2019il a \u00e9t\u00e9 chass\u00e9 du pouvoir en\u00a02011. Un\u00a0retour permis par son acquittement de crimes contre l\u2019humanit\u00e9 par la justice internationale et par le feu vert donn\u00e9 par Abidjan au [&hellip;]<\/p>\n","protected":false},"author":2,"featured_media":9055,"comment_status":"closed","ping_status":"closed","sticky":false,"template":"","format":"standard","meta":{"footnotes":""},"categories":[57],"tags":[],"class_list":{"0":"post-9054","1":"post","2":"type-post","3":"status-publish","4":"format-standard","5":"has-post-thumbnail","7":"category-politique"},"_links":{"self":[{"href":"https:\/\/conakrynews.org\/index.php\/wp-json\/wp\/v2\/posts\/9054","targetHints":{"allow":["GET"]}}],"collection":[{"href":"https:\/\/conakrynews.org\/index.php\/wp-json\/wp\/v2\/posts"}],"about":[{"href":"https:\/\/conakrynews.org\/index.php\/wp-json\/wp\/v2\/types\/post"}],"author":[{"embeddable":true,"href":"https:\/\/conakrynews.org\/index.php\/wp-json\/wp\/v2\/users\/2"}],"replies":[{"embeddable":true,"href":"https:\/\/conakrynews.org\/index.php\/wp-json\/wp\/v2\/comments?post=9054"}],"version-history":[{"count":0,"href":"https:\/\/conakrynews.org\/index.php\/wp-json\/wp\/v2\/posts\/9054\/revisions"}],"wp:featuredmedia":[{"embeddable":true,"href":"https:\/\/conakrynews.org\/index.php\/wp-json\/wp\/v2\/media\/9055"}],"wp:attachment":[{"href":"https:\/\/conakrynews.org\/index.php\/wp-json\/wp\/v2\/media?parent=9054"}],"wp:term":[{"taxonomy":"category","embeddable":true,"href":"https:\/\/conakrynews.org\/index.php\/wp-json\/wp\/v2\/categories?post=9054"},{"taxonomy":"post_tag","embeddable":true,"href":"https:\/\/conakrynews.org\/index.php\/wp-json\/wp\/v2\/tags?post=9054"}],"curies":[{"name":"wp","href":"https:\/\/api.w.org\/{rel}","templated":true}]}}