{"id":9060,"date":"2021-06-18T10:33:37","date_gmt":"2021-06-18T10:33:37","guid":{"rendered":"https:\/\/conakrynews.org\/?p=9060"},"modified":"2021-06-18T13:32:30","modified_gmt":"2021-06-18T13:32:30","slug":"loi-sur-la-liberte-de-la-presse-me-mohamed-traore-leve-lequivoque","status":"publish","type":"post","link":"https:\/\/conakrynews.org\/index.php\/loi-sur-la-liberte-de-la-presse-me-mohamed-traore-leve-lequivoque\/","title":{"rendered":"Loi sur la libert\u00e9 de la presse : Me Mohamed Traor\u00e9 l\u00e8ve l&rsquo;\u00e9quivoque"},"content":{"rendered":"<div class=\"td-post-header\">\n<header class=\"td-post-title\">\n<h1 class=\"entry-title\"><\/h1>\n<div class=\"td-module-meta-info\">\n<div class=\"td-post-author-name\">\n<div class=\"td-author-by\"><\/div>\n<\/div>\n<\/div>\n<\/header>\n<\/div>\n<div class=\"td-post-sharing td-post-sharing-top \">\n<div class=\"td-default-sharing\"><i class=\"td-icon-facebook\"><\/i>\u00a0<i class=\"td-icon-twitter\"><\/i>\u00a0<i class=\"td-icon-googleplus\"><\/i>\u00a0<i class=\"td-icon-pinterest\"><\/i>\u00a0<i class=\"td-icon-whatsapp\"><\/i><\/div>\n<\/div>\n<div class=\"td-post-content\">\n<div class=\"td-post-featured-image\"><a class=\"td-modal-image\" href=\"https:\/\/liberationinfo.com\/wp-content\/uploads\/2021\/05\/download-34.jpeg\" data-caption=\"\"><img loading=\"lazy\" decoding=\"async\" class=\"entry-thumb td-animation-stack-type0-2\" title=\"download-34\" src=\"https:\/\/liberationinfo.com\/wp-content\/uploads\/2021\/05\/download-34.jpeg\" alt=\"\" width=\"232\" height=\"217\" \/><\/a><\/div>\n<header id=\"masthead\" class=\"site-header header-simple style_black\">\n<div id=\"nerubian-header\">\n<div class=\"header-content bar header-fixed scroll-top\">\n<div class=\"container\">\n<div class=\"nerubian-header-content \">\n<div class=\"header-content-right\">\n<div class=\"searchform-mini\"><\/div>\n<\/div>\n<\/div>\n<\/div>\n<\/div>\n<\/div>\n<\/header>\n<div id=\"content\" class=\"site-content\">\n<div class=\"wrap-content\">\n<div class=\"container\">\n<div class=\"row single-main-content\">\n<div class=\"main-content content-right col-sx-12 col-sm-12 col-md-9 col-lg-9\">\n<div class=\"content-inner\">\n<div class=\"code-block code-block-1\"><\/div>\n<div class=\"box box-article\">\n<article id=\"post-157316\" class=\"post-157316 post type-post status-publish format-standard has-post-thumbnail hentry category-tribune\">\n<div class=\"post-image single-image\"><\/div>\n<div class=\"entry-content clearfix\">\n<div class=\"entry-content-inner padding-left\">\n<div class=\"pf-content\">\n<div class=\"printfriendly pf-button pf-button-content pf-alignright\"><\/div>\n<p>C\u2019est une m\u00e9prise de penser que la loi sur la libert\u00e9 de la presse ne pr\u00e9voit pas la d\u00e9tention provisoire et la privation de libert\u00e9 comme sanction. Il existe bel et bien des peines privatives de libert\u00e9 dans ce texte.<br \/>\nPour ce qui est de la d\u00e9tention provisoire, l\u2019article 132 de cette loi indique que \u201d si l\u2019inculp\u00e9 est domicili\u00e9 en Guin\u00e9e, il ne peut \u00eatre pr\u00e9ventivement arr\u00eat\u00e9, sauf dans les cas pr\u00e9vus aux articles 100, 101, 103, 104, 105, 106 de la pr\u00e9sente loi\u201d.<\/p>\n<p>On constate une maladresse dans la r\u00e9daction de ce texte. Cette maladresse \u00e9tait d\u00e9j\u00e0 constatable dans l\u2019article 52 de la loi fran\u00e7aise du 29 juillet 1881 portant sur la libert\u00e9 de la presse et dont l\u2019article 132 n\u2019est que la fid\u00e8le reproduction sous r\u00e9serves de quelques sp\u00e9cificit\u00e9s.<\/p>\n<div class=\"code-block code-block-2\"><\/div>\n<p>Cet article 52 a \u00e9t\u00e9 par la suite modifi\u00e9 par l\u2019article 5 de la loi n\u00b02014-1353 du 13 novembre 2014. Ainsi, l\u2019article 5 de la loi de 2014 modifiant l\u2019article 52 de la loi du 29 juillet 1881 est formul\u00e9 ainsi qu\u2019il suit : \u201d Si la personne mise en examen est domicili\u00e9e en France, elle ne pourra \u00eatre plac\u00e9e en d\u00e9tention provisoire que dans les cas pr\u00e9vus \u00e0 l\u2019article 23 et aux deuxi\u00e8mes et quatri\u00e8mes alin\u00e9as de l\u2019article 24\u2033.<\/p>\n<p>En disposant que \u201d si l\u2019inculp\u00e9 r\u00e9side en Guin\u00e9e, il ne pourra \u00eatre pr\u00e9ventivement arr\u00eat\u00e9 que dans les cas pr\u00e9vus aux articles \u2026\u2026.\u201d, le l\u00e9gislateur guin\u00e9en voulait exactement dire ce qu\u2019a dit son homologue fran\u00e7ais dans l\u2019article 5 de la loi de 2014 modifiant l\u2019article 52 de la loi du 29 juillet 1881. C\u2019est-\u00e0-dire qu\u2019il existe des cas limitativement \u00e9num\u00e9r\u00e9s dans lesquels la d\u00e9tention provisoire est possible.<\/p>\n<p>L\u2019inculp\u00e9 en Guin\u00e9e correspond au mis en examen en France. L\u2019expression \u201cpr\u00e9ventivement arr\u00eat\u00e9 \u201d renvoie en r\u00e9alit\u00e9 \u00e0 la d\u00e9tention provisoire malgr\u00e9 la maladresse de r\u00e9daction. Il faut rappeler que le le l\u00e9gislateur parle d\u00e9sormais de d\u00e9tention provisoire et non de d\u00e9tention pr\u00e9ventive.<\/p>\n<p>Pour revenir \u00e0 la loi sur la libert\u00e9 de la presse.et au regard des explications ainsi donn\u00e9es, elle pr\u00e9voit donc la d\u00e9tention provisoire, selon son article 132, dans les cas suivants :<\/p>\n<ul>\n<li>Les crimes contre la s\u00fbret\u00e9 int\u00e9rieure, les crimes de guerre, les crimes et d\u00e9lits de collaboration avec l\u2019ennemi commis par voie de presse (article 100).<\/li>\n<li>L\u2019apologie des crimes de meurtre, pillage, incendie, vol\u2026\u2026commis par voie de presse. ( article 101).<\/li>\n<li>La provocation \u00e0 la discrimination, \u00e0 la haine ou \u00e0 la violence \u00e0 l\u2019\u00e9gard d\u2019une personne ou d\u2019un groupe de personnes \u00e0 raison de leur origine ou de leur appartenance \u00e0 une ethnie, \u00e0 une nation, une race, ou une religion d\u00e9termin\u00e9e commise par voie de presse.( article 103).<\/li>\n<li>L\u2019incitation des militaires et paramilitaires \u00e0 se d\u00e9tourner de leur devoir r\u00e9publicain et \u00e0 d\u00e9sob\u00e9ir aux lois aux lois et r\u00e8glements commise par voie de presse. ( article 104).<\/li>\n<li>L\u2019offense au chef de l\u2019\u00c9tat commise par voie de presse ( article 105).<\/li>\n<li>La communication par quelque moyen que ce soit de fausses nouvelles, de pices fabriqu\u00e9es, falsifi\u00e9es ou mensong\u00e8rement attribu\u00e9es \u00e0 des tiers ( article 106).<\/li>\n<\/ul>\n<p>La loi sur la libert\u00e9 de la presse pr\u00e9voit donc six cas dans lesquels la d\u00e9tention provisoire est possible. Et lorsqu\u2019on parle d\u2019infractions commises par voie de presse, il s\u2019agit, comme on le sait, des infractions commises par l\u2019un des moyens vis\u00e9s en son article 98 de la loi sur la libert\u00e9 de la presse.<\/p>\n<p>Mais l\u2019on ne doit pas se borner \u00e0 dire que la loi sur la libert\u00e9 pr\u00e9voit des hypoth\u00e8ses o\u00f9 la d\u00e9tention provisoire est possible. En effet, une fois qu\u2019on a dit cela, il faut aller au-del\u00e0 de l\u2019article de 132. En d\u2019autres termes, une fois qu\u2019on a admis que la loi sur la libert\u00e9 de la presse n\u2019exclut pas la possibilit\u00e9 d\u2019une d\u00e9tention provisoire, il faut poser les conditions de la d\u00e9tention. Et pour cela, il faut sortir de la loi sur la libert\u00e9 de la presse pour interroger le code de proc\u00e9dure p\u00e9nale qui est le seul texte qui fixe les conditions de la d\u00e9tention provisoire \u00e0 travers notamment son article 235. Quand on fait une lecture combin\u00e9e des articles 132 de la loi sur la libert\u00e9 de la presse et 235 du code proc\u00e9dure p\u00e9nale, toutes les ambigu\u00eft\u00e9s s\u2019estompent aussit\u00f4t.<\/p>\n<p>Ainsi, \u00e0 titre d\u2019exemple, l\u2019article 132 de la loi sur la libert\u00e9 de la presse pr\u00e9voit la d\u00e9tention provisoire en mati\u00e8re d\u2019offense au Chef de l\u2019\u00c9tat. Mais l\u2019article 235 du code de proc\u00e9dure p\u00e9nale exclut la d\u00e9tention provisoire si la peine encourue n\u2019est pas criminelle ou si la peine correctionnelle n\u2019est pas \u00e9gale ou sup\u00e9rieure \u00e0 trois ann\u00e9es. Or, la peine attach\u00e9e \u00e0 l\u2019offense au chef de l\u2019\u00c9tat n\u2019est ni une peine criminelle ni une peine correctionnelle d\u2019une dur\u00e9e \u00e9gale ou sup\u00e9rieure \u00e0 trois ans. C\u2019est une simple peine d\u2019amende ( 5.000.000 de francs d\u2019amende). Ce qui signifie que le d\u00e9lit d\u2019offense au Chef de l\u2019\u00c9tat ne devrait pas entra\u00eener une d\u00e9tention provisoire.<\/p>\n<p>Pour aller plus loin, il faut relever que tout cela concerne l\u2019inculp\u00e9 r\u00e9sident en Guin\u00e9e. On peut dire, a contrario, que s\u2019il ne r\u00e9side pas en Guin\u00e9e, il peut \u00eatre plac\u00e9 en d\u00e9tention provisoire en dehors des cas pr\u00e9vus par l\u2019article 132 pourvu que ce soit d\u00e9cid\u00e9 par un juge d\u2019instruction puisque le texte parle d\u2019inculp\u00e9 ( mis en examen en France).<\/p>\n<p><strong>Me Mohamed Traor\u00e9, ex-b\u00e2tonnier (in page Facebook)<\/strong><\/p>\n<\/div>\n<\/div>\n<\/div>\n<\/article>\n<\/div>\n<\/div>\n<\/div>\n<\/div>\n<\/div>\n<\/div>\n<\/div>\n<\/div>\n","protected":false},"excerpt":{"rendered":"<p>\u00a0\u00a0\u00a0\u00a0 C\u2019est une m\u00e9prise de penser que la loi sur la libert\u00e9 de la presse ne pr\u00e9voit pas la d\u00e9tention provisoire et la privation de libert\u00e9 comme sanction. Il existe bel et bien des peines privatives de libert\u00e9 dans ce texte. Pour ce qui est de la d\u00e9tention provisoire, l\u2019article 132 de cette loi indique [&hellip;]<\/p>\n","protected":false},"author":2,"featured_media":9061,"comment_status":"closed","ping_status":"closed","sticky":false,"template":"","format":"standard","meta":{"footnotes":""},"categories":[58],"tags":[],"class_list":{"0":"post-9060","1":"post","2":"type-post","3":"status-publish","4":"format-standard","5":"has-post-thumbnail","7":"category-societe"},"_links":{"self":[{"href":"https:\/\/conakrynews.org\/index.php\/wp-json\/wp\/v2\/posts\/9060","targetHints":{"allow":["GET"]}}],"collection":[{"href":"https:\/\/conakrynews.org\/index.php\/wp-json\/wp\/v2\/posts"}],"about":[{"href":"https:\/\/conakrynews.org\/index.php\/wp-json\/wp\/v2\/types\/post"}],"author":[{"embeddable":true,"href":"https:\/\/conakrynews.org\/index.php\/wp-json\/wp\/v2\/users\/2"}],"replies":[{"embeddable":true,"href":"https:\/\/conakrynews.org\/index.php\/wp-json\/wp\/v2\/comments?post=9060"}],"version-history":[{"count":0,"href":"https:\/\/conakrynews.org\/index.php\/wp-json\/wp\/v2\/posts\/9060\/revisions"}],"wp:featuredmedia":[{"embeddable":true,"href":"https:\/\/conakrynews.org\/index.php\/wp-json\/wp\/v2\/media\/9061"}],"wp:attachment":[{"href":"https:\/\/conakrynews.org\/index.php\/wp-json\/wp\/v2\/media?parent=9060"}],"wp:term":[{"taxonomy":"category","embeddable":true,"href":"https:\/\/conakrynews.org\/index.php\/wp-json\/wp\/v2\/categories?post=9060"},{"taxonomy":"post_tag","embeddable":true,"href":"https:\/\/conakrynews.org\/index.php\/wp-json\/wp\/v2\/tags?post=9060"}],"curies":[{"name":"wp","href":"https:\/\/api.w.org\/{rel}","templated":true}]}}