{"id":9066,"date":"2021-06-19T13:17:48","date_gmt":"2021-06-19T13:17:48","guid":{"rendered":"https:\/\/conakrynews.org\/?p=9066"},"modified":"2021-06-19T13:44:54","modified_gmt":"2021-06-19T13:44:54","slug":"des-biens-du-groupe-bollore-saisis-au-burkina-faso","status":"publish","type":"post","link":"https:\/\/conakrynews.org\/index.php\/des-biens-du-groupe-bollore-saisis-au-burkina-faso\/","title":{"rendered":"Des biens du groupe Bollor\u00e9 saisis au Burkina Faso"},"content":{"rendered":"<div class=\"td-post-header\">\n<header class=\"td-post-title\">\n<h1 class=\"entry-title\"><\/h1>\n<div class=\"td-module-meta-info\">\n<div class=\"td-post-author-name\">\n<div class=\"td-author-by\"><\/div>\n<\/div>\n<\/div>\n<\/header>\n<\/div>\n<div class=\"td-post-sharing td-post-sharing-top \">\n<div class=\"td-default-sharing\"><i class=\"td-icon-facebook\"><\/i>\u00a0<i class=\"td-icon-twitter\"><\/i>\u00a0<i class=\"td-icon-googleplus\"><\/i>\u00a0<i class=\"td-icon-pinterest\"><\/i>\u00a0<i class=\"td-icon-whatsapp\"><\/i><\/div>\n<\/div>\n<div class=\"td-post-content\">\n<div class=\"td-post-featured-image\"><a class=\"td-modal-image\" href=\"https:\/\/liberationinfo.com\/wp-content\/uploads\/2021\/06\/cover-r4x3w1000-5ab3ed293b9bc-000-py8qc.jpg\" data-caption=\"\"><img loading=\"lazy\" decoding=\"async\" class=\"entry-thumb td-animation-stack-type0-2\" title=\"cover-r4x3w1000-5ab3ed293b9bc-000-py8qc\" src=\"https:\/\/liberationinfo.com\/wp-content\/uploads\/2021\/06\/cover-r4x3w1000-5ab3ed293b9bc-000-py8qc-696x521.jpg\" alt=\"\" width=\"696\" height=\"521\" \/><\/a><\/div>\n<div class=\"entry-header\">\n<h1 class=\"jeg_post_title\"><\/h1>\n<\/div>\n<div class=\"jeg_share_top_container\">\n<div class=\"jeg_share_button clearfix\">\n<div class=\"jeg_share_stats\"><\/div>\n<div class=\"jeg_sharelist\"><\/div>\n<\/div>\n<\/div>\n<div class=\"jeg_ad jeg_article jnews_content_top_ads \">\n<div class=\"ads-wrapper \"><\/div>\n<\/div>\n<div class=\"entry-content no-share\">\n<div class=\"jeg_share_button share-float jeg_sticky_share clearfix share-monocrhome\">\n<div class=\"jeg_share_float_container\"><\/div>\n<\/div>\n<div class=\"content-inner \">\n<p>Au Burkina Faso, le feuilleton judiciaire entre le groupe Bollor\u00e9 et la Sopam\u00a0SA \u2013 une soci\u00e9t\u00e9 de l\u2019homme d\u2019affaires burkinab\u00e8 Mohamed Sogli \u2013 continue. Ce dernier poursuit le groupe fran\u00e7ais pour des pr\u00e9judices subis lors du transport d\u2019un groupe \u00e9lectrique de la France au Burkina Faso.<\/p>\n<p>En 2010, le groupe Sopam\u00a0SA\u00a0confie le transport d\u2019un groupe \u00e9lectrique \u00e0 la soci\u00e9t\u00e9 Sagatrans, filiale du groupe Bollor\u00e9, de Saint-Nazaire en France \u00e0 Komsilga, au Burkina Faso. Mais c\u2019est plus d\u2019un an apr\u00e8s que la marchandise a \u00e9t\u00e9 livr\u00e9e, selon Maitre Jean-Charles Tougma, l\u2019un des avocats du groupe Sopam SA. \u00ab<em>Ils ont oubli\u00e9 la centrale au port d\u2019Abidjan. Les cons\u00e9quences, c\u2019est que la marchandise, au lieu , a subi des avaries. Nous avons entam\u00e9 une proc\u00e9dure pour rendre ce transporteur responsable.<\/em>\u00bb<\/p>\n<p>Apr\u00e8s expertise une fois \u00e0 Ouagadougou, il fallait remettre le groupe \u00e9lectrique \u00e0 neuf. Le co\u00fbt des travaux a \u00e9t\u00e9 estim\u00e9\u00a0\u00e0 environ\u00a0deux milliards de FCFA,\u00a0soit 3,618 millions d\u2019euros. La soci\u00e9t\u00e9 Sagatrans\u00a0refuse alors de prendre en charge les travaux, selon Maitre Jean-Charles Tougma, avocats du groupe Sopam\u00a0SA. \u00ab<em>\u00c0 la r\u00e9ception, il a \u00e9t\u00e9 constat\u00e9 une telle avarie qu\u2019il \u00e9tait impossible de r\u00e9ceptionner. D\u2019o\u00f9 l\u2019appel de l\u2019expertise et je pr\u00e9cise bien que c\u2019est l\u2019expert de Bollor\u00e9 qui est venu faire l\u2019expertise et arr\u00eater le co\u00fbt des marchandises neuves.<\/em>\u00bb<\/p>\n<div class=\"jeg_ad jeg_ad_article jnews_content_inline_ads \">\n<div class=\"ads-wrapper align-center \">\n<div class=\"ads_code\"><\/div>\n<\/div>\n<\/div>\n<p>Apr\u00e8s onze\u00a0ans de proc\u00e9dure, les trois filiales du groupe Bollor\u00e9 ont donc \u00e9t\u00e9 condamn\u00e9es \u00e0 lui verser solidairement la somme de 14 629 036 497 francs CFA (plus de 22 millions d\u2019euros), qui repr\u00e9sente\u00a0le d\u00e9dommagement li\u00e9 aux avaries subies par le groupe \u00e9lectrique\u00a0et le retard accus\u00e9 dans sa livraison \u00e0 Ouagadougou.\u00a0Face \u00e0 ce que les avocats du groupe Sopam\u00a0SA consid\u00e8rent comme un\u00a0refus d\u2019ex\u00e9cuter la d\u00e9cision, les biens et comptes bancaires\u00a0de trois filiales du groupe Bollor\u00e9 ont \u00e9t\u00e9 saisis depuis le 14 juin dernier.<\/p>\n<div id=\"tms-ad-inread-7655814948913344\" class=\"tms-ad\">\n<div id=\"divVideoStepAdBottom\" class=\"divVideoStep\">Les responsables du groupe Bollor\u00e9 au Burkina Faso n\u2019ont pas souhait\u00e9 s\u2019exprimer sur le sujet au moment o\u00f9 un huissier proc\u00e9dait \u00e0 l\u2019ex\u00e9cution de la d\u00e9cision.<\/div>\n<\/div>\n<div><\/div>\n<div><strong>Avec RFI\u00a0<\/strong><\/div>\n<div id=\"taboola-below-article\" class=\" trc_related_container trc_spotlight_widget tbl-feed-container tbl-feed-partial-width tbl-feed-frame-DIVIDER render-late-effect\">\n<div class=\" tbl-feed-header tbl-logo-right-position\">\n<div class=\"tbl-feed-header-logo\"><\/div>\n<\/div>\n<div id=\"taboola-below-article-pl1\" class=\" trc_related_container trc_spotlight_widget trc_elastic trc_elastic_thumbs-feed-01 tbl-feed-card tbl-feed-card \">\n<div class=\"trc_rbox_container\">\n<div>\n<div id=\"trc_wrapper_17428\" class=\"trc_rbox thumbs-feed-01 trc-content-sponsored \">\n<div id=\"outer_17428\" class=\"trc_rbox_outer\">\n<div id=\"rbox-t2v\" class=\"trc_rbox_div trc_rbox_border_elm\">\n<div id=\"internal_trc_17428\">\n<div class=\"videoCube trc_spotlight_item origin-undefined thumbnail_top syndicatedItem photoItem videoCube_1_child trc-first-recommendation trc-spotlight-first-recommendation \">\n<div class=\"thumbBlock_holder\"><\/div>\n<\/div>\n<\/div>\n<\/div>\n<\/div>\n<\/div>\n<\/div>\n<\/div>\n<\/div>\n<\/div>\n<\/div>\n<\/div>\n<\/div>\n<footer>\n<div class=\"td-post-source-tags\"><\/div>\n<div class=\"td-post-sharing td-post-sharing-bottom td-with-like\">\n<div class=\"td-default-sharing\"><\/div>\n<\/div>\n<\/footer>\n","protected":false},"excerpt":{"rendered":"<p>\u00a0\u00a0\u00a0\u00a0 Au Burkina Faso, le feuilleton judiciaire entre le groupe Bollor\u00e9 et la Sopam\u00a0SA \u2013 une soci\u00e9t\u00e9 de l\u2019homme d\u2019affaires burkinab\u00e8 Mohamed Sogli \u2013 continue. Ce dernier poursuit le groupe fran\u00e7ais pour des pr\u00e9judices subis lors du transport d\u2019un groupe \u00e9lectrique de la France au Burkina Faso. En 2010, le groupe Sopam\u00a0SA\u00a0confie le transport d\u2019un [&hellip;]<\/p>\n","protected":false},"author":2,"featured_media":9067,"comment_status":"closed","ping_status":"closed","sticky":false,"template":"","format":"standard","meta":{"footnotes":""},"categories":[1],"tags":[],"class_list":{"0":"post-9066","1":"post","2":"type-post","3":"status-publish","4":"format-standard","5":"has-post-thumbnail","7":"category-non-classe"},"_links":{"self":[{"href":"https:\/\/conakrynews.org\/index.php\/wp-json\/wp\/v2\/posts\/9066","targetHints":{"allow":["GET"]}}],"collection":[{"href":"https:\/\/conakrynews.org\/index.php\/wp-json\/wp\/v2\/posts"}],"about":[{"href":"https:\/\/conakrynews.org\/index.php\/wp-json\/wp\/v2\/types\/post"}],"author":[{"embeddable":true,"href":"https:\/\/conakrynews.org\/index.php\/wp-json\/wp\/v2\/users\/2"}],"replies":[{"embeddable":true,"href":"https:\/\/conakrynews.org\/index.php\/wp-json\/wp\/v2\/comments?post=9066"}],"version-history":[{"count":0,"href":"https:\/\/conakrynews.org\/index.php\/wp-json\/wp\/v2\/posts\/9066\/revisions"}],"wp:featuredmedia":[{"embeddable":true,"href":"https:\/\/conakrynews.org\/index.php\/wp-json\/wp\/v2\/media\/9067"}],"wp:attachment":[{"href":"https:\/\/conakrynews.org\/index.php\/wp-json\/wp\/v2\/media?parent=9066"}],"wp:term":[{"taxonomy":"category","embeddable":true,"href":"https:\/\/conakrynews.org\/index.php\/wp-json\/wp\/v2\/categories?post=9066"},{"taxonomy":"post_tag","embeddable":true,"href":"https:\/\/conakrynews.org\/index.php\/wp-json\/wp\/v2\/tags?post=9066"}],"curies":[{"name":"wp","href":"https:\/\/api.w.org\/{rel}","templated":true}]}}